{"id":297585,"date":"2026-01-09T00:26:12","date_gmt":"2026-01-09T00:26:12","guid":{"rendered":"https:\/\/www.europesays.com\/it\/297585\/"},"modified":"2026-01-09T00:26:12","modified_gmt":"2026-01-09T00:26:12","slug":"allegri-dopo-milan-genoa-dobbiamo-essere-piu-maturi-fortunati-sul-rigore","status":"publish","type":"post","link":"https:\/\/www.europesays.com\/it\/297585\/","title":{"rendered":"Allegri dopo Milan-Genoa: &#8220;Dobbiamo essere pi\u00f9 maturi. Fortunati sul rigore&#8221;"},"content":{"rendered":"<p>                                Max agrodolce: &#8220;Nel calcio raccogli quello che il risultato ti d\u00e0. Bisogna vedere il positivo. Nell&#8217;area avversaria per\u00f2 ci vuole pi\u00f9 pazienza&#8221;<\/p>\n<p>            <a class=\"image is-50x50\" href=\"https:\/\/www.gazzetta.it\/redazione\/luca-bianchin\/\" rel=\"nofollow noopener\" target=\"_blank\"><br \/>\n                <img decoding=\"async\" class=\"is-rounded\" src=\"https:\/\/www.europesays.com\/it\/wp-content\/uploads\/2025\/11\/luca_bianchin_avatar.png\" alt=\"Luca Bianchin\"\/><br \/>\n            <\/a><\/p>\n<p>Giornalista<\/p>\n<p>                    8 gennaio &#8211; 23:36  &#8211; MILANO<\/p>\n<p class=\"paragraph\" spellcheck=\"true\">Max Allegri ne ha viste tante ma una partita cos\u00ec matta \u00e8 capitata raramente anche a lui. Non per caso, Max alla fine \u00e8 un contrasto vivente: prima sorride ma parla in modo critico, poi si fa pi\u00f9 serio e dice di essere stato fortunato. Agrodolce. Il suo zoom \u00e8 sul finale, in una lettura come sempre molto personale: &#8220;Dobbiamo maturare perch\u00e9 in un campionato ci sono queste partite. Tu la riprendi al 91&#8242; e hai quattro minuti da giocare. A quel punto, devi avere pazienza, costruire una o due azioni importanti senza esporti a un contropiede che ci ha fatto rischiare di perdere la partita.\u00a0\u00c8 una lezione di maturit\u00e0 che dobbiamo apprendere, il nostro obiettivo \u00e8 arrivare nelle prime quattro e i punti sono molto importanti&#8221;.<\/p>\n<p>    allegri su milan-genoa\u2014 \u00a0<\/p>\n<p class=\"paragraph\" spellcheck=\"true\">L&#8217;analisi della partita \u00e8 chiara: &#8220;Nel calcio raccogli quello che il risultato ti d\u00e0, bisogna vedere il positivo &#8211; comincia Allegri -. Il primo tempo \u00e8 stato abbastanza difficoltoso, loro hanno corso molto, hanno marcato Modric e giocato uomo su uomo. Abbiamo subito due o tre situazioni per fare gol, poi abbiamo preso lo 0-1 e nel secondo tempo loro sono un po&#8217; calati&#8221;. Poi due critiche: &#8220;Dobbiamo migliorare nella lucidit\u00e0 di portare la palla vicino alla porta. E abbiamo avuto poca pazienza, le partite durano 100 minuti. Dopo l&#8217;1-0 siamo stati troppo frettolosi e la fretta non porta da nessuna parte. Se non fai gol, non devi prenderlo&#8230; e una volta che non prendi gol, alla lunga gli altri calano. Il vantaggio del Genoa? Bravo Colombo, Gabbia \u00e8 anche scivolato in quella situazione&#8221;.\u00a0<\/p>\n<p>    leao &#8220;non sta benissimo&#8221;\u2014 \u00a0<\/p>\n<p class=\"paragraph\" spellcheck=\"true\">Il finale \u00e8 per un commento su Leao (come sempre, Allegri sta con i giocatori) e sul rigore sbagliato da Stanciu: &#8220;Rafa ha avuto 2-3 situazioni in campo aperto dove poteva fare meglio, per\u00f2 non sta benissimo. Questa sera \u00e8 stato determinante come nelle altre partite e alla fine ha pareggiato. Quando siamo nella met\u00e0 campo avversaria, ci vuole un po&#8217; pi\u00f9 di pazienza. Alla fine, dispiace non aver vinto ma siamo stati fortunati per il rigore sbagliato. \u00c8 un punto importante. Vedremo a Firenze, sar\u00e0 molto difficile&#8221;. Senza Tomori, squalificato, c&#8217;\u00e8 una certezza: De Winter, se sta bene, gioca.<\/p>\n<p class=\"is-copyright\">\u00a9 RIPRODUZIONE RISERVATA<\/p>\n","protected":false},"excerpt":{"rendered":"Max agrodolce: &#8220;Nel calcio raccogli quello che il risultato ti d\u00e0. Bisogna vedere il positivo. Nell&#8217;area avversaria per\u00f2&hellip;\n","protected":false},"author":3,"featured_media":297586,"comment_status":"","ping_status":"","sticky":false,"template":"","format":"standard","meta":{"footnotes":""},"categories":[1452],"tags":[146850,3076,3304,174802,174803,3439,174804,174805,721,174806,174807,921,2878,174808,174809,7882,2149,1740,1976,1537,90,89,8007,3444,1290,4283,10280,3242,1739,245,244],"class_list":{"0":"post-297585","1":"post","2":"type-post","3":"status-publish","4":"format-standard","5":"has-post-thumbnail","7":"category-calcio","8":"tag-agrodolce","9":"tag-allegri","10":"tag-avversaria","11":"tag-avversaria-vuole","12":"tag-avversaria-vuole-pazienza","13":"tag-bisogna","14":"tag-bisogna-vedere","15":"tag-bisogna-vedere-positivo","16":"tag-calcio","17":"tag-calcio-raccogli","18":"tag-calcio-raccogli-risultato","19":"tag-campo","20":"tag-da","21":"tag-da-bisogna","22":"tag-da-bisogna-vedere","23":"tag-devi","24":"tag-dobbiamo","25":"tag-football","26":"tag-gol","27":"tag-it","28":"tag-italia","29":"tag-italy","30":"tag-leao","31":"tag-max","32":"tag-partita","33":"tag-partite","34":"tag-pazienza","35":"tag-rigore","36":"tag-soccer","37":"tag-sport","38":"tag-sports"},"share_on_mastodon":{"url":"https:\/\/pubeurope.com\/@it\/115862305721154608","error":""},"_links":{"self":[{"href":"https:\/\/www.europesays.com\/it\/wp-json\/wp\/v2\/posts\/297585","targetHints":{"allow":["GET"]}}],"collection":[{"href":"https:\/\/www.europesays.com\/it\/wp-json\/wp\/v2\/posts"}],"about":[{"href":"https:\/\/www.europesays.com\/it\/wp-json\/wp\/v2\/types\/post"}],"author":[{"embeddable":true,"href":"https:\/\/www.europesays.com\/it\/wp-json\/wp\/v2\/users\/3"}],"replies":[{"embeddable":true,"href":"https:\/\/www.europesays.com\/it\/wp-json\/wp\/v2\/comments?post=297585"}],"version-history":[{"count":0,"href":"https:\/\/www.europesays.com\/it\/wp-json\/wp\/v2\/posts\/297585\/revisions"}],"wp:featuredmedia":[{"embeddable":true,"href":"https:\/\/www.europesays.com\/it\/wp-json\/wp\/v2\/media\/297586"}],"wp:attachment":[{"href":"https:\/\/www.europesays.com\/it\/wp-json\/wp\/v2\/media?parent=297585"}],"wp:term":[{"taxonomy":"category","embeddable":true,"href":"https:\/\/www.europesays.com\/it\/wp-json\/wp\/v2\/categories?post=297585"},{"taxonomy":"post_tag","embeddable":true,"href":"https:\/\/www.europesays.com\/it\/wp-json\/wp\/v2\/tags?post=297585"}],"curies":[{"name":"wp","href":"https:\/\/api.w.org\/{rel}","templated":true}]}}