{"id":297696,"date":"2026-01-09T02:14:10","date_gmt":"2026-01-09T02:14:10","guid":{"rendered":"https:\/\/www.europesays.com\/it\/297696\/"},"modified":"2026-01-09T02:14:10","modified_gmt":"2026-01-09T02:14:10","slug":"racing-annunciato-valentin-carboni","status":"publish","type":"post","link":"https:\/\/www.europesays.com\/it\/297696\/","title":{"rendered":"Racing, annunciato Valentin Carboni"},"content":{"rendered":"<p>Il Racing Club de Avellaneda ha annunciato l&#8217;ingaggio di Valentin Carboni: il giovane attaccante arriva in prestito secco dall&#8217;Inter per un anno, dopo aver giocato la prima parte della stagione con la maglia del Genoa. &#8220;Quando Diego (Milito, ndr) mi ha contattato e mi ha fornito i dettagli del progetto, ho subito iniziato a pensare a tutto ci\u00f2 che pu\u00f2 accadere da ora in poi. Non resta che iniziare a lavorare con la squadra per dare a questo grande club tutto ci\u00f2 che \u00e8 alla mia portata e molto di pi\u00f9&#8221;, le sue parole.<\/p>\n","protected":false},"excerpt":{"rendered":"Il Racing Club de Avellaneda ha annunciato l&#8217;ingaggio di Valentin Carboni: il giovane attaccante arriva in prestito secco&hellip;\n","protected":false},"author":3,"featured_media":297697,"comment_status":"","ping_status":"","sticky":false,"template":"","format":"standard","meta":{"footnotes":""},"categories":[1452],"tags":[721,1740,1537,90,89,1739,245,244],"class_list":{"0":"post-297696","1":"post","2":"type-post","3":"status-publish","4":"format-standard","5":"has-post-thumbnail","7":"category-calcio","8":"tag-calcio","9":"tag-football","10":"tag-it","11":"tag-italia","12":"tag-italy","13":"tag-soccer","14":"tag-sport","15":"tag-sports"},"share_on_mastodon":{"url":"https:\/\/pubeurope.com\/@it\/115862730381466765","error":""},"_links":{"self":[{"href":"https:\/\/www.europesays.com\/it\/wp-json\/wp\/v2\/posts\/297696","targetHints":{"allow":["GET"]}}],"collection":[{"href":"https:\/\/www.europesays.com\/it\/wp-json\/wp\/v2\/posts"}],"about":[{"href":"https:\/\/www.europesays.com\/it\/wp-json\/wp\/v2\/types\/post"}],"author":[{"embeddable":true,"href":"https:\/\/www.europesays.com\/it\/wp-json\/wp\/v2\/users\/3"}],"replies":[{"embeddable":true,"href":"https:\/\/www.europesays.com\/it\/wp-json\/wp\/v2\/comments?post=297696"}],"version-history":[{"count":0,"href":"https:\/\/www.europesays.com\/it\/wp-json\/wp\/v2\/posts\/297696\/revisions"}],"wp:featuredmedia":[{"embeddable":true,"href":"https:\/\/www.europesays.com\/it\/wp-json\/wp\/v2\/media\/297697"}],"wp:attachment":[{"href":"https:\/\/www.europesays.com\/it\/wp-json\/wp\/v2\/media?parent=297696"}],"wp:term":[{"taxonomy":"category","embeddable":true,"href":"https:\/\/www.europesays.com\/it\/wp-json\/wp\/v2\/categories?post=297696"},{"taxonomy":"post_tag","embeddable":true,"href":"https:\/\/www.europesays.com\/it\/wp-json\/wp\/v2\/tags?post=297696"}],"curies":[{"name":"wp","href":"https:\/\/api.w.org\/{rel}","templated":true}]}}