{"id":298103,"date":"2026-01-09T09:26:11","date_gmt":"2026-01-09T09:26:11","guid":{"rendered":"https:\/\/www.europesays.com\/it\/298103\/"},"modified":"2026-01-09T09:26:11","modified_gmt":"2026-01-09T09:26:11","slug":"basket-a1-la-molisana-magnolia-altra-sfida-contro-derthona","status":"publish","type":"post","link":"https:\/\/www.europesays.com\/it\/298103\/","title":{"rendered":"Basket, A1, la Molisana Magnolia altra sfida contro Derthona"},"content":{"rendered":"<p>A meno di una settimana dall\u2019incrocio valevole per i quarti di finale di Coppa Italia, nello stesso impianto \u2013 la \u2018facility\u2019 della Cittadella dello Sport a Tortona \u2013 e contro la medesima antagonista, l\u2019ospitante Bcc Derthona dell\u2019ex Pallas Kunaiyi. Ma, al tempo stesso, con la forte volont\u00e0 di invertire quello che \u00e8 stato l\u2019esito dell\u2019appuntamento di domenica scorsa.<\/p>\n<p>Forte di un percorso esterno sinora sempre col sorriso e di una striscia aperta di due successi consecutivi, La Molisana Magnolia Campobasso torna a tuffarsi sul torneo di serie A1 di basket femminile in un turno \u2013 il quattordicesimo (e terzo di ritorno) \u2013 che vivr\u00e0 ben tre anticipi.<\/p>\n<p><b>SCALATA HIMALAIANA <\/b>Quello dei #fioridacciaio andr\u00e0 ad aprire la giornata e non sar\u00e0 per nulla semplice, come sa bene lo stesso coach delle rossobl\u00f9 Mimmo Sabatelli al di l\u00e0 delle serie statistiche.<\/p>\n<p>\u00abProveremo a centrare il risultato anche se sar\u00e0 difficile perch\u00e9 troviamo la squadra pi\u00f9 in vista del momento, capace sino a due minuti dall\u2019ultima sirena di creare delle difficolt\u00e0 a Schio nella finalissima di Coppa Italia ed arrivare ad un passo dalla possibilit\u00e0 di centrare il successo. Sin dalla vigilia della stagione erano annunciate tra le big, ma hanno dovuto fare i conti con qualche problematica. Poi, dall\u2019innesto di Fondren, hanno mutato totalmente il loro valore. Saranno sicuramente cariche e determinate e, pertanto, avremo di fronte a noi un esame intricato\u00bb.<\/p>\n<p><b>FASE DI AVVICINAMENTO <\/b>Al rientro dal Piemonte, sin da marted\u00ec il gruppo ha lavorato sodo all\u2019Arena, pur dovendo fare i conti con qualche piccolo acciacco di carattere fisico.<\/p>\n<p>\u00abAbbiamo cercato di sistemare alcuni aspetti, provando ad analizzare, principalmente, quegli aspetti non andati per il verso giusto nei primi due quarti della gara di Coppa. Con certezza, proveremo a non ripetere i medesimi errori. Di fronte avremo un\u2019avversaria molto profonda e forte in tutti i ruoli, che ha dimostrato sul parquet tutte le proprie indubbie qualit\u00e0\u00bb.<\/p>\n<p><b>STRADA MAESTRA <\/b>Con certezza, per Sabatelli, la chiave di volta del match sar\u00e0 legata all\u2019aspetto difensivo. \u00abSe vogliamo vincere non dovremo subire 48 punti nei primi due quarti, come avvenuto in Coppa Italia, e contemporaneamente cercare di fare la nostra partita in attacco\u00bb.<\/p>\n<p><b>ORGANICO IN DIVENIRE <\/b>Tra le magnolie ci sar\u00e0 una Laura Meldere che, dopo i primi minuti di rientro dall\u2019infortunio di domenica scorsa, ha potuto lavorare con maggiore costanza in settimana ed arriver\u00e0 con migliori sicurezze al match. \u00abDa lei mi aspetto un apporto pi\u00f9 sostanzioso\u00bb, conferma Sabatelli. Che, invece, circa il recupero alla causa di Silvia Pastrello, \u00e8 pronto ad aggiungere: \u00abSiamo in dirittura d\u2019arrivo, ma nella circostanza non sar\u00e0 della contesa\u00bb.<\/p>\n<p><b>DETTAGLI CONCORRENTI <\/b>Con palla a due prevista nel canonico slot orario delle 18 del secondo sabato del 2026, la gara sar\u00e0 trasmessa in esclusiva diretta streaming su Flima, la piattaforma pay della Lega Basket Femminile. A coordinare il traffico sul parquet una terna composta dal goriziano Nicholas Pellicani, dal capitolino Daniele Gai e dal triestino Gabriele Occhiuzzi.<\/p>\n","protected":false},"excerpt":{"rendered":"A meno di una settimana dall\u2019incrocio valevole per i quarti di finale di Coppa Italia, nello stesso impianto&hellip;\n","protected":false},"author":3,"featured_media":298104,"comment_status":"","ping_status":"","sticky":false,"template":"","format":"standard","meta":{"footnotes":""},"categories":[1453],"tags":[1756,1757,1537,90,89,245,244],"class_list":{"0":"post-298103","1":"post","2":"type-post","3":"status-publish","4":"format-standard","5":"has-post-thumbnail","7":"category-basket","8":"tag-basket","9":"tag-basketball","10":"tag-it","11":"tag-italia","12":"tag-italy","13":"tag-sport","14":"tag-sports"},"share_on_mastodon":{"url":"https:\/\/pubeurope.com\/@it\/115864429098493665","error":""},"_links":{"self":[{"href":"https:\/\/www.europesays.com\/it\/wp-json\/wp\/v2\/posts\/298103","targetHints":{"allow":["GET"]}}],"collection":[{"href":"https:\/\/www.europesays.com\/it\/wp-json\/wp\/v2\/posts"}],"about":[{"href":"https:\/\/www.europesays.com\/it\/wp-json\/wp\/v2\/types\/post"}],"author":[{"embeddable":true,"href":"https:\/\/www.europesays.com\/it\/wp-json\/wp\/v2\/users\/3"}],"replies":[{"embeddable":true,"href":"https:\/\/www.europesays.com\/it\/wp-json\/wp\/v2\/comments?post=298103"}],"version-history":[{"count":0,"href":"https:\/\/www.europesays.com\/it\/wp-json\/wp\/v2\/posts\/298103\/revisions"}],"wp:featuredmedia":[{"embeddable":true,"href":"https:\/\/www.europesays.com\/it\/wp-json\/wp\/v2\/media\/298104"}],"wp:attachment":[{"href":"https:\/\/www.europesays.com\/it\/wp-json\/wp\/v2\/media?parent=298103"}],"wp:term":[{"taxonomy":"category","embeddable":true,"href":"https:\/\/www.europesays.com\/it\/wp-json\/wp\/v2\/categories?post=298103"},{"taxonomy":"post_tag","embeddable":true,"href":"https:\/\/www.europesays.com\/it\/wp-json\/wp\/v2\/tags?post=298103"}],"curies":[{"name":"wp","href":"https:\/\/api.w.org\/{rel}","templated":true}]}}