{"id":298121,"date":"2026-01-09T09:36:10","date_gmt":"2026-01-09T09:36:10","guid":{"rendered":"https:\/\/www.europesays.com\/it\/298121\/"},"modified":"2026-01-09T09:36:10","modified_gmt":"2026-01-09T09:36:10","slug":"la-storia-di-fabrizio-corona-protagonista-della-docuserie-io-sono-notizia-da-oggi-su-netflix-lex-nina-moric-un-pagliaccio","status":"publish","type":"post","link":"https:\/\/www.europesays.com\/it\/298121\/","title":{"rendered":"La storia di Fabrizio Corona, protagonista della docuserie &#8216;Io sono notizia&#8217; da oggi su Netflix. L&#8217;ex Nina Moric: \u00abUn pagliaccio\u00bb"},"content":{"rendered":"<p>    di<br \/>\n    Rosanna Scardi<\/p>\n<p class=\"summary-art is-line-h-12\">Il ricatto a Trezeguet, la fuga in Portogallo, il carcere e le rivelazioni su Bova e Signorini. Nella docuserie compare anche Lele Mora, che raccont\u00f2 di aver avuto una relazione con Corona e di avergli comprato 8 auto e una casa<\/p>\n<p class=\"chapter-paragraph\">Arriva oggi, venerd\u00ec 9 gennaio, su Netflix, la docuserie <b>\u00abFabrizio Corona: io sono notizia\u00bb<\/b>. Cinque gli episodi<b>\u00a0<\/b>del documentario dedicato all\u2019(ex) re dei paparazzi\u00a0e tanti i volti noti che interverranno per raccontare <a href=\"https:\/\/milano.corriere.it\/notizie\/cronaca\/25_dicembre_23\/fabrizio-corona-l-interrogatorio-in-tribunale-a-milano-per-il-caso-signorini-certo-che-parlero-io-parlo-a-ruota-lo-sapete-e785befb-038f-4434-828b-e365a243cxlk.shtml\" rel=\"nofollow noopener\" target=\"_blank\">la vita privata e la carriera di Corona<\/a>\u00a0(tra loro l\u2019ex moglie Nina Moric che, in un frame del trailer, <b>lo definisce \u00abpagliaccio\u00bb). <\/b>Cinquantun anni, Corona \u00e8\u00a0da almeno venti protagonista della cronaca, prima soltanto\u00a0\u00abrosa\u00bb, poi soprattutto giudiziaria.<\/p>\n<p>    Chi \u00e8 Fabrizio Corona<\/p>\n<p class=\"chapter-paragraph\">Corona \u00e8 nato <b>a Catania il 29 marzo 1974<\/b> e ha due fratelli, Francesco e Federico. I genitori sono Vittorio Corona e Gabriella Previtera. Vittorio era figlio di Aurelio Corona, capocronista del quotidiano La Sicilia di Catania, e fratello del giornalista e conduttore Rai, Puccio Corona.\u00a0    &#13;<br \/>\n&#13;<br \/>\n&#13;<br \/>\n&#13;<br \/>\n&#13;<br \/>\n&#13;<br \/>\n&#13;<br \/>\n&#13;<br \/>\n&#13;<br \/>\n&#13;<br \/>\n&#13;<br \/>\n&#13;<br \/>\n&#13;<br \/>\n&#13;<br \/>\n&#13;<br \/>\n&#13;<br \/>\n&#13;<br \/>\n&#13;<br \/>\n&#13;<br \/>\n&#13;<br \/>\n&#13;<br \/>\n&#13;<br \/>\n&#13;<br \/>\n&#13;<br \/>\n&#13;<br \/>\n&#13;<br \/>\n&#13;<br \/>\n&#13;<br \/>\n&#13;<br \/>\n&#13;<br \/>\n&#13;<br \/>\n&#13;<br \/>\n&#13;<br \/>\n&#13;<br \/>\n&#13;<br \/>\n&#13;<br \/>\n&#13;<br \/>\n&#13;<br \/>\n&#13;<br \/>\n&#13;<br \/>\n&#13;<br \/>\n&#13;<br \/>\n&#13;<br \/>\n&#13;<br \/>\n&#13;<br \/>\n&#13;<br \/>\n&#13;<br \/>\n&#13;<br \/>\n&#13;<br \/>\n&#13;<br \/>\n&#13;<br \/>\n&#13;<br \/>\n&#13;\n<\/p>\n<p class=\"chapter-paragraph\">Laureato in Filosofia, <b>Vittorio entr\u00f2 alla Rizzoli, lavor\u00f2 per <\/b><b>Novella<\/b> 2000 e divenne vicedirettore del settimanale Annabella. Dopo un breve rientro in Sicilia a Telecolor, torn\u00f2 a Milano e divenne vicedirettore di Amica prima di passare in Rai dal 1983. <b>Nel 1991 venne assunto da Emilio Fede come vicedirettore di Studio Aperto<\/b><b>.<\/b>\u00a0<\/p>\n<p class=\"chapter-paragraph\">A proposito del padre, Fabrizio raccontava, nel 2023, a \u00abDomenica in\u00bb: \u00abEra molto diverso da me. Dovunque vado non sento una persona che non dica: <b>\u201cTuo padre era un grande, tuo padre era un uomo incorruttibile, era il migliore\u201d.<\/b> Di me dicono le cose opposte. Abbiamo due cose che ci uniscono: la creativit\u00e0 e la genialit\u00e0\u00bb.<\/p>\n<p>    L&#8217;incontro con Lele Mora<\/p>\n<p class=\"chapter-paragraph\">Se il padre Vittorio cercava la verit\u00e0, <b>Fabrizio voleva il business<\/b>, al fianco del manager dei vip Lele Mora (presente anche lui nella docuserie di Netflix), che ha<b> incontrato la prima volta nel 1997<\/b>: \u00abTre giorni dopo esserci conosciuti &#8211; ha raccontato lo stesso Corona &#8211; mi mette in un programma tv, in cui guadagno un sacco di soldi\u00bb.\u00a0<\/p>\n<p class=\"chapter-paragraph\">Davanti ai pm di Milano Mora, sentito come indagato nell&#8217;ambito dell&#8217;inchiesta sul crac dell&#8217;agenzia Corona\u2019s, dichiar\u00f2: \u00abEbbi una relazione con Fabrizio Corona,<b> spesi per lui circa due milioni di euro <\/b>nel periodo 2004-2006\u00bb. Mora ha anche raccontato che nel 2005 iniziarono \u00abi grandi litigi tra Corona e la Moric, avendo lei scoperto l\u2019esistenza della relazione del marito con me, cosa che io avevo sempre negato e che poi \u00e8 emersa durante l\u2019indagine di Vallettopoli. In quel periodo spesso <b>Corona veniva buttato fuori di casa e mi chiedeva ospitalit\u00e0.<\/b> Io gli avevo consigliato di prendersi una casa per suo conto. Gli avevo anche detto che l\u2019avrei aiutato sul piano economico. Come in effetti \u00e8 stato\u00bb.\u00a0<\/p>\n<p class=\"chapter-paragraph\">A Corona, Lele Mora dichiar\u00f2 di aver comprato \u00abotto autovetture a partire da una Audi Cabriolet per arrivare alla Bentley Continental. <b>Anche l\u2019appartamento<\/b> &#8211; aggiunse il manager &#8211; in via de Cristoforis a Milano gliel\u2019ho comprato io, o meglio ho rifornito Corona di circa un milione 500 mila euro in contanti\u00bb.<\/p>\n<p>    Il paparazzo senza macchina fotografica<\/p>\n<p class=\"chapter-paragraph\">Fabrizio aveva fondato l\u2019agenzia fotografica Corona\u2019s nel 2001. Divenuto presto molto popolare, viene ribattezzato <b>il \u00abre dei paparazzi\u00bb<\/b> (nonostante abbia pi\u00f9 volte affermato di non aver mai scattato una foto).\u00a0<\/p>\n<p class=\"chapter-paragraph\">Nel 2009 partecipa al reality di Canale 5 \u00abLa fattoria\u00bb (ma viene eliminato alla terza puntata e il programma sar\u00e0 cancellato dai palinsesti) e prende parte al film-documentario di Erik Gandini \u00abVideocracy &#8211; Basta apparire\u00bb: Corona interviene in qualit\u00e0 di \u00ab<b>personaggio paradigmatico della videocrazia e della perdita dei valori sociali\u00bb<\/b>.\u00a0<\/p>\n<p class=\"chapter-paragraph\">Un anno dopo appare nella fiction <b>\u00abSquadra antimafia &#8211; Palermo oggi\u00bb<\/b> interpretando un killer mafioso.<\/p>\n<p>    L&#8217;arresto e la fuga in Portogallo<\/p>\n<p class=\"chapter-paragraph\">La vita (e la celebrit\u00e0) di Corona \u00e8 stata segnata da diversi procedimenti giudiziari. Nel 2013 suscit\u00f2 clamore la sua<a href=\"https:\/\/milano.corriere.it\/notizie\/cronaca\/13_gennaio_23\/fabrizio-corona-tappe-fuga-latitanza-2113674548604.shtml\" rel=\"nofollow noopener\" target=\"_blank\"> fuga terminata in Portogallo<\/a>, dopo aver attraversato in auto Francia e Spagna, quando era diventata definitiva <b>la condanna a 5 anni di reclusione per il \u00abfoto-ricatto\u00bb<\/b> ai danni del calciatore francese David Trezeguet.\u00a0<\/p>\n<p class=\"chapter-paragraph\">La Cassazione convalid\u00f2 la sentenza della Corte d\u2019Appello di Torino del 16 gennaio 2012 che aveva inasprito la condanna di primo grado (3 anni e 4 mesi). I reati contestati a Corona erano <b>estorsione aggravata e trattamento illecito di dati<\/b>. La vicenda giudiziaria, prima di passare per competenza dalla magistratura di Torino, era venuta a galla nell\u2019ambito dell\u2019inchiesta del pm John Woodcock, la famosissima \u00abVallettopoli\u00bb.\u00a0<\/p>\n<p class=\"chapter-paragraph\"><b>L\u2019episodio di Trezeguet risale alla primavera del 2006. <\/b>Dopo una partita vinta con la Juventus, il centravanti si rec\u00f2 a Milano per festeggiare in alcuni locali. <b>Qui avvicin\u00f2 una ragazza e la segu\u00ec a casa sua, ignaro di essere pedinato<\/b> da uno dei fotografi dell\u2019agenzia di Corona, che gli scatt\u00f2 25 immagini all\u2019entrata dell\u2019appartamento e altre 21 all\u2019uscita, la mattina dopo. Fu poi Corona a contattarlo proponendogli uno \u00abscambio\u00bb.\u00a0<\/p>\n<p>    Carcere, domiciliari, terapia (e ritorno in libert\u00e0)<\/p>\n<p class=\"chapter-paragraph\">Fabrizio Corona <a href=\"https:\/\/milano.corriere.it\/notizie\/cronaca\/23_settembre_23\/fabrizio-corona-torna-libero-dopo-10-anni-ora-vado-a-parigi-non-mi-hanno-mai-ingabbiato-davvero-continuero-a-fare-soldi-c0eb599c-2e9e-4a91-a016-9a0470691xlk.shtml\" rel=\"nofollow noopener\" target=\"_blank\">\u00e8 tornato libero il 23 settembre del 2023<\/a>, dopo oltre dieci anni passati tra carcere, domiciliari e affidamento terapeutico in comunit\u00e0 per curare le sue dipendenze, per un cumulo di pene conseguenti ai reati di estorsione, corruzione, frode fiscale e bancarotta.<b> \u00abMi hanno buttato in galera sei volte, ma sono ancora qui<\/b>, non mi hanno fatto niente\u00bb, ha affermato Corona.\u00a0<\/p>\n<p class=\"chapter-paragraph\">\u00abLa prima vera inchiesta mi ha tolto tutto e ha tolto tanto al mondo del gossip, quei giornali hanno chiuso o vanno malissimo. <b>Io mi sono dovuto reinventare, creando un personaggio<\/b> e andando contro il sistema e l\u2019ho pagata, ma questo mi ha permesso di avere 20 dipendenti, <b>portare lavoro a tante persone, essere un grande imprenditore<\/b>, mentre chi faceva parte di quel mondo, in primis Lele Mora, \u00e8 finito\u00bb.<\/p>\n<p>    La vita privata<\/p>\n<p class=\"chapter-paragraph\"><b\/>Dalla modella croata<b> Nina Moric<\/b>, Corona ha avuto <a href=\"https:\/\/www.corriere.it\/cronache\/23_febbraio_13\/nina-moric-figlio-carlos-maria-corona-91f072dc-aae4-11ed-a0ed-8f1430cfd08a.shtml\" rel=\"nofollow noopener\" target=\"_blank\">il figlio Carlos Maria<\/a>, 23 anni. Dal 2009 al 2012 ha avuto una relazione con la showgirl e modella argentina <b>Bel\u00e9n Rodr\u00edguez<\/b>, e dal 2015 al 2018 ha frequentato <b>Silvia Provvedi<\/b>, del duo Donatella. Oggi \u00e8 fidanzato con la modella <b>Sara Barbieri<\/b>, che ha 27 anni meno di lui, da cui ha avuto <a href=\"https:\/\/milano.corriere.it\/notizie\/cronaca\/24_dicembre_21\/sara-barbieri-e-fabrizio-corona-diventano-genitori-nato-il-figlio-thiago-b30e8000-2b84-4802-815c-335646947xlk.shtml\" rel=\"nofollow noopener\" target=\"_blank\">un altro figlio, Thiago<\/a>, nato a dicembre 2024.<\/p>\n<p>    \u00abFalsisissimo\u00bb, Fedez e Raoul Bova\u00a0<\/p>\n<p class=\"chapter-paragraph\">Nel 2024 lancia <b>\u00abFalsissimo\u00bb, il suo nuovo programma su YouTube<\/b>. E anche questa volta non mancano le conseguenze legali.\u00a0\u00c8 stato Corona a divulgare <a href=\"https:\/\/www.corriere.it\/cronache\/25_luglio_29\/marti-ceretti-dede-monzino-i-figli-della-riccanza-e-quella-milano-che-non-c-e-piu-9f0b9003-a32a-446e-b30a-933f8892exlk.shtml\" rel=\"nofollow noopener\" target=\"_blank\">i contenuti scambiati sul cellulare tra Raoul Bova e Martina Ceretti<\/a>, ottenuti da Federico Monzino, per cui l\u2019Autorit\u00e0 per la protezione dei dati personali ha accolto la richiesta presentata dagli avvocati di Bova, l\u2019ex suocera dell\u2019attore Annamaria Bernardini de Pace e David Leggi, chiedendone il divieto di riproduzione e divulgazione.<\/p>\n<p class=\"chapter-paragraph\">Sempre Corona aveva diffuso <a href=\"https:\/\/www.corriere.it\/cronache\/25_gennaio_31\/fedez-ferragni-achille-lauro-angelica-montini-corona-sanremo-e6d03727-aa28-46bd-bd75-dac8932e9xlk.shtml\" rel=\"nofollow noopener\" target=\"_blank\">gli audio tra Fedez e Angelica Montini<\/a>, stilista e imprenditrice milanese, protagonista di una presunta relazione extraconiugale con <b>il rapper di Rozzano<\/b> (il rapper aveva chiesto l&#8217;ammonimento del questore di Milano nei confronti di Corona per\u00a0<a href=\"https:\/\/milano.corriere.it\/notizie\/cronaca\/25_marzo_16\/fedez-fa-ammonire-corona-dal-questore-di-milano-atti-persecutori-e-falsi-scoop-contro-di-me-per-lucrarci-soffro-di-ansia-e-vivo-5073fc07-8145-44ff-827b-06a001d69xlk.shtml\" title=\"Fedez chiede l&#039;ammonizione di Corona al Questore di Milano: \" rel=\"nofollow noopener\" target=\"_blank\">\u00a0\u00abatti persecutori\u00bb<\/a>).<\/p>\n<p>    La denuncia di Selvaggia Lucarelli<\/p>\n<p class=\"chapter-paragraph\">A gennaio 2024, risale, invece, la denuncia sporta <b>da Selvaggia Lucarelli nei confronti di Corona per diffamazione.<\/b> \u00abCorona aveva iniziato ad apostrofarla con parole irripetibili \u2013 aveva dichiarato al Corriere\u00a0<a href=\"https:\/\/milano.corriere.it\/notizie\/cronaca\/25_marzo_22\/barbara-indovina-avvocata-di-selvaggia-lucarelli-riceve-messaggi-di-morte-ogni-giorno-temo-per-la-sua-incolumita-cae3b7d2-1ce0-4d61-8796-e3974b600xlk.shtml\" rel=\"nofollow noopener\" target=\"_blank\">la sua legale, Barbara Indovina<\/a> -. Da allora, in poco pi\u00f9 di un anno, Selvaggia ha ricevuto centinaia di messaggi da persone (spesso giovanissimi)<b> che la apostrofano con quelle stesse parole<\/b> attraverso messaggi, video tra le risate, in tutti i canali social: postare il dileggio \u00e8 diventato lecito, questi contenuti di odio sono diventati virali. Negli ultimi tre giorni sono arrivate le minacce di morte\u00bb.\u00a0<\/p>\n<p class=\"chapter-paragraph\"><b>In totale le denunce sono otto.<\/b> \u00abLe indagini sono in corso \u2013 aveva aggiunto l\u2019avvocata Indovina -. Se il dileggio e il disprezzo diventano un\u2019ossessione e una pratica quotidiana accompagnata da minacce, a mio parere e anche per la Giurisprudenza, si tratta di stalking\u00bb.<\/p>\n<p>    Il caso Signorini<\/p>\n<p class=\"chapter-paragraph\">Da ultimo, a poche settimane dall&#8217;uscita della serie di Netflix, Corona ha puntato (pubblicamente) il dito <a href=\"https:\/\/milano.corriere.it\/notizie\/cronaca\/25_dicembre_23\/fabrizio-corona-l-interrogatorio-in-tribunale-a-milano-per-il-caso-signorini-certo-che-parlero-io-parlo-a-ruota-lo-sapete-e785befb-038f-4434-828b-e365a243cxlk.shtml\" rel=\"nofollow noopener\" target=\"_blank\">contro Alfonso Signorini<\/a>, direttore editoriale di \u00abChi\u00bb ed ex conduttore del \u00abGrande Fratello\u00bb, accusandolo di gestire in modo non professionale le selezioni dei concorrenti del reality show: <b>\u00abSe non vai a letto con lui non entri al Grande Fratello\u00bb<\/b>, ha affermato Corona, prima di entrare pi\u00f9 nei dettagli di quello che ha definito come il \u00absistema Signorini\u00bb, individuando in flirt e presunti rapporti sessuali <b>\u00abIl prezzo del successo\u00bb, titolo, appunto, della puntata di \u00abFalsissimo\u00bb<\/b>.\u00a0<\/p>\n<p class=\"chapter-paragraph\">Le rivelazioni di Corona fanno riferimento alle accuse del modello e tiktoker napoletano <a href=\"https:\/\/milano.corriere.it\/notizie\/cronaca\/25_dicembre_31\/antonio-medugno-l-accusatore-di-signorini-messaggi-e-avances-a-casa-sua-ma-ho-dormito-in-un-altra-stanza-la-bufera-mediatica-ci-a8dc132c-7e29-423a-94e7-7b24fd2d5xlk.shtml\" rel=\"nofollow noopener\" target=\"_blank\">Antonio Medugno<\/a>, classe 1998, lanciato in tv da \u00abUomini e donne\u00bb di Maria De Filippi, per poi arrivare, tre anni dopo, al \u00abGrande Fratello Vip\u00bb. <b>Signorini oggi \u00e8 indagato per estorsione e violenza sessuale dalla Procura di Milano<\/b>   a seguito della querela presentata da Medugno e si \u00e8 autosospeso da Mediaset. <b>Anche Corona, ancora una volta, \u00e8 indagato<\/b>, dopo la denuncia presentata dallo stesso Signorini, con l&#8217;accusa di revenge porn. Gli avvocati del conduttore, Daniela Missaglia e Domenico Aiello, hanno intimato ai giganti del web e ai social di <a href=\"https:\/\/milano.corriere.it\/notizie\/cronaca\/26_gennaio_03\/signorini-avvocati-falsissimo-foto-corona-ff3485e9-fddd-4d11-901b-ea8cd08e6xlk.shtml\" rel=\"nofollow noopener\" target=\"_blank\">bloccare e oscurare le ricostruzioni di Corona<\/a>:\u00a0\u00abSono illegittime e infangano la sua reputazione\u00bb.<\/p>\n<p class=\"is-mr-t-20 is-mr-b-20\"><b><br \/>\n                    <a href=\"https:\/\/milano.corriere.it\/?intcmp=Notizielocali_nd_010623_corriere_ss_milano\" target=\"_blank\" rel=\"nofollow noopener\">Vai a tutte le notizie di Milano<\/a><br \/>\n            <\/b><\/p>\n<p class=\"chapter-paragraph\"><b><a href=\"https:\/\/www.corriere.it\/newsletter\/?theme=41&amp;intcmp=IIIcolonna_NL_CorMilano\" target=\"_blank\" rel=\"nofollow noopener\">Iscriviti alla newsletter di Corriere Milano<\/a><\/b><\/p>\n<p class=\"is-last-update\" datetime=\"2026-01-09T08:38:27+01:00\">9 gennaio 2026<\/p>\n<p class=\"is-copyright\">\n            \u00a9 RIPRODUZIONE RISERVATA\n        <\/p>\n","protected":false},"excerpt":{"rendered":"di Rosanna Scardi Il ricatto a Trezeguet, la fuga in Portogallo, il carcere e le rivelazioni su Bova&hellip;\n","protected":false},"author":3,"featured_media":298122,"comment_status":"","ping_status":"","sticky":false,"template":"","format":"standard","meta":{"footnotes":"","_share_on_mastodon":"0"},"categories":[174],"tags":[797,175103,763,175104,1017,83110,6656,36,2765,2550,11962,28838,874,162726,3753,4718,805,15948,4539,175105,13583,11973,122,728,12418,277,821,124201,155053,2945,175106,11599,7053,13568,203,14901,724,12732,375,12738,7217,466,2716,228,60390,3688,2242,147320,2614,2995,51,2782,155054,204,1537,90,89,51451,155049,34348,2947,1259,155792,8797,28,21560,10897,74672,155056,2737,3166,42219,61625,4509,3608,166538,28776,4979,3485,1667,2379,2439,17294,6729,20836,897,655,8202,2301,2848,1399,376,2399,2516,155050,19432,2470,1234,14900,20039,37184,39604,35988,5991,130747,97528,103163,10023],"class_list":["post-298121","post","type-post","status-publish","format-standard","has-post-thumbnail","category-intrattenimento","tag-affermato","tag-affermato-corona","tag-agenzia","tag-agenzia-corona","tag-ambito","tag-ambito-inchiesta","tag-appartamento","tag-arrivare","tag-auto","tag-avvocati","tag-bova","tag-buttato","tag-carcere","tag-carcere-domiciliari","tag-catania","tag-comprato","tag-condanna","tag-conduttore","tag-confronti","tag-confronti-corona","tag-contenuti","tag-corona","tag-cose","tag-dati","tag-david","tag-de","tag-denuncia","tag-dichiaro","tag-dileggio","tag-divenne","tag-divenne-vicedirettore","tag-documentario","tag-docuserie","tag-domiciliari","tag-entertainment","tag-estorsione","tag-euro","tag-fabrizio","tag-fabrizio-corona","tag-falsissimo","tag-federico","tag-fedez","tag-figlio","tag-foto","tag-fotografica","tag-fratello","tag-fuga","tag-fuga-portogallo","tag-gennaio","tag-giudiziaria","tag-inchiesta","tag-indagato","tag-indovina","tag-intrattenimento","tag-it","tag-italia","tag-italy","tag-lele","tag-lele-mora","tag-lucarelli","tag-manager","tag-maria","tag-medugno","tag-messaggi","tag-milano","tag-minacce","tag-modella","tag-mora","tag-moric","tag-nato","tag-netflix","tag-nina","tag-nina-moric","tag-notizia","tag-padre","tag-pagliaccio","tag-paparazzi","tag-parole","tag-passare","tag-periodo","tag-personaggio","tag-pm","tag-portogallo","tag-presentata","tag-privata","tag-programma","tag-protagonista","tag-puntata","tag-raccontato","tag-rai","tag-raoul","tag-raoul-bova","tag-rapper","tag-re","tag-re-paparazzi","tag-reality","tag-reati","tag-relazione","tag-ricatto","tag-risale","tag-rivelazioni","tag-selvaggia","tag-selvaggia-lucarelli","tag-sicilia","tag-signorini","tag-trezeguet","tag-vicedirettore","tag-vittorio"],"share_on_mastodon":{"url":"","error":"Validation failed: Text character limit of 500 exceeded"},"_links":{"self":[{"href":"https:\/\/www.europesays.com\/it\/wp-json\/wp\/v2\/posts\/298121","targetHints":{"allow":["GET"]}}],"collection":[{"href":"https:\/\/www.europesays.com\/it\/wp-json\/wp\/v2\/posts"}],"about":[{"href":"https:\/\/www.europesays.com\/it\/wp-json\/wp\/v2\/types\/post"}],"author":[{"embeddable":true,"href":"https:\/\/www.europesays.com\/it\/wp-json\/wp\/v2\/users\/3"}],"replies":[{"embeddable":true,"href":"https:\/\/www.europesays.com\/it\/wp-json\/wp\/v2\/comments?post=298121"}],"version-history":[{"count":0,"href":"https:\/\/www.europesays.com\/it\/wp-json\/wp\/v2\/posts\/298121\/revisions"}],"wp:featuredmedia":[{"embeddable":true,"href":"https:\/\/www.europesays.com\/it\/wp-json\/wp\/v2\/media\/298122"}],"wp:attachment":[{"href":"https:\/\/www.europesays.com\/it\/wp-json\/wp\/v2\/media?parent=298121"}],"wp:term":[{"taxonomy":"category","embeddable":true,"href":"https:\/\/www.europesays.com\/it\/wp-json\/wp\/v2\/categories?post=298121"},{"taxonomy":"post_tag","embeddable":true,"href":"https:\/\/www.europesays.com\/it\/wp-json\/wp\/v2\/tags?post=298121"}],"curies":[{"name":"wp","href":"https:\/\/api.w.org\/{rel}","templated":true}]}}