{"id":298144,"date":"2026-01-09T09:58:11","date_gmt":"2026-01-09T09:58:11","guid":{"rendered":"https:\/\/www.europesays.com\/it\/298144\/"},"modified":"2026-01-09T09:58:11","modified_gmt":"2026-01-09T09:58:11","slug":"the-pitt-torna-con-la-terza-attesissima-stagione","status":"publish","type":"post","link":"https:\/\/www.europesays.com\/it\/298144\/","title":{"rendered":"The Pitt torna con la terza, attesissima stagione"},"content":{"rendered":"<p>Avevamo quasi perso le speranze di ritrovare quella TV &#8220;di una volta&#8221;, quella fatta bene, che non ti costringe ad aspettare tre anni per vedere otto episodi. E invece arriva <strong>The Pitt<\/strong>, ci schiaffeggia con una regia adrenalinica e ancor prima di archiviare la seconda stagione <strong>incassa il rinnovo per la terza<\/strong>.<\/p>\n<p>Il CEO di HBO, Casey Bloys, lo ha urlato ai quattro venti dal DGA Theater di Los Angeles: il pronto soccorso di Pittsburgh raddoppia. Anzi, triplica. Il segreto? La vera TV, bellezza<\/p>\n<p>Mentre tutti cercano di inventarsi la &#8220;serie evento&#8221; dell&#8217;anno, John Wells e R. Scott Gemmill hanno fatto la <strong>mossa pi\u00f9 punk possibile<\/strong>, ovvero riportare in auge il caro vecchio medical drama. Ma con un twist che tiene incollati alla sedia. La struttura \u00e8 geniale nella sua semplicit\u00e0: 15 episodi per 15 ore di un singolo turno. Un&#8217;ora di show equivale a un&#8217;ora di vita vera tra le corsie, le barelle, le emergenze e i caff\u00e8 (imbevibili).<\/p>\n<p>Bloys lo ha spiegato chiaramente. The Pitt costa il giusto, si gira quasi tutto in un unico set e, incredibile ma vero, riesce a uscire ogni anno. Quel tipo di <strong>efficienza produttiva che avevamo dimenticato<\/strong>, ma di cui sentivamo un bisogno disperato.<br \/>\n            <img decoding=\"async\" class=\"rounded-2xl rounded-tl-none w-full \" loading=\"lazy\" src=\"https:\/\/www.europesays.com\/it\/wp-content\/uploads\/2026\/01\/eyJidWNrZXQiOiJyZWFsbHliYWQiLCJrZXkiOiJtZWRpYS1saWJyYXJ5XC80MDAxMTRcL3RoZS1waXR0LTA4MDEyMDI2LWJhZHRh.jpeg\"  \/><br \/>\n                Copyright by production studio and\/or distributor<\/p>\n<p>C&#8217;era il rischio dell&#8217;effetto nostalgia, lo sappiamo. Vedere Noah Wyle di nuovo in ospedale dopo ER poteva sembrare &#8220;un&#8217;operazione simpatia&#8221; per i fan, invece il suo Dr. Wyle (il lapsus \u00e8 d&#8217;obbligo) \u00e8 un <strong>personaggio, amaro, stanco, maledettamente umano<\/strong> e premiato pure con un Emmy. Non \u00e8 il dottore-supereroe che spesso ci viene propinato, ma uno che cerca di arrivare a fine turno senza impazzire.<\/p>\n<p>Il cast intorno a lui \u00e8 una macchina da guerra. Da Katherine LaNasa a Shawn Hatosy fino alla new entry Sepideh Moafi, l&#8217;alchimia \u00e8 tale che dopo tre episodi ti sembra di conoscerli da una vita. Non a caso la serie sta facendo incetta di premi e nomination. Dai DGA ai SAG Awards, sembra che a Hollywood non si parli d&#8217;altro.<\/p>\n<p>The Pitt funziona s\u00ec, perch\u00e9 <strong>\u00e8 onesto<\/strong>. Non cerca di essere un trattato di filosofia, piuttosto un <strong>racconto sporco e veloce sulla sanit\u00e0 di oggi<\/strong>. La seconda stagione ha scaldato i motori (con un tempismo perfetto, visto l&#8217;annuncio del rinnovo) ma noi gi\u00e0 ci chiediamo cosa succeder\u00e0 durante il prossimo turno infernale.<\/p>\n<p>La verit\u00e0 \u00e8 che ci mancava un appuntamento fisso, una serie capace di prenderci per la gola ogni settimana e di farci sentire parte di quella frenesia. Se il futuro della tv sta (anche) nel tornare a Pittsburgh una volta all&#8217;anno allora metteteci pure in lista d&#8217;attesa. Noi non ci muoviamo da qui.<\/p>\n<p>Foto copertina: Copyright by production studio and\/or distributor<\/p>\n","protected":false},"excerpt":{"rendered":"Avevamo quasi perso le speranze di ritrovare quella TV &#8220;di una volta&#8221;, quella fatta bene, che non ti&hellip;\n","protected":false},"author":3,"featured_media":298145,"comment_status":"","ping_status":"","sticky":false,"template":"","format":"standard","meta":{"footnotes":""},"categories":[1444],"tags":[203,204,1537,90,89,253],"class_list":{"0":"post-298144","1":"post","2":"type-post","3":"status-publish","4":"format-standard","5":"has-post-thumbnail","7":"category-tv","8":"tag-entertainment","9":"tag-intrattenimento","10":"tag-it","11":"tag-italia","12":"tag-italy","13":"tag-tv"},"share_on_mastodon":{"url":"https:\/\/pubeurope.com\/@it\/115864554952409193","error":""},"_links":{"self":[{"href":"https:\/\/www.europesays.com\/it\/wp-json\/wp\/v2\/posts\/298144","targetHints":{"allow":["GET"]}}],"collection":[{"href":"https:\/\/www.europesays.com\/it\/wp-json\/wp\/v2\/posts"}],"about":[{"href":"https:\/\/www.europesays.com\/it\/wp-json\/wp\/v2\/types\/post"}],"author":[{"embeddable":true,"href":"https:\/\/www.europesays.com\/it\/wp-json\/wp\/v2\/users\/3"}],"replies":[{"embeddable":true,"href":"https:\/\/www.europesays.com\/it\/wp-json\/wp\/v2\/comments?post=298144"}],"version-history":[{"count":0,"href":"https:\/\/www.europesays.com\/it\/wp-json\/wp\/v2\/posts\/298144\/revisions"}],"wp:featuredmedia":[{"embeddable":true,"href":"https:\/\/www.europesays.com\/it\/wp-json\/wp\/v2\/media\/298145"}],"wp:attachment":[{"href":"https:\/\/www.europesays.com\/it\/wp-json\/wp\/v2\/media?parent=298144"}],"wp:term":[{"taxonomy":"category","embeddable":true,"href":"https:\/\/www.europesays.com\/it\/wp-json\/wp\/v2\/categories?post=298144"},{"taxonomy":"post_tag","embeddable":true,"href":"https:\/\/www.europesays.com\/it\/wp-json\/wp\/v2\/tags?post=298144"}],"curies":[{"name":"wp","href":"https:\/\/api.w.org\/{rel}","templated":true}]}}