{"id":298184,"date":"2026-01-09T10:28:16","date_gmt":"2026-01-09T10:28:16","guid":{"rendered":"https:\/\/www.europesays.com\/it\/298184\/"},"modified":"2026-01-09T10:28:16","modified_gmt":"2026-01-09T10:28:16","slug":"gianluca-zambrotta-intervista-le-mie-gambe-nuove-il-como-dei-vip-laustralia","status":"publish","type":"post","link":"https:\/\/www.europesays.com\/it\/298184\/","title":{"rendered":"Gianluca Zambrotta intervista: &#8220;Le mie gambe nuove, il Como dei vip, l&#8217;Australia&#8221;"},"content":{"rendered":"<p>                                L\u2019ex azzurro: &#8220;Vi racconto l&#8217;intervento chirurgico. Avrei giocato in Australia, il calcio ha bisogno di eventi simili. Lavoro in Figc a un progetto per lo sviluppo dei giovani&#8221;<\/p>\n<p>            <a class=\"image is-50x50\" href=\"https:\/\/www.gazzetta.it\/redazione\/giulio-saetta\/\" rel=\"nofollow noopener\" target=\"_blank\"><br \/>\n                <img decoding=\"async\" class=\"is-rounded\" src=\"https:\/\/www.europesays.com\/it\/wp-content\/uploads\/2025\/11\/giulio_saetta_avatar.png\" alt=\"Giulio Saetta\"\/><br \/>\n            <\/a><\/p>\n<p>Giornalista<\/p>\n<p>                    9 gennaio 2026 (modifica alle 11:22)  &#8211; MILANO<\/p>\n<p class=\"paragraph\" spellcheck=\"true\">Ha vinto Mondiali e scudetti, giocato finali di Champions, in campo. Fuori, ha ricoperto ruoli altrettanto prestigiosi: allenatore, presidente onorario, consigliere federale, perfino ambasciatore del calcio. Una chiacchierata con Gianluca Zambrotta pu\u00f2 quasi mettere in difficolt\u00e0 per la variet\u00e0 e il peso degli argomenti.\u00a0<\/p>\n<p class=\"paragraph\" spellcheck=\"true\"><b>Berlino 2006&#8230; Soffre per l\u2019Italia che soffre?\u00a0<\/b><\/p>\n<p class=\"paragraph\" spellcheck=\"true\">&#8220;Farebbe troppo male vedere la Nazionale saltare il terzo Mondiale di fila. Ci auguriamo tutti che a marzo Gattuso ci porti in America, peraltro l\u2019edizione che celebra i vent\u2019anni dell\u2019ultimo trionfo&#8221;.\u00a0<\/p>\n<p class=\"paragraph\" spellcheck=\"true\"><b>\u00c8 ancora aperta la chat dei campioni del mondo? <\/b>&#8220;Assolutamente s\u00ec, sempre presente e attiva&#8221;.\u00a0<\/p>\n<p class=\"paragraph\" spellcheck=\"true\"><b>\u00c8 un campionato avvincente. Le sue squadre del cuore stanno andando benone.\u00a0<\/b><\/p>\n<p class=\"paragraph\" spellcheck=\"true\">&#8220;Il Milan ha la possibilit\u00e0 di lavorare in maniera pi\u00f9 tranquilla senza le coppe. Allegri sta facendo molto bene e lotter\u00e0 per lo scudetto. Ma sar\u00e0 dura perch\u00e9 l\u2019Inter, soprattutto, e il Napoli sono molto molto agguerriti. La Juve ha ritrovato un po\u2019 la quadra, \u00e8 comunque l\u00ec&#8230; Spalletti \u00e8 un grande allenatore che se pu\u00f2 lavorare quotidianamente sui giocatori \u00e8 in grado di iniziare un ciclo vincente&#8221;.\u00a0<\/p>\n<p class=\"paragraph\" spellcheck=\"true\"><b>E il Como che \u00e8 forse la pi\u00f9 sua di tutte?\u00a0<\/b><\/p>\n<p class=\"paragraph\" spellcheck=\"true\">&#8220;Gi\u00e0 l\u2019anno scorso aveva fatto un risultato straordinario arrivando decimo. Oggi il percorso va oltre le aspettative. Chi a questo punto della stagione pensava che potesse stare l\u00ec a giocarsela con le big, a pochi punti dalla Champions? Viste le prestazioni delle ultime giornate \u2014 ero al Sinigaglia contro l\u2019Udinese \u2014, si nota una squadra serena e anche cinica, che riesce a fare gol e non subirne. Merita di stare l\u00ec dov\u2019\u00e8&#8221;.\u00a0<\/p>\n<p class=\"paragraph\" spellcheck=\"true\"><b>All\u2019inizio in citt\u00e0 c\u2019era scetticismo su Fabregas. Ora la gente lo adora? Cosa le piace pi\u00f9 di lui?\u00a0<\/b><\/p>\n<p class=\"paragraph\" spellcheck=\"true\">&#8220;Cesc veniva dalla Primavera, \u00e8 normale&#8230; Da grande giocatore quale \u00e8 stato, ha una marcia in pi\u00f9, soprattutto per il ruolo che faceva. I centrocampisti sono gi\u00e0 un po\u2019 allenatori in campo e poi lui ha una grande personalit\u00e0. Mi piace la sua idea di calcio, come si pone, il suo spirito, il fatto che riesce sempre a dare motivazioni forti e positive&#8221;.<\/p>\n<p class=\"paragraph\" spellcheck=\"true\"><b>Oltre a Nico Paz che ha fatto vedere tutto e di cui si \u00e8 detto tutto, chi altri l\u2019ha colpita?\u00a0<\/b><\/p>\n<p class=\"paragraph\" spellcheck=\"true\">&#8220;C\u2019\u00e8 davvero l\u2019imbarazzo della scelta. Partendo dalla difesa, il portiere Butez che con la palla fra i piedi sembra un vecchio libero, e i due centrali Ramon e Kempf, solidi e affidabili. A centrocampo Perrone, Da Cunha e Caqueret non hanno mai paura di prendersi dei rischi. E davanti Douvikas sta facendo un lavoro straordinario&#8221;.\u00a0<\/p>\n<p class=\"paragraph\" spellcheck=\"true\"><b>Fabregas di recente ha detto che la squadra ha maturato il &#8220;gusto di difendere&#8221;.\u00a0<\/b><\/p>\n<p class=\"paragraph\" spellcheck=\"true\">&#8220;Importantissimo. E anche facile quando hai in media oltre il 70 per cento di possesso palla&#8230; Miglior difesa della Serie A, un dato fondamentale se vuoi stare lass\u00f9&#8221;.\u00a0<\/p>\n<p class=\"paragraph\" spellcheck=\"true\"><b>L\u2019unica nota un po\u2019 stonata, l\u2019assenza di italiani. Un minuto giocato da Goldaniga in campionato&#8230;\u00a0<\/b><\/p>\n<p class=\"paragraph\" spellcheck=\"true\">&#8220;Fabregas ne \u00e8 consapevole, se ne rammarica e ci sta lavorando. Come me, che sono italiano e in Federazione mi sto occupando di un nuovo progetto per sviluppare il calcio giovanile. Ma non \u00e8 solo un problema del Como, la maggior parte delle squadre, anche i top club forse tranne l\u2019Inter, nell\u2019undici titolare schierano massimo due-tre italiani. Speriamo che le cose migliorino perch\u00e9 la Nazionale, come si \u00e8 detto, ne ha estremo bisogno&#8221;.\u00a0<\/p>\n<p class=\"paragraph\" spellcheck=\"true\"><b>Lei che \u00e8 attivo sul territorio, \u00e8 contento di come si muove il club al di l\u00e0 dell\u2019aspetto puramente calcistico?\u00a0<\/b><\/p>\n<p class=\"paragraph\" spellcheck=\"true\">&#8220;La propriet\u00e0, che ho conosciuto fin dall\u2019inizio quando \u00e8 partita dalla Serie D, \u00e8 seria, ha investito tanto ed \u00e8 molto presente sul territorio col concetto di comunit\u00e0. Porta avanti molti progetti, anche a scopo benefico, si sta muovendo per la citt\u00e0 con il nuovo stadio, ha comprato, costruito e finito un centro sportivo e sta lavorando allo sviluppo del settore giovanile maschile e femminile. C\u2019\u00e8 una visione a 360 gradi&#8221;.\u00a0<\/p>\n<p class=\"paragraph\" spellcheck=\"true\"><b>E i divi di Hollywood che si vedono al Sinigaglia?\u00a0<\/b><\/p>\n<p class=\"paragraph\" spellcheck=\"true\">&#8220;\u00c8 divertente&#8230; Una cosa che hanno sposato negli ultimi tempi. Prima che arrivasse questa propriet\u00e0, Como era gi\u00e0 famosa per i divi americani, il precursore \u00e8 stato George Clooney. Il club \u00e8 stato bravo a creare un progetto di intrattenimento basato su questa aura di notoriet\u00e0 internazionale&#8221;.\u00a0<\/p>\n<p class=\"paragraph\" spellcheck=\"true\"><b>\u00c8 sollevato che Milan-Como non si giochi in Australia?\u00a0<\/b><\/p>\n<p class=\"paragraph\" spellcheck=\"true\">&#8220;No, ero assolutamente d\u2019accordo. Questa possibilit\u00e0 oggigiorno \u00e8 un modo per poter promuovere il nostro campionato che in questo momento \u00e8 un po\u2019 in difficolt\u00e0 e ha bisogno di essere pi\u00f9 presente all\u2019estero. Tra gli anni Novanta e Duemila non c\u2019era questa necessit\u00e0, la Serie A si vendeva da sola. Ora che fa fatica, \u00e8 giusto creare eventi ad hoc, una o due volte all\u2019anno, che aumentino la visibilit\u00e0 sul mercato&#8221;.\u00a0<\/p>\n<p class=\"paragraph\" spellcheck=\"true\"><b>Oggi il calcio quanta parte occupa della sua vita?\u00a0<\/b><\/p>\n<p class=\"paragraph\" spellcheck=\"true\">&#8220;Tanta. E anche il padel abbastanza, ho aperto un centro a Como, dove vivo. Ho una scuola calcio da pi\u00f9 di dieci anni, sono ambasciatore della Serie A e della Liga in giro per l\u2019Europa e per il mondo e   sto lavorando a un progetto della Figc per lo sviluppo del calcio giovanile in Italia per quanto riguarda le attivit\u00e0 di base&#8221;.\u00a0<\/p>\n<p class=\"paragraph\" spellcheck=\"true\"><b>Ultima cosa, la pi\u00f9 importante. Come sta dopo l\u2019operazione?\u00a0<\/b><\/p>\n<p class=\"paragraph\" spellcheck=\"true\">&#8220;Bene bene. Mi sono operato il 19 novembre all\u2019ospedale Rizzoli di Bologna dal professor Zaffagnini e la sua \u00e9quipe. Ho subito un\u2019osteotomia doppio livello valgizzante di tibia e femore con infiltrazione di cellule staminali da concentrato midollare. In pratica, la gamba sinistra, quella pi\u00f9 arcuata, \u00e8 stata raddrizzata&#8221;.\u00a0<\/p>\n<p>        <img decoding=\"async\" loading=\"lazy\" alt=\"FLORENCE, ITALY - MAY 30:  Gian Luca Zambrotta of Italy in action during the international friendly between Italy and Belgium at the Artemio Franchi Stadium on May 30, 2008 in Florence, Italy.  (Photo by Mark Thompson\/Getty Images)\" src=\"https:\/\/dimages2.gazzettaobjects.it\/files\/image_640_384_h\/uploads\/2026\/01\/09\/6960d6a26587e.jpeg\" data-full-src=\"https:\/\/www.europesays.com\/it\/wp-content\/uploads\/2026\/01\/6960d6a26587e.jpeg\"\/><\/p>\n<p class=\"paragraph\" spellcheck=\"true\"><b>Ha ripreso a camminare?\u00a0<\/b><\/p>\n<p class=\"paragraph\" spellcheck=\"true\">&#8220;S\u00ec certo. \u00c8 stato un intervento pesante ma per fortuna \u00e8 andato tutto bene. Dopo l\u2019estate sicuramente dovr\u00f2 fare anche l\u2019altra gamba. Ma sta proseguendo tutto secondo i piani. Sono molto contento&#8221;.\u00a0<\/p>\n<p class=\"is-copyright\">\u00a9 RIPRODUZIONE RISERVATA<\/p>\n","protected":false},"excerpt":{"rendered":"L\u2019ex azzurro: &#8220;Vi racconto l&#8217;intervento chirurgico. Avrei giocato in Australia, il calcio ha bisogno di eventi simili. Lavoro&hellip;\n","protected":false},"author":3,"featured_media":298185,"comment_status":"","ping_status":"","sticky":false,"template":"","format":"standard","meta":{"footnotes":""},"categories":[176],"tags":[579,175146,175147,79978,1960,913,2940,11965,3631,37,721,84589,1856,921,104,1969,554,3705,4972,2665,767,5376,55633,626,4975,23067,10010,2267,14446,12524,1302,350,327,1537,90,627,89,6087,3776,1914,553,852,3171,4958,7901,492,2851,14154,3207,1821,2434,48511,111537,337,245,244,1857,10976,112509,2183,175144,1414,3002,440,2959,175145],"class_list":{"0":"post-298184","1":"post","2":"type-post","3":"status-publish","4":"format-standard","5":"has-post-thumbnail","7":"category-sport","8":"tag-accordo","9":"tag-accordo-possibilita","10":"tag-accordo-possibilita-oggigiorno","11":"tag-adora","12":"tag-allenatore","13":"tag-ambasciatore","14":"tag-andato","15":"tag-assolutamente","16":"tag-australia","17":"tag-bisogno","18":"tag-calcio","19":"tag-calcio-giovanile","20":"tag-campionato","21":"tag-campo","22":"tag-centro","23":"tag-champions","24":"tag-club","25":"tag-como","26":"tag-contento","27":"tag-creare","28":"tag-difesa","29":"tag-difficolta","30":"tag-divi","31":"tag-eventi","32":"tag-fabregas","33":"tag-figc","34":"tag-gamba","35":"tag-giocato","36":"tag-giovanile","37":"tag-hollywood","38":"tag-inizio","39":"tag-inter","40":"tag-intervento","41":"tag-it","42":"tag-italia","43":"tag-italiani","44":"tag-italy","45":"tag-lavorando","46":"tag-lavorare","47":"tag-li","48":"tag-milan","49":"tag-nota","50":"tag-palla","51":"tag-piace","52":"tag-possibilita","53":"tag-presente","54":"tag-progetto","55":"tag-proprieta","56":"tag-riesce","57":"tag-serie","58":"tag-si","59":"tag-sinigaglia","60":"tag-soffre","61":"tag-soprattutto","62":"tag-sport","63":"tag-sports","64":"tag-squadra","65":"tag-squadre","66":"tag-staminali","67":"tag-stare","68":"tag-stare-li","69":"tag-straordinario","70":"tag-sviluppo","71":"tag-territorio","72":"tag-vedere","73":"tag-zambrotta"},"share_on_mastodon":{"url":"","error":"Validation failed: Text character limit of 500 exceeded"},"_links":{"self":[{"href":"https:\/\/www.europesays.com\/it\/wp-json\/wp\/v2\/posts\/298184","targetHints":{"allow":["GET"]}}],"collection":[{"href":"https:\/\/www.europesays.com\/it\/wp-json\/wp\/v2\/posts"}],"about":[{"href":"https:\/\/www.europesays.com\/it\/wp-json\/wp\/v2\/types\/post"}],"author":[{"embeddable":true,"href":"https:\/\/www.europesays.com\/it\/wp-json\/wp\/v2\/users\/3"}],"replies":[{"embeddable":true,"href":"https:\/\/www.europesays.com\/it\/wp-json\/wp\/v2\/comments?post=298184"}],"version-history":[{"count":0,"href":"https:\/\/www.europesays.com\/it\/wp-json\/wp\/v2\/posts\/298184\/revisions"}],"wp:featuredmedia":[{"embeddable":true,"href":"https:\/\/www.europesays.com\/it\/wp-json\/wp\/v2\/media\/298185"}],"wp:attachment":[{"href":"https:\/\/www.europesays.com\/it\/wp-json\/wp\/v2\/media?parent=298184"}],"wp:term":[{"taxonomy":"category","embeddable":true,"href":"https:\/\/www.europesays.com\/it\/wp-json\/wp\/v2\/categories?post=298184"},{"taxonomy":"post_tag","embeddable":true,"href":"https:\/\/www.europesays.com\/it\/wp-json\/wp\/v2\/tags?post=298184"}],"curies":[{"name":"wp","href":"https:\/\/api.w.org\/{rel}","templated":true}]}}