{"id":298257,"date":"2026-01-09T11:28:09","date_gmt":"2026-01-09T11:28:09","guid":{"rendered":"https:\/\/www.europesays.com\/it\/298257\/"},"modified":"2026-01-09T11:28:09","modified_gmt":"2026-01-09T11:28:09","slug":"famiglia-nel-bosco-il-padre-i-miei-figli-pieni-dansia-sono-diventati-litigiosi-rifaremmo-la-stessa-scelta","status":"publish","type":"post","link":"https:\/\/www.europesays.com\/it\/298257\/","title":{"rendered":"Famiglia nel bosco, il padre: \u00abI miei figli pieni d&#8217;ansia sono diventati litigiosi. Rifaremmo la stessa scelta\u00bb"},"content":{"rendered":"<p>    di<br \/>\n    Ilaria Sacchettoni<\/p>\n<p class=\"summary-art is-line-h-12\">Parla Nathan Trevallion, 51 anni, cittadino britannico, padre della famiglia nel bosco: \u00abNon abbiamo fatto nulla di male e speriamo di poter tornare a vivere felicemente con i nostri bambini\u00bb<\/p>\n<p class=\"chapter-paragraph\">Interrompe il silenzio stampa degli ultimi mesi <b><a href=\"https:\/\/roma.corriere.it\/notizie\/cronaca\/25_dicembre_25\/famiglia-bosco-visita-lampo-nathan-trevallion-754d4d08-6fd0-4263-bd75-6116b534axlk.shtml\" title=\"Famiglia nel bosco, la visita-lampo di Nathan Trevallion ai figli per Natale. La coppia \u00abnon teme l&#039;indagine degli psicologi\u00bb. E Salvini attacca: \u00abContro di loro violenza gratuita\u00bb\" rel=\"nofollow noopener\" target=\"_blank\">Nathan Trevallion<\/a>, il pap\u00e0 di Palmoli<\/b> (Chieti) che ha perduto la <a href=\"https:\/\/roma.corriere.it\/notizie\/cronaca\/25_dicembre_27\/famiglia-nel-bosco-come-hanno-trascorso-il-natale-ora-un-super-psichiatra-per-ribaltare-il-caso-16263a9a-d326-43d7-876d-ed3db1fe3xlk.shtml\" title=\"Famiglia nel bosco, come hanno trascorso il Natale. Ora il superpsichiatra Tonino Cantelmi per ribaltare il caso\" rel=\"nofollow noopener\" target=\"_blank\">potest\u00e0 genitoriale<\/a> per decisione del Tribunale dell\u2019Aquila, lo scorso novembre. Parla di affetto, responsabilit\u00e0, valori (non negoziabili) verso i quali i suoi tre figli erano stati fin qui accompagnati.\u00a0<\/p>\n<p class=\"chapter-paragraph\">E, in una intervista alla Stampa, li descrive, al presente, pieni di <b>rabbia<\/b>, <b>distruttivi<\/b>, <b>ansiosi<\/b>. Dice: \u00abE\u2019 subentrata la loro incapacit\u00e0 di concentrarsi, sono in uno stato di costante <b>agitazione e di ansia. A volte litigano fra loro cosa che prima non facevano<\/b>. Sono spesso arrabbiati l\u2019un l\u2019altro e quando arriva per me il momento di andare via cercano di fare qualcos\u2019altro come se volessero sfuggire a ci\u00f2 che provano\u2026 \u00e8 come se volessero dirmi di non capire <b>perch\u00e9 il loro pap\u00e0 deve tornare a casa da solo<\/b> e lasciarli l\u00ec\u00bb.\u00a0    &#13;<br \/>\n&#13;<br \/>\n&#13;<br \/>\n&#13;<br \/>\n&#13;<br \/>\n&#13;<br \/>\n&#13;<br \/>\n&#13;<br \/>\n&#13;<br \/>\n&#13;<br \/>\n&#13;<br \/>\n&#13;<br \/>\n&#13;<br \/>\n&#13;<br \/>\n&#13;<br \/>\n&#13;<br \/>\n&#13;<br \/>\n&#13;<br \/>\n&#13;<br \/>\n&#13;<br \/>\n&#13;<br \/>\n&#13;<br \/>\n&#13;<br \/>\n&#13;<br \/>\n&#13;<br \/>\n&#13;<br \/>\n&#13;<br \/>\n&#13;<br \/>\n&#13;<br \/>\n&#13;<br \/>\n&#13;<br \/>\n&#13;<br \/>\n&#13;<br \/>\n&#13;<br \/>\n&#13;<br \/>\n&#13;<br \/>\n&#13;<br \/>\n&#13;<br \/>\n&#13;<br \/>\n&#13;<br \/>\n&#13;<br \/>\n&#13;<br \/>\n&#13;<br \/>\n&#13;<br \/>\n&#13;<br \/>\n&#13;<br \/>\n&#13;<br \/>\n&#13;<br \/>\n&#13;<br \/>\n&#13;<br \/>\n&#13;<br \/>\n&#13;<br \/>\n&#13;\n<\/p>\n<p class=\"chapter-paragraph\">Molto dello <b>stato d\u2019animo<\/b> che oggi appartiene a questi bimbi era gi\u00e0 trapelato sui giornali nei giorni scorsi (tanto da sollevare <b>l\u2019irritazione della garante dei diritti dei minori <\/b>locale) ma qui nelle parole di Nathan Trevallion si pu\u00f2 leggere la fotografia attuale della situazione. E di una incomprensione reciproca fra servizi sociali e famiglia neorurale. Prosegue ancora Nathan: \u00abQuando li lascio uno di loro a volte <b>rompe le cose che ama<\/b> di pi\u00f9, litiga con i fratelli, anche con la sorella gemella a cui \u00e8 molto legato\u2026\u00bb.\u00a0<\/p>\n<p class=\"chapter-paragraph\">Sono meccanismi che appaiono inequivocabili allo psichiatra nominato consulente di parte (<b><a href=\"https:\/\/roma.corriere.it\/notizie\/cronaca\/26_gennaio_05\/famiglia-bosco-psichiatra-cantelmi-piccoli-si-colpevolizzano-perizia-tribunale-23-gennaio-0eca2cef-f76b-449c-a498-92bd6ebc6xlk.shtml\" title=\"La famiglia nel bosco e lo psichiatra Cantelmi: \u00abI piccoli si colpevolizzano per la separazione dai genitori\u00bb. Al via, il 23 gennaio, la perizia del Tribunale\" rel=\"nofollow noopener\" target=\"_blank\">Tonino Cantelmi<\/a><\/b>) per assisterli nel percorso di <b>approfondimento psicodiagnostico <\/b>stabilito dai giudici e che inizier\u00e0 il prossimo 23 gennaio. Nathan risponde anche alla domanda affiorata spesso negli ultimi tempi: <b>perch\u00e9 mai questo silenzio stampa? <\/b>Dice di essere stato frainteso pi\u00f9 volte: \u00abLa nostra \u00e8 una condizione di vita molto comune negli ambienti rurali, nella vita di tante famiglie e in ogni parte del mondo. Non siamo i soli, fortunatamente, <b>ad avere sposato una certa filosofia di vita<\/b> che rifiuta il consumo delle risorse della terra senza mai porsi delle domande su dove stia andando il mondo e cosa \u00e8 pi\u00f9 giusto fare per i propri figli. <b>Non siamo sempre stati capiti.<\/b> Le nostre parole sono spesso state male interpretate\u00bb.\u00a0<\/p>\n<p class=\"chapter-paragraph\">Manca nell\u2019intervista qualcosa che pi\u00f9 concretamente impegner\u00e0 i Trevallion nei prossimi giorni. Ossia le <a href=\"https:\/\/roma.corriere.it\/notizie\/cronaca\/25_dicembre_24\/famiglia-nel-bosco-il-papa-dopo-il-no-del-tribunale-andiamo-avanti-il-pianto-della-mamma-non-si-esclude-il-ritorno-in-australia-62113e76-8fb2-4eaf-982e-41073fd4exlk.shtml\" title=\"Palmoli, Nathan dopo il no del tribunale al ricongiungimento con i figli: \u00abAndiamo avanti\u00bb. Il pianto della mamma: non si esclude il ritorno della famiglia nel bosco in Australia\" rel=\"nofollow noopener\" target=\"_blank\">prescrizioni<\/a> stabilite dai giudici perch\u00e9 i bambini possano <b>ricongiungersi<\/b>. I temi relativi alla loro istruzione, alla abitazione (una casetta di pietra e mattoni da ristrutturare, bisognosa perfino di modifiche agli infissi) e alla salute sono tutti argomenti sottolineati dai magistrati come urgenti.\u00a0<\/p>\n<p class=\"chapter-paragraph\">Qui Cantelmi spiega di aver dato il via (assieme agli avvocati Femminella e Solinas) a un <b>dialogo <\/b>con i servizi sociali. Ad esempio vi sarebbe disponibilit\u00e0 al completamento del <b>ciclo vaccinale<\/b> dei bimbi. La conclusione di Trevallion \u00e8 tuttavia molto tranchant: \u00abQuanto a ci\u00f2 che ci viene contestato per la vita nel bosco credo ancora che io e mia moglie <b>abbiamo fatto la scelta giusta nel crescere i nostri figli nel modo pi\u00f9 sano<\/b> e naturale possibile. E\u2019 stato provato scientificamente che la nostra scelta di vita ha indubbi benefici per la crescita e lo sviluppo mentale dei bambini\u00bb.<\/p>\n<p class=\"is-mr-t-20 is-mr-b-20\"><b><br \/>\n                    <a href=\"https:\/\/roma.corriere.it\/?intcmp=Notizielocali_nd_010623_corriere_ss_roma\" target=\"_blank\" rel=\"nofollow noopener\">Vai a tutte le notizie di Roma<\/a><br \/>\n            <\/b><\/p>\n<p class=\"chapter-paragraph\"><b><a href=\"https:\/\/www.corriere.it\/newsletter\/?theme=52&amp;intcmp=NL-artic_nd_050624_corriere_ss_roma\" target=\"_blank\" rel=\"nofollow noopener\">Iscriviti alla newsletter di Corriere Roma<\/a><\/b><\/p>\n<p class=\"is-last-update\" datetime=\"2026-01-09T10:03:33+01:00\">9 gennaio 2026<\/p>\n<p class=\"is-copyright\">\n            \u00a9 RIPRODUZIONE RISERVATA\n        <\/p>\n","protected":false},"excerpt":{"rendered":"di Ilaria Sacchettoni Parla Nathan Trevallion, 51 anni, cittadino britannico, padre della famiglia nel bosco: \u00abNon abbiamo fatto&hellip;\n","protected":false},"author":3,"featured_media":298258,"comment_status":"","ping_status":"","sticky":false,"template":"","format":"standard","meta":{"footnotes":""},"categories":[79],"tags":[2268,175244,175245,1391,788,47041,38650,164513,483,14,93,94,1909,135797,2731,2431,1282,1537,90,89,21900,148541,7,15,3608,690,2463,4979,3966,1360,1324,58658,835,117799,40256,408,1899,137857,11,84,91,12,85,92,338,175243],"class_list":{"0":"post-298257","1":"post","2":"type-post","3":"status-publish","4":"format-standard","5":"has-post-thumbnail","7":"category-italia","8":"tag-abitazione","9":"tag-abitazione-casetta","10":"tag-abitazione-casetta-pietra","11":"tag-ansia","12":"tag-bambini","13":"tag-bimbi","14":"tag-bosco","15":"tag-cantelmi","16":"tag-cio","17":"tag-cronaca","18":"tag-cronaca-italiana","19":"tag-cronacaitaliana","20":"tag-famiglia","21":"tag-famiglia-bosco","22":"tag-figli","23":"tag-giudici","24":"tag-intervista","25":"tag-it","26":"tag-italia","27":"tag-italy","28":"tag-nathan","29":"tag-nathan-trevallion","30":"tag-news","31":"tag-notizie","32":"tag-padre","33":"tag-papa","34":"tag-parla","35":"tag-parole","36":"tag-pieni","37":"tag-scelta","38":"tag-servizi","39":"tag-servizi-sociali","40":"tag-silenzio","41":"tag-silenzio-stampa","42":"tag-sociali","43":"tag-stampa","44":"tag-tornare","45":"tag-trevallion","46":"tag-ultime-notizie","47":"tag-ultime-notizie-e-news-di-oggi","48":"tag-ultime-notizie-italia","49":"tag-ultimenotizie","50":"tag-ultimenotizieenewsdioggi","51":"tag-ultimenotizieitalia","52":"tag-ultimi","53":"tag-volessero"},"share_on_mastodon":{"url":"","error":"Validation failed: Text character limit of 500 exceeded"},"_links":{"self":[{"href":"https:\/\/www.europesays.com\/it\/wp-json\/wp\/v2\/posts\/298257","targetHints":{"allow":["GET"]}}],"collection":[{"href":"https:\/\/www.europesays.com\/it\/wp-json\/wp\/v2\/posts"}],"about":[{"href":"https:\/\/www.europesays.com\/it\/wp-json\/wp\/v2\/types\/post"}],"author":[{"embeddable":true,"href":"https:\/\/www.europesays.com\/it\/wp-json\/wp\/v2\/users\/3"}],"replies":[{"embeddable":true,"href":"https:\/\/www.europesays.com\/it\/wp-json\/wp\/v2\/comments?post=298257"}],"version-history":[{"count":0,"href":"https:\/\/www.europesays.com\/it\/wp-json\/wp\/v2\/posts\/298257\/revisions"}],"wp:featuredmedia":[{"embeddable":true,"href":"https:\/\/www.europesays.com\/it\/wp-json\/wp\/v2\/media\/298258"}],"wp:attachment":[{"href":"https:\/\/www.europesays.com\/it\/wp-json\/wp\/v2\/media?parent=298257"}],"wp:term":[{"taxonomy":"category","embeddable":true,"href":"https:\/\/www.europesays.com\/it\/wp-json\/wp\/v2\/categories?post=298257"},{"taxonomy":"post_tag","embeddable":true,"href":"https:\/\/www.europesays.com\/it\/wp-json\/wp\/v2\/tags?post=298257"}],"curies":[{"name":"wp","href":"https:\/\/api.w.org\/{rel}","templated":true}]}}