{"id":298492,"date":"2026-01-09T14:51:10","date_gmt":"2026-01-09T14:51:10","guid":{"rendered":"https:\/\/www.europesays.com\/it\/298492\/"},"modified":"2026-01-09T14:51:10","modified_gmt":"2026-01-09T14:51:10","slug":"news-neres-nkunku-wesley-soule-bailey-kelly-conceicao-gatti-scamacca-luperto-e-dubbio-zaniolo","status":"publish","type":"post","link":"https:\/\/www.europesays.com\/it\/298492\/","title":{"rendered":"NEWS \u2013 Neres, Nkunku, Wesley, Soul\u00e9, Bailey, Kelly, Conceicao, Gatti, Scamacca, Luperto e dubbio Zaniolo"},"content":{"rendered":"<p><strong>INTER<\/strong> &#8211; <strong>Buone notizie per Darmian e Diouf, meno buone per Frattesi<\/strong>. Dopo il colpaccio di Parma, l\u2019Inter ieri ha ripreso ad allenarsi alla Pinetina per cominciare a preparare il big match di domenica sera contro il Napoli. Ecco il punto del Corriere dello Sport: &#8220;Si sono allenati parzialmente in gruppo sia Darmian sia Diouf e in particolar modo per il primo si tratta di rivedere la luce in fondo al tunnel, visto che non scende in campo da fine settembre per un fastidioso problema al polpaccio. Ovviamente il suo rientro sar\u00e0 graduale, in attesa di ritrovare la condizione migliore e dare un\u2019alternativa in pi\u00f9 a Chivu sul versante destro. Sia l\u2019italiano sia il francese sperano di essere nella lista dei convocati per la sfida contro i partenopei mentre sembra tagliato fuori Frattesi, che anche ieri si \u00e8 allenato a parte e avr\u00e0 bisogno ancora di un po&#8217; di tempo&#8221;. In campo andr\u00e0 la miglior Inter:<strong> atteso il ritorno di Thuram accanto a Lautaro, a centrocampo torner\u00e0 Barella e in difesa Bastoni<\/strong>.<\/p>\n<p><strong>NAPOLI<\/strong> &#8211; <strong>David Neres s\u00ec o no contro l\u2019Inter?<\/strong> Ecco le ultimissime su infortunati e scelte di casa Napoli, dal Corriere dello Sport. \u201cNeres a San Siro <strong>non \u00e8 ancora una certezza, ma \u00e8 una possibilit\u00e0<\/strong>. Il Napoli che si appresta a cominciare la preparazione dello scontro scudetto di domenica con l\u2019Inter, da oggi inizier\u00e0 a valutare con maggiore realismo anche le possibilit\u00e0 di poter recuperare il suo uomo immagine dell\u2019ultimo periodo. Qualche cambio anche con l\u2019Inter ci sar\u00e0. Lo aveva gi\u00e0 annunciato Conte dopo la vittoria con la Lazio a Roma con un discorso ampio relativo a gennaio. L\u2019allenatore del Napoli, infatti, si preparava a vivere il tour de force ancora nel pieno dell\u2019emergenza e dunque, per questo, sar\u00e0 fondamentale preservare le energie di chi \u00e8 a disposizione ruotando l\u2019organico a seconda delle necessit\u00e0. Domenica, ad esempio, <strong>si rivedranno a sinistra Juan Jesus in difesa al posto di Buongiorno e Spinazzola come quarto di centrocampo<\/strong> nel ruolo che mercoled\u00ec col Verona aveva ricoperto Gutierrez. Se ne sapr\u00e0 di pi\u00f9 oggi alla ripresa di formazione e scelte. <strong>La lista degli indisponibili, d\u2019altronde, \u00e8 ancora lunga e comprende Anguissa, Gilmour, De Bruyne, Lukaku. Da valutare Beukema e Vergara<\/strong>. Torner\u00e0 disponibile Mazzocchi dopo la squalifica scontata contro il Verona per il rosso rimediato all\u2019Olimpico\u201d, si legge.<\/p>\n<p><strong>MILAN<\/strong> &#8211; Le ultimissime su Nkunku e non solo: ecco le novit\u00e0 della Gazzetta dello Sport verso la prossima sfida del Milan contro la Fiorentina. &#8220;Domenica il posto dell\u2019inglese sar\u00e0 preso da De Winter che si posizioner\u00e0 sul centro-destra e completer\u00e0 la linea composta da Gabbia e Pavlovic. <strong>A Firenze dovrebbe invece esserci Nkunku che \u00e8 fuori dalla gara contro il Verona per un pestone a un piede<\/strong>. Ha saltato le prime due sfide del 2026 con il Cagliari e il Genoa, ma se oggi si allener\u00e0 con pi\u00f9 intensit\u00e0 e domani sosterr\u00e0 la rifinitura con i compagni, Allegri lo porter\u00e0 in panchina al Franchi. Anche perch\u00e9 l\u00e0 davanti Leao ieri ha giocato tutta la gara nonostante non sia al top della condizione, mentre Gimenez \u00e8 stato operato alla caviglia destra e dovr\u00e0 star fuori fino a marzo&#8221;, si legge.<\/p>\n<p><strong>ROMA<\/strong> &#8211; Le ultimissime da Trigoria sui singoli di casa Roma in vista della prossima gara con il Sassuolo. Come sottolinea Il Tempo, \u201c<strong>l\u2019ultimo a essere stato colpito dall\u2019influenza \u00e8 Wesley<\/strong>, che ieri non ha preso parte all\u2019allenamento. \u00c8 invece guarito Rensch che ha lavorato in palestra. <strong>Allenamento a parte per Pellegrini, Bailey e Baldanzi<\/strong>. Come da programma,<strong> Soul\u00e9 ha svolto lavoro personalizzato<\/strong>. Solo terapie per Dovbyk e Gollini, alle prese con il recupero dalle rispettive lesioni alla coscia\u201d, si legge. Oggi se ne sapr\u00e0 di pi\u00f9 su Wesley.<\/p>\n<p><strong>JUVE<\/strong> &#8211; Chi torna e chi no in casa Juventus per la sfida contro la Cremonese: ecco le novit\u00e0 dalla Gazzetta dello Sport. Ieri Spalletti ha concesso un giorno di riposo alla squadra. <strong>Kelly<\/strong> e <strong>Conceicao<\/strong>, assenti per infortunio col Sassuolo, si sono allenati comunque alla Continassa: l\u2019inglese rientrer\u00e0 luned\u00ec con la Cremonese, mentre il portoghese rischia di posticipare il ritorno a Cagliari, dove \u00e8 atteso anche Federico <strong>Gatti<\/strong>&#8220;, si legge. Questi dunque gli obiettivi per i tre giocatori bianconeri.<\/p>\n<p><strong>ATALANTA<\/strong> &#8211; <strong>C&#8217;\u00e8 fiducia att<\/strong><strong>orno al recupero di Gianluca Scamacca<\/strong>, \u00e8 decisivo l&#8217;allenamento di oggi per l&#8217;attaccante. &#8220;Ieri mattina lavoro di scarico per chi \u00e8 stato utilizzato con un buon minutaggio a Bologna mercoled\u00ec sera mentre per tutti gli altri la seduta \u00e8 stata completa. <strong>Sull\u2019utilizzo di Gianluca Scamacca e Sead Kolasinac domani sera contro il Torino si valuter\u00e0 con cautela<\/strong>. Ieri hanno svolto lavoro individuale sul campo e quindi qualche speranza di vederli almeno convocati c\u2019\u00e8. Ma per entrambi meglio usare la prudenza della quotidianit\u00e0. Per Raoul <strong>Bellanova<\/strong> continuano le terapie, invece Mitchel Bakker ha svolto lavoro integrato con l\u2019Under 23 bergamasca&#8221;, sottolinea il quotidiano.<\/p>\n<p><strong>PISACANE SPIEGA<\/strong> &#8211; Fabio Pisacane fa chiarezza sulle scelte di ieri di casa Cagliari e non solo: &#8220;<strong>Kilicsoy aveva preso una botta e l&#8217;ho dovuto gestire. Idem Esposito, non stava bene<\/strong>. Volevamo fare il nostro calcio, all&#8217;inizio non ci siamo riusciti. <strong>Mina?<\/strong> In settimana ha spinto fortissimo, oggi \u00e8 toccato a lui fare errori, altre volte \u00e8 toccato agli altri. Ogni domenica c\u2019\u00e8 l\u2019errore di qualcuno. <strong>Non mi sento di crocifiggere il ragazzo<\/strong>. Mi \u00e8 <strong>dispiaciuto leggere tutte queste notizie su Luperto prima della gara<\/strong>, per lui dev\u2019essere stato difficile avvicinarsi al match. Riconosco in lui un valore enorme per l\u2019obiettivo che dobbiamo portare a termine: voglio da lui il massimo, con lui ho avuto dei confronti cos\u00ec come li ho avuti con gli altri. Luperto dobbiamo tenercelo stretto, \u00e8 forte&#8221;.<\/p>\n<p class=\"is-copyright\">\u00a9 RIPRODUZIONE RISERVATA<\/p>\n","protected":false},"excerpt":{"rendered":"INTER &#8211; Buone notizie per Darmian e Diouf, meno buone per Frattesi. Dopo il colpaccio di Parma, l\u2019Inter&hellip;\n","protected":false},"author":3,"featured_media":298493,"comment_status":"","ping_status":"","sticky":false,"template":"","format":"standard","meta":{"footnotes":""},"categories":[1452],"tags":[1548,15114,76747,1960,839,583,41561,17512,6300,721,2008,63203,175342,921,7204,3845,151519,175343,6682,7801,2490,10111,4864,8393,6297,38763,175344,277,3177,767,9419,2149,1690,175345,175346,1112,720,175347,175348,1740,1974,15049,629,12806,1280,1281,10796,25500,5183,62706,175341,350,1537,90,89,1207,163630,248,63195,26396,7462,8559,987,27619,50410,13287,3461,1739,245,244,12627,27648,6302,5289,60374],"class_list":{"0":"post-298492","1":"post","2":"type-post","3":"status-publish","4":"format-standard","5":"has-post-thumbnail","7":"category-calcio","8":"tag-allenamento","9":"tag-allenarsi","10":"tag-allenati","11":"tag-allenatore","12":"tag-almeno","13":"tag-atteso","14":"tag-bailey","15":"tag-buone","16":"tag-cagliari","17":"tag-calcio","18":"tag-campi","19":"tag-campi-quotidiani","20":"tag-campi-quotidiani-chiave","21":"tag-campo","22":"tag-centrocampo","23":"tag-chiave","24":"tag-chiave-fantacalcio","25":"tag-chiave-fantacalcio-infortunati","26":"tag-cominciare","27":"tag-conceicao","28":"tag-condizione","29":"tag-convocati","30":"tag-corriere","31":"tag-corriere-sport","32":"tag-cremonese","33":"tag-darmian","34":"tag-darmian-diouf","35":"tag-de","36":"tag-destra","37":"tag-difesa","38":"tag-diouf","39":"tag-dobbiamo","40":"tag-domani","41":"tag-domani-giornata","42":"tag-domani-giornata-serie","43":"tag-domenica","44":"tag-fantacalcio","45":"tag-fantacalcio-infortunati","46":"tag-fantacalcio-infortunati-scelte","47":"tag-football","48":"tag-formazione","49":"tag-frattesi","50":"tag-gara","51":"tag-gatti","52":"tag-gazzetta","53":"tag-gazzetta-sport","54":"tag-gianluca","55":"tag-gianluca-scamacca","56":"tag-giornata","57":"tag-infortunati","58":"tag-infortunati-scelte","59":"tag-inter","60":"tag-it","61":"tag-italia","62":"tag-italy","63":"tag-legge","64":"tag-luperto","65":"tag-napoli","66":"tag-neres","67":"tag-nkunku","68":"tag-novita","69":"tag-preso","70":"tag-roma","71":"tag-scamacca","72":"tag-scelte","73":"tag-sera","74":"tag-sfida","75":"tag-soccer","76":"tag-sport","77":"tag-sports","78":"tag-svolto","79":"tag-ultimissime","80":"tag-verona","81":"tag-wesley","82":"tag-zaniolo"},"share_on_mastodon":{"url":"","error":"Validation failed: Text character limit of 500 exceeded"},"_links":{"self":[{"href":"https:\/\/www.europesays.com\/it\/wp-json\/wp\/v2\/posts\/298492","targetHints":{"allow":["GET"]}}],"collection":[{"href":"https:\/\/www.europesays.com\/it\/wp-json\/wp\/v2\/posts"}],"about":[{"href":"https:\/\/www.europesays.com\/it\/wp-json\/wp\/v2\/types\/post"}],"author":[{"embeddable":true,"href":"https:\/\/www.europesays.com\/it\/wp-json\/wp\/v2\/users\/3"}],"replies":[{"embeddable":true,"href":"https:\/\/www.europesays.com\/it\/wp-json\/wp\/v2\/comments?post=298492"}],"version-history":[{"count":0,"href":"https:\/\/www.europesays.com\/it\/wp-json\/wp\/v2\/posts\/298492\/revisions"}],"wp:featuredmedia":[{"embeddable":true,"href":"https:\/\/www.europesays.com\/it\/wp-json\/wp\/v2\/media\/298493"}],"wp:attachment":[{"href":"https:\/\/www.europesays.com\/it\/wp-json\/wp\/v2\/media?parent=298492"}],"wp:term":[{"taxonomy":"category","embeddable":true,"href":"https:\/\/www.europesays.com\/it\/wp-json\/wp\/v2\/categories?post=298492"},{"taxonomy":"post_tag","embeddable":true,"href":"https:\/\/www.europesays.com\/it\/wp-json\/wp\/v2\/tags?post=298492"}],"curies":[{"name":"wp","href":"https:\/\/api.w.org\/{rel}","templated":true}]}}