{"id":298917,"date":"2026-01-09T20:38:09","date_gmt":"2026-01-09T20:38:09","guid":{"rendered":"https:\/\/www.europesays.com\/it\/298917\/"},"modified":"2026-01-09T20:38:09","modified_gmt":"2026-01-09T20:38:09","slug":"lo-swatt-club-diventa-ufficialmente-di-categoria-continental","status":"publish","type":"post","link":"https:\/\/www.europesays.com\/it\/298917\/","title":{"rendered":"LO SWATT CLUB DIVENTA UFFICIALMENTE DI CATEGORIA CONTINENTAL"},"content":{"rendered":"<p>            <a class=\"category\" href=\"https:\/\/www.tuttobiciweb.it\/articles\/category\/CONTINENTAL\" itemprop=\"about\" rel=\"nofollow noopener\" target=\"_blank\">CONTINENTAL<\/a> | 09\/01\/2026 | 20:05<br \/>\n            <a class=\"author\" href=\"https:\/\/www.tuttobiciweb.it\/articles\/author\/Carlo%20Malvestio\" rel=\"nofollow noopener\" target=\"_blank\">di Carlo Malvestio<\/a><\/p>\n<p>Se il 2025 \u00e8 stato memorabile, anche il 2026 comincia con una buona notizia per lo <strong>Swatt Club<\/strong>. La squadra nata dal blog solowattaggio\u00a0e che l&#8217;anno scorso ha sbalordito tutti al campionato italiano di Gorizia, come annunciato sui loro canali social, \u00e8 infatti ufficialmente salita nella <strong>categoria continental<\/strong>. Questo permetter\u00e0 loro di alzare in maniera importante la qualit\u00e0 del loro calendario (potr\u00e0 correre le gare professionistiche ProSeries) e, visto l&#8217;appeal che sono riusciti a crearsi in questi anni, siamo sicuri che gli inviti alle corse fioccheranno.\u00a0\n            <\/p>\n<p>&#8220;Siamo ufficialmente un team Continental &#8211; hanno scritto -. Uno step importante per la nostra squadra e per tutte le persone attorno a noi. Grazie&#8221;. Dopo aver lanciato e ri-lanciato nel WorldTour Asbj\u00f8rn Hellemose, Filippo Conca e Mattia Gaffuri, al momento sono 5 i corridori gi\u00e0 annunciati per il roster 2026: <strong>Manuel Oioli, Bryan Olivo<\/strong> e i danesi <strong>Mads Andersen, Oliver Knudsen<\/strong> e <strong>Andreas Stokbro<\/strong>.\u00a0\n            <\/p>\n<p>Qualche settimana fa nel nostro podcast BlaBlaBike avevamo intervistato il fondatore <strong>Carlo Beretta<\/strong>, che aveva illustrato i piani a breve e lungo termine della sua squadra.<a href=\"https:\/\/www.tuttobiciweb.it\/article\/2025\/10\/20\/1760979325\/podcast-blablabike-carlo-beretta-swatt-club\" target=\"_blank\" rel=\"noopener nofollow\"> Clicca qui per ascoltarla<\/a><\/p>\n<p>Copyright &amp;copy TBW<\/p>\n","protected":false},"excerpt":{"rendered":"CONTINENTAL | 09\/01\/2026 | 20:05 di Carlo Malvestio Se il 2025 \u00e8 stato memorabile, anche il 2026 comincia&hellip;\n","protected":false},"author":3,"featured_media":298918,"comment_status":"","ping_status":"","sticky":false,"template":"","format":"standard","meta":{"footnotes":"","_share_on_mastodon":"0"},"categories":[1456],"tags":[1824,100631,1825,1537,90,89,245,244,18853],"class_list":["post-298917","post","type-post","status-publish","format-standard","has-post-thumbnail","category-ciclismo","tag-ciclismo","tag-continental","tag-cycling","tag-it","tag-italia","tag-italy","tag-sport","tag-sports","tag-swatt-club"],"share_on_mastodon":{"url":"https:\/\/pubeurope.com\/@it\/115867071428709898","error":""},"_links":{"self":[{"href":"https:\/\/www.europesays.com\/it\/wp-json\/wp\/v2\/posts\/298917","targetHints":{"allow":["GET"]}}],"collection":[{"href":"https:\/\/www.europesays.com\/it\/wp-json\/wp\/v2\/posts"}],"about":[{"href":"https:\/\/www.europesays.com\/it\/wp-json\/wp\/v2\/types\/post"}],"author":[{"embeddable":true,"href":"https:\/\/www.europesays.com\/it\/wp-json\/wp\/v2\/users\/3"}],"replies":[{"embeddable":true,"href":"https:\/\/www.europesays.com\/it\/wp-json\/wp\/v2\/comments?post=298917"}],"version-history":[{"count":0,"href":"https:\/\/www.europesays.com\/it\/wp-json\/wp\/v2\/posts\/298917\/revisions"}],"wp:featuredmedia":[{"embeddable":true,"href":"https:\/\/www.europesays.com\/it\/wp-json\/wp\/v2\/media\/298918"}],"wp:attachment":[{"href":"https:\/\/www.europesays.com\/it\/wp-json\/wp\/v2\/media?parent=298917"}],"wp:term":[{"taxonomy":"category","embeddable":true,"href":"https:\/\/www.europesays.com\/it\/wp-json\/wp\/v2\/categories?post=298917"},{"taxonomy":"post_tag","embeddable":true,"href":"https:\/\/www.europesays.com\/it\/wp-json\/wp\/v2\/tags?post=298917"}],"curies":[{"name":"wp","href":"https:\/\/api.w.org\/{rel}","templated":true}]}}