{"id":299371,"date":"2026-01-10T03:41:23","date_gmt":"2026-01-10T03:41:23","guid":{"rendered":"https:\/\/www.europesays.com\/it\/299371\/"},"modified":"2026-01-10T03:41:23","modified_gmt":"2026-01-10T03:41:23","slug":"gomorra-le-origini-le-anticipazioni-sul-primo-e-secondo-episodio","status":"publish","type":"post","link":"https:\/\/www.europesays.com\/it\/299371\/","title":{"rendered":"Gomorra &#8211; Le Origini, le anticipazioni sul primo e secondo episodio"},"content":{"rendered":"<p>Debutta in esclusiva su Sky e in streaming su NOW <strong>Gomorra \u2013 Le Origini<\/strong>, il prequel che racconta la perdita dell\u2019innocenza del giovane Pietro Savastano nella Napoli del 1977. Tra sogni di riscatto, criminalit\u00e0 nascente e un amore destinato a segnare per sempre il suo destino, la serie Sky Original prodotta da Sky Studios e Cattleya riporta lo sguardo alle radici della saga. Nei primi episodi l\u2019incontro con Angelo \u2019A Sirena e l\u2019ingresso in un mondo dove ogni desiderio ha un prezzo. La regia \u00e8 di <strong>Marco D\u2019Amore<\/strong>.<\/p>\n<p>Prima della storia che ha conquistato milioni di fan in tutto il mondo, c\u2019\u00e8 quella che nessuno ha ancora\u00a0mai\u00a0visto. Debutta finalmente venerd\u00ec, 9 gennaio, coi primi due episodi\u00a0<a href=\"https:\/\/programmi.sky.it\/gomorra-le-origini\" rel=\"nofollow noopener\" target=\"_blank\">in esclusiva su Sky<\/a> e <a href=\"https:\/\/www.nowtv.it\/cinema-entertainment\/serie-tv\/gomorra\/le-origini?DCMP=skylink_PR\" rel=\"nofollow noopener\" target=\"_blank\">in streaming solo su NOW<\/a> <strong>GOMORRA \u2013 LE ORIGINI<\/strong>, attesissimo prequel in <strong>sei episodi<\/strong> prodotto da Sky Studios e da Cattleya, parte di ITV Studios, dell\u2019epica saga crime <strong>Sky Original<\/strong> tratta dall\u2019omonimo bestseller di Roberto Saviano.<\/p>\n<p>La serie racconta la perdita dell\u2019innocenza del giovane Pietro Savastano. La storia di come tutto \u00e8 iniziato: di come il futuro boss di Secondigliano entrer\u00e0 nel mondo della criminalit\u00e0, fra sogni troppo grandi, per s\u00e9 e i suoi amici, e un primo amore folle e appassionato, quello per Imma. Sullo sfondo di una Napoli in piena trasformazione, povera, segnata dal contrabbando di sigarette e all\u2019alba dell\u2019arrivo dell\u2019eroina, la nuova serie Sky Original \u00e8 un viaggio nel cuore oscuro di un\u2019epoca che ha definito il volto della criminalit\u00e0 moderna.<\/p>\n<p>\u00a0<\/p>\n<p>\u00a0<\/p>\n<p>\t\t \t<strong>La regia<\/strong><\/p>\n<p><strong>Marco D\u2019Amore<\/strong>, anche supervisore artistico e co-sceneggiatore del progetto nonch\u00e9 gi\u00e0 indimenticabile protagonista di\u00a0Gomorra \u2013 La Serie, dirige i primi quattro episodi della serie, mentre gli ultimi due sono diretti da\u00a0<strong>Francesco Ghiaccio<\/strong>\u00a0(Dolcissime,\u00a0Un posto sicuro). La serie \u00e8 c<strong>reata da Leonardo Fasoli, Maddalena Ravagli e Roberto Saviano<\/strong>, ed \u00e8 distribuita internazionalmente da Beta Film.<\/p>\n<p>\t\t\t<a class=\"c-inline-card j-inline-card c-inline-card--with-image\" href=\"https:\/\/tg24.sky.it\/spettacolo\/serie-tv\/video\/2026\/01\/08\/cast-gomorra-nuova-serie\" rel=\"follow nofollow noopener\" data-intcmp=\"skytg24_articolo_approfondimenti_inline\" target=\"_blank\"><\/p>\n<p>\t\t\t         <img decoding=\"async\" crossorigin=\"anonymous\" alt=\"\" src=\"https:\/\/www.europesays.com\/it\/wp-content\/uploads\/2026\/01\/gomorra-le-origini-fratelli-di-set.jpg\"  loading=\"lazy\"  bad-src=\"https:\/\/www.europesays.com\/it\/wp-content\/uploads\/2026\/01\/gomorra-le-origini-fratelli-di-set.jpg\"\/><\/p>\n<p>\n\t\t\t         Approfondimento<br \/>\n\t\t\t         Gomorra &#8211; Le Origini, Marco D&#8217;Amore presenta il cast di giovani attori\n\t\t\t      <\/p>\n<p>\t\t\t<\/a><\/p>\n<p>\t\t \t<strong>il cast<\/strong><\/p>\n<p><strong>Luca Lubrano<\/strong> interpreta il giovane Pietro, qui ambizioso e inquieto ragazzo di strada di Secondigliano che insieme al suo inseparabile gruppo di amici sogna una vita migliore, per loro e per le loro famiglie. Con lui nel cast: <strong>Francesco Pellegrino<\/strong> nei panni di Angelo \u2018A Sirena, carismatico malavitoso che lavora per il clan dei Villa gestendo una bisca, ruolo che gli sta molto stretto; <strong>Flavio Furno<\/strong> interpreta \u2018O Paisano, malavitoso detenuto in carcere, dove inizia a raccogliere \u00abfedeli\u00bb che lo seguano nel suo progetto: una camorra nuova, che sia senza schiavi e senza capi; <strong>Tullia Venezia<\/strong> \u00e8 una giovanissima Imma, che frequenta il liceo, suona al conservatorio e sogna di andare a studiare in America; <strong>Antonio Buono<\/strong>, <strong>Ciro Burzo<\/strong> e <strong>Luigi Cardone<\/strong> sono rispettivamente Mim\u00ec, Tresette e \u2018A Macchietta, amici di Angelo \u2018A Sirena; <strong>Antonio Del Duca<\/strong>, <strong>Mattia Francesco Cozzolino<\/strong>, <strong>Junior Rancel Rodriguez Arcia<\/strong> e il piccolo <strong>Antonio Incalza<\/strong> interpretano gli amici del gruppo di Pietro, rispettivament<a name=\"_Hlk198805497\" id=\"_Hlk198805497\"\/>e Lello, Manuele, Toni e Fucariello; <strong>Renato Russo<\/strong> nei panni di Michele Villa, detto \u2018O Sant, erede al trono di una delle famiglie dell\u2019aristocrazia criminale di Napoli, i Villa. Il padre, Don Antonio, \u00e8 il boss di Forcella. A interpretarlo \u00e8 <strong>Ciro Capano<\/strong>. E ancora <strong>Biagio Forestieri<\/strong> nei panni di Corrado Arena, re del contrabbando di sigarette a Napoli; <strong>Fabiola Balestriere<\/strong> che interpreta Annalisa Magliocca, la futura Scianel, qui giovane madre vittima della gelosia violenta del marito; e <strong>Veronica D\u2019Elia<\/strong> nei panni di Anna, sorella di \u2018O Paisano.<\/p>\n<p>\t\t\t<a class=\"c-inline-card j-inline-card c-inline-card--with-image\" href=\"https:\/\/tg24.sky.it\/spettacolo\/serie-tv\/video\/2026\/01\/07\/o-paisano-gomorra-le-origini-flavio-furno\" rel=\"follow nofollow noopener\" data-intcmp=\"skytg24_articolo_approfondimenti_inline\" target=\"_blank\"><\/p>\n<p>\t\t\t         <img decoding=\"async\" crossorigin=\"anonymous\" alt=\"\" src=\"https:\/\/www.europesays.com\/it\/wp-content\/uploads\/2026\/01\/o-paisano-gomorra-le-origini.jpg\"  loading=\"lazy\"  bad-src=\"https:\/\/www.europesays.com\/it\/wp-content\/uploads\/2026\/01\/o-paisano-gomorra-le-origini.jpg\"\/><\/p>\n<p>\n\t\t\t         Approfondimento<br \/>\n\t\t\t         Gomorra &#8211; Le Origini, Flavio Furno interpreta &#8216;O Paisano. VIDEO\n\t\t\t      <\/p>\n<p>\t\t\t<\/a><\/p>\n<p>\t\t \tDal romanzo alla serie<\/p>\n<p>Come la storica serie madre che ha conquistato pubblico e critica in oltre 190 territori nel mondo, GOMORRA \u2013 LE ORIGINI \u00e8 tratta dal romanzo \u201cGomorra\u201d di Roberto Saviano, edito da Arnoldo Mondadori Editore. Il soggetto di serie e i soggetti di puntata sono scritti da Leonardo Fasoli, Maddalena Ravagli e Roberto Saviano, mentre le sceneggiature sono firmate dagli stessi Fasoli e Ravagli con Marco D\u2019amore.<\/p>\n<p>Da venerd\u00ec prossimo la serie andr\u00e0 su Sky e <a href=\"https:\/\/www.nowtv.it\/cinema-entertainment\/serie-tv\/gomorra\/le-origini?DCMP=skylink_PR\" rel=\"nofollow noopener\" target=\"_blank\">NOW<\/a> con un nuovo episodio a settimana (in onda tutti i venerd\u00ec su Sky Atlantic), fino al 6 febbraio. E grazie a Sky Extra (il programma loyalty di Sky), per i clienti Sky da pi\u00f9 di tre anni gli episodi saranno disponibili in anteprima on demand ogni marted\u00ec con Primissime.<\/p>\n<p>\t\t\t<a class=\"c-inline-card j-inline-card c-inline-card--with-image\" href=\"https:\/\/tg24.sky.it\/spettacolo\/serie-tv\/2026\/01\/02\/gomorra-le-origini-nuova-serie-tv\" rel=\"follow nofollow noopener\" data-intcmp=\"skytg24_articolo_approfondimenti_inline\" target=\"_blank\"><\/p>\n<p>\t\t\t         <img decoding=\"async\" crossorigin=\"anonymous\" alt=\"\" src=\"https:\/\/www.europesays.com\/it\/wp-content\/uploads\/2026\/01\/GLO_EP_01_250401_020106_MARCO_GHIDELLI.jpg\"  loading=\"lazy\"  bad-src=\"https:\/\/www.europesays.com\/it\/wp-content\/uploads\/2026\/01\/GLO_EP_01_250401_020106_MARCO_GHIDELLI.jpg\"\/><\/p>\n<p>\n\t\t\t         Approfondimento<br \/>\n\t\t\t         Gomorra &#8211; Le Origini, dal 9 gennaio su Sky. Cosa c&#8217;\u00e8 da sapere\n\t\t\t      <\/p>\n<p>\t\t\t<\/a><\/p>\n<p>\t\t\tLa trama dei primi due episodi<\/p>\n<p>Quando la bisca che Angelo \u2018A Sirena gestisce per conto dei Villa viene rapinata, il giovane Pietro lo aiuta a cercare il colpevole, finendo coinvolto in un viaggio crudele e spietato per cui non era pronto. Ma quando si sente ormai perduto, Pietro fa un incontro che cambier\u00e0 la sua vita per sempre. Nel frattempo, in carcere, un detenuto viene salvato dalle parole profetiche di un misterioso personaggio.<\/p>\n<p>Corrado Arena, il pi\u00f9 importante contrabbandiere di Napoli, invita Angelo al battesimo della figlia. Per Angelo \u00e8 l\u2019occasione di sedersi al tavolo di chi conta, ma sa anche che accettare vorrebbe dire mettersi contro i Villa. Nel frattempo, Pietro e i suoi amici rubano un cimelio di grande valore e Pietro ha un\u2019idea su come farlo fruttare. In carcere, \u2018O Paisano viene sfidato da un pericoloso criminale.<\/p>\n<p>\t            TAG:<\/p>\n","protected":false},"excerpt":{"rendered":"Debutta in esclusiva su Sky e in streaming su NOW Gomorra \u2013 Le Origini, il prequel che racconta&hellip;\n","protected":false},"author":3,"featured_media":299372,"comment_status":"","ping_status":"","sticky":false,"template":"","format":"standard","meta":{"footnotes":"","_share_on_mastodon":"0"},"categories":[6],"tags":[14,151687,8,1537,90,89,175739,7,15,82,9,83,10,13,11,80,84,12,81,85],"class_list":["post-299371","post","type-post","status-publish","format-standard","has-post-thumbnail","category-ultime-notizie","tag-cronaca","tag-gomorra","tag-headlines","tag-it","tag-italia","tag-italy","tag-marco-d-amore","tag-news","tag-notizie","tag-notizie-di-cronaca","tag-notizie-principali","tag-notiziedicronaca","tag-notizieprincipali","tag-titoli","tag-ultime-notizie","tag-ultime-notizie-di-cronaca","tag-ultime-notizie-e-news-di-oggi","tag-ultimenotizie","tag-ultimenotiziedicronaca","tag-ultimenotizieenewsdioggi"],"share_on_mastodon":{"url":"https:\/\/pubeurope.com\/@it\/115868734827034952","error":""},"_links":{"self":[{"href":"https:\/\/www.europesays.com\/it\/wp-json\/wp\/v2\/posts\/299371","targetHints":{"allow":["GET"]}}],"collection":[{"href":"https:\/\/www.europesays.com\/it\/wp-json\/wp\/v2\/posts"}],"about":[{"href":"https:\/\/www.europesays.com\/it\/wp-json\/wp\/v2\/types\/post"}],"author":[{"embeddable":true,"href":"https:\/\/www.europesays.com\/it\/wp-json\/wp\/v2\/users\/3"}],"replies":[{"embeddable":true,"href":"https:\/\/www.europesays.com\/it\/wp-json\/wp\/v2\/comments?post=299371"}],"version-history":[{"count":0,"href":"https:\/\/www.europesays.com\/it\/wp-json\/wp\/v2\/posts\/299371\/revisions"}],"wp:featuredmedia":[{"embeddable":true,"href":"https:\/\/www.europesays.com\/it\/wp-json\/wp\/v2\/media\/299372"}],"wp:attachment":[{"href":"https:\/\/www.europesays.com\/it\/wp-json\/wp\/v2\/media?parent=299371"}],"wp:term":[{"taxonomy":"category","embeddable":true,"href":"https:\/\/www.europesays.com\/it\/wp-json\/wp\/v2\/categories?post=299371"},{"taxonomy":"post_tag","embeddable":true,"href":"https:\/\/www.europesays.com\/it\/wp-json\/wp\/v2\/tags?post=299371"}],"curies":[{"name":"wp","href":"https:\/\/api.w.org\/{rel}","templated":true}]}}