{"id":299871,"date":"2026-01-10T12:14:10","date_gmt":"2026-01-10T12:14:10","guid":{"rendered":"https:\/\/www.europesays.com\/it\/299871\/"},"modified":"2026-01-10T12:14:10","modified_gmt":"2026-01-10T12:14:10","slug":"sci-gigante-adelboden-risultati-prima-manche-comanda-odermatt-sesto-vinatzer","status":"publish","type":"post","link":"https:\/\/www.europesays.com\/it\/299871\/","title":{"rendered":"Sci gigante Adelboden risultati prima manche: comanda Odermatt, sesto Vinatzer"},"content":{"rendered":"<p>                                Sotto una fitta nevicata, lo svizzero gareggia con il lutto al braccio e guida la gara di casa davanti a Pinheiro Braathen e Haugan. Anche De Aliprandini qualificato per la seconda manche<\/p>\n<p class=\"paragraph\" spellcheck=\"true\">Sotto una fitta nevicata, ad Adelboden (Svizzera) \u00e8 andata in scena la prima manche del rito annuale sulla pista Chuenisbargli, &#8220;l&#8217;universit\u00e0&#8221; del gigante nella Coppa del Mondo di sci. Il &#8220;professor&#8221; Marco Odermatt \u00e8 salito in cattedra interpretando come nessuno i terribili muri sulla pista di casa: sceso col 7 (lutto al braccio in memoria delle giovani vittime di Crans-Montana), lo svizzero \u00e8 stato l&#8217;unico a battere un aggressivo e sbarazzino Lucas Pinheiro Braathen, partito per primo e alla fine della manche secondo a 49\/100 dal leader della Coppa generale e di specialit\u00e0. La neve disturbava la visibilit\u00e0 ma ha reso anche meno impervie le pendenze, di solito peraltro ghiacciatissime, di Adelboden. Terzo Timon Haugan, che conferma il momento di forma, a 53\/100 da Odermatt. Seconda manche dalle 13.30.<\/p>\n<p>    vinatzer e gli altri italiani\u2014 \u00a0<\/p>\n<p class=\"paragraph is-inline\" spellcheck=\"true\">Migliore azzurro ancora Alex Vinatzer, settimo in classifica a 97 centesimi da Odermatt: non inganni il distacco, perch\u00e9 il podio per il gardenese \u00e8 distante solo 44 centesimi, distacco recuperabile nonostante l&#8217;avversario sia uno tosto come Haugan. Tra i primi tre e la settima posizione di Vinatzer ci sono due inserimenti con pettorali relativamente alti: quarto \u00e8 il francese Leo Anguenot a 66\/100, riuscendo a recuperare addirittura un decimo a Odermatt nella parte finale; quinto il 24enne austriaco Joshua Sturm (pettorale 33), anche lui bravo a rosicchiare 12 centesimi al leader nel finale; sesto \u00e8 Marco Schwarz, appena tre centesimi meglio di Alex. Male Kristoffersen, Meillard e McGrath, l&#8217;eterno Pinturault \u00e8 15\u00b0 a 1&#8217;80&#8221;. Anche Luca De Aliprandini prender\u00e0 parte alla seconda manche, 25\u00b0 a 2&#8243;14 da Odermatt: peccato per il secondo azzurro in classifica, che ha pagato tanto nella seconda parte di gara. Uscito Filippo Della Vite, fuori dai trenta Giovanni Franzoni, Tobias Kastlunger e Simon Talacci.<\/p>\n","protected":false},"excerpt":{"rendered":"Sotto una fitta nevicata, lo svizzero gareggia con il lutto al braccio e guida la gara di casa&hellip;\n","protected":false},"author":3,"featured_media":299872,"comment_status":"","ping_status":"","sticky":false,"template":"","format":"standard","meta":{"footnotes":"","_share_on_mastodon":"0"},"categories":[6],"tags":[175978,3658,152033,7920,152042,588,17961,1932,4297,110178,44739,14,277,152035,32162,1426,152038,8,1537,90,89,381,108929,7,15,82,9,83,10,152029,2521,152843,13,11,80,84,12,81,85,152031],"class_list":["post-299871","post","type-post","status-publish","format-standard","has-post-thumbnail","category-ultime-notizie","tag-adelboden","tag-alex","tag-aliprandini","tag-azzurro","tag-braathen","tag-braccio","tag-centesimi","tag-classifica","tag-coppa","tag-crans","tag-crans-montana","tag-cronaca","tag-de","tag-de-aliprandini","tag-distacco","tag-finale","tag-haugan","tag-headlines","tag-it","tag-italia","tag-italy","tag-leader","tag-manche","tag-news","tag-notizie","tag-notizie-di-cronaca","tag-notizie-principali","tag-notiziedicronaca","tag-notizieprincipali","tag-odermatt","tag-seconda","tag-seconda-manche","tag-titoli","tag-ultime-notizie","tag-ultime-notizie-di-cronaca","tag-ultime-notizie-e-news-di-oggi","tag-ultimenotizie","tag-ultimenotiziedicronaca","tag-ultimenotizieenewsdioggi","tag-vinatzer"],"share_on_mastodon":{"url":"","error":"Validation failed: Text character limit of 500 exceeded"},"_links":{"self":[{"href":"https:\/\/www.europesays.com\/it\/wp-json\/wp\/v2\/posts\/299871","targetHints":{"allow":["GET"]}}],"collection":[{"href":"https:\/\/www.europesays.com\/it\/wp-json\/wp\/v2\/posts"}],"about":[{"href":"https:\/\/www.europesays.com\/it\/wp-json\/wp\/v2\/types\/post"}],"author":[{"embeddable":true,"href":"https:\/\/www.europesays.com\/it\/wp-json\/wp\/v2\/users\/3"}],"replies":[{"embeddable":true,"href":"https:\/\/www.europesays.com\/it\/wp-json\/wp\/v2\/comments?post=299871"}],"version-history":[{"count":0,"href":"https:\/\/www.europesays.com\/it\/wp-json\/wp\/v2\/posts\/299871\/revisions"}],"wp:featuredmedia":[{"embeddable":true,"href":"https:\/\/www.europesays.com\/it\/wp-json\/wp\/v2\/media\/299872"}],"wp:attachment":[{"href":"https:\/\/www.europesays.com\/it\/wp-json\/wp\/v2\/media?parent=299871"}],"wp:term":[{"taxonomy":"category","embeddable":true,"href":"https:\/\/www.europesays.com\/it\/wp-json\/wp\/v2\/categories?post=299871"},{"taxonomy":"post_tag","embeddable":true,"href":"https:\/\/www.europesays.com\/it\/wp-json\/wp\/v2\/tags?post=299871"}],"curies":[{"name":"wp","href":"https:\/\/api.w.org\/{rel}","templated":true}]}}