{"id":300410,"date":"2026-01-10T20:03:24","date_gmt":"2026-01-10T20:03:24","guid":{"rendered":"https:\/\/www.europesays.com\/it\/300410\/"},"modified":"2026-01-10T20:03:24","modified_gmt":"2026-01-10T20:03:24","slug":"sanarini-desportazione-pronta-per-lavventura-col-tirol-women","status":"publish","type":"post","link":"https:\/\/www.europesays.com\/it\/300410\/","title":{"rendered":"Sanarini d\u2019esportazione: pronta per l\u2019avventura col Tirol Women"},"content":{"rendered":"<p class=\"\">Un biglietto del treno ed uno del bus per completare la tratta Padova-Innsbruck e andare a conoscere la nuova squadra nei primissimi giorni del 2026. Dopo <a href=\"https:\/\/bici.pro\/focus\/storie\/bianchi-canyon-silo-uae-primi-giorni-devo\/\" target=\"_blank\" rel=\"noreferrer noopener nofollow\">Bianchi e Silo<\/a>, un\u2019altra giovane azzurra diventa elite facendo la valigia per l\u2019estero. <strong><a href=\"https:\/\/bici.pro\/news\/donne\/sanarini-lavora-sodo-prossimo-salto-avanti\/\" target=\"_blank\" rel=\"noreferrer noopener nofollow\">Linda Sanarini<\/a> va in Austria, ingaggiata dalla neonata Tirol KTM Cycling Team Women<\/strong>, sorella della storica squadra continental maschile.<\/p>\n<p class=\"\">In uscita dalla BFT Burzoni, era diventata una piccola telenovela di mercato il salto nella nuova categoria. Inizialmente il trasferimento della passista padovana pareva indirizzato alla BePink poi ha preso un\u2019altra direzione. A met\u00e0 ottobre, <strong>dopo aver fatto il giuramento a Roma per le <a href=\"https:\/\/www.facebook.com\/fiammeazzurre\" target=\"_blank\" rel=\"noreferrer noopener nofollow\">Fiamme Azzurre<\/a> <\/strong>(foto in apertura)<strong>, Sanarini ha raccolto una sfida stimolante oltralpe<\/strong> pur dovendo adattare con difficolt\u00e0 e obbligatoriamente il suo percorso scolastico, che sta diventando un problema da affrontare per chi \u00e8 nelle sue stesse condizioni. E anche stavolta, come sempre, per Linda le prime settimane dell\u2019anno sono state un concentrato di emozioni che troveranno l\u2019apice il 18 gennaio nel giorno del suo diciannovesimo compleanno prima di pensare all\u2019esordio tra le \u201cgrandi\u201d.<\/p>\n<p><img loading=\"lazy\" decoding=\"async\" width=\"1009\" height=\"500\" data-id=\"450866\" src=\"data:image\/svg+xml,%3Csvg%20xmlns=\" http:=\"\" alt=\"Sanarini nel 2026 correr\u00e0 con la Tirol KTM Cycling Team Women, neonata formazione continental (foto Ossola)\" class=\"wp-image-450866\" data-lazy- data-lazy- data-lazy-src=\"https:\/\/www.europesays.com\/it\/wp-content\/uploads\/2026\/01\/Sanarini_vittoria_2025_BftBurzoni_img_dk.jpg\"\/>Sanarini nel 2026 correr\u00e0 con la Tirol KTM Cycling Team Women. Esordio l\u20198 marzo in Croazia (foto Ossola)<\/p>\n<p><img loading=\"lazy\" decoding=\"async\" width=\"1009\" height=\"500\" data-id=\"450855\" src=\"data:image\/svg+xml,%3Csvg%20xmlns=\" http:=\"\" alt=\"Sanarini nel 2026 correr\u00e0 con la Tirol KTM Cycling Team Women, neonata formazione continental (foto Ossola)\" class=\"wp-image-450855\" data-lazy- data-lazy- data-lazy-src=\"https:\/\/www.europesays.com\/it\/wp-content\/uploads\/2026\/01\/Sanarini_2025_juniores_BftBurzoni_img_dk.jpg\"\/>Dalla BFT Burzoni sembrava destinata alla BePink, poi i piani sono cambiati (foto Ossola)<\/p>\n<p><img loading=\"lazy\" decoding=\"async\" width=\"559\" height=\"745\" data-id=\"450867\" src=\"data:image\/svg+xml,%3Csvg%20xmlns=\" http:=\"\" alt=\"Sanarini nel 2026 correr\u00e0 con la Tirol KTM Cycling Team Women, neonata formazione continental (foto Ossola)\" class=\"wp-image-450867\" data-lazy- data-lazy- data-lazy-src=\"https:\/\/www.europesays.com\/it\/wp-content\/uploads\/2026\/01\/Sanarini_vittoria_2025_BftBurzoni_img_mb.jpg\"\/>Sanarini nel 2026 correr\u00e0 con la Tirol KTM Cycling Team Women. Esordio l\u20198 marzo in Croazia (foto Ossola)<\/p>\n<p><img loading=\"lazy\" decoding=\"async\" width=\"559\" height=\"745\" data-id=\"450856\" src=\"data:image\/svg+xml,%3Csvg%20xmlns=\" http:=\"\" alt=\"Sanarini nel 2026 correr\u00e0 con la Tirol KTM Cycling Team Women, neonata formazione continental (foto Ossola)\" class=\"wp-image-450856\" data-lazy- data-lazy- data-lazy-src=\"https:\/\/www.europesays.com\/it\/wp-content\/uploads\/2026\/01\/Sanarini_2025_juniores_BftBurzoni_img_mb.jpg\"\/>Dalla BFT Burzoni sembrava destinata alla BePink, poi i piani sono cambiati (foto Ossola)<\/p>\n<p>Com\u2019\u00e8 andata la trasferta austriaca?<\/p>\n<p class=\"\"><strong>Sono stata ad Innsbruck due giorni, ma l\u2019andata \u00e8 stata il viaggio della speranza<\/strong> (dice sorridendo, ndr). Quando sono scesa in stazione a Verona per prendere la coincidenza, ci hanno comunicato che il treno per l\u2019Austria non operava per uno sciopero e cos\u00ec ci hanno fatto salire su un pullman che avrebbe fatto il servizio sostitutivo. <strong>Sono arrivata pi\u00f9 tardi del previsto, ma fortunatamente l\u2019incontro della squadra era fissato per il mattino dopo<\/strong>. Il ritorno in Italia \u00e8 stato pi\u00f9 agevole.<\/p>\n<p>Qual era il programma di questo incontro?<\/p>\n<p class=\"\">E\u2019 stato il classico \u201cmeeting\u201d di una squadra per conoscersi meglio tra atlete e staff. <strong>Abbiamo fatto prove del vestiario e attivit\u00e0 per i social network. Abbiamo parlato del calendario e impostato una parte di gare.<\/strong> Le bici KTM ci arriveranno ai primi di febbraio, ma io sto riuscendo ad allenarmi con la Guerciotti dell\u2019anno scorso. <strong>Ringrazio la BFT Burzoni che me l\u2019ha lasciata ancora per qualche mese prima di riprenderla<\/strong> (anche se poi la formazione piacentina nel 2026 correr\u00e0 con BMC, ndr).<\/p>\n<p><img loading=\"lazy\" decoding=\"async\" width=\"1009\" height=\"500\" data-id=\"450864\" src=\"data:image\/svg+xml,%3Csvg%20xmlns=\" http:=\"\" alt=\"Sanarini (terza da sinistra in terza fila) ha ringraziato il gruppo sportivo della Polizia Penitenziaria per aver creduto in lei (foto Fiamme Azzurre)\" class=\"wp-image-450864\" data-lazy- data-lazy- data-lazy-src=\"https:\/\/www.europesays.com\/it\/wp-content\/uploads\/2026\/01\/Sanarini_Pegolo_giuramento_FiammeAzzurre_2025_img_dk.jpg\"\/>Sanarini (terza da sinistra in terza fila) ha ringraziato il gruppo sportivo della Polizia Penitenziaria per aver creduto in lei (foto Fiamme Azzurre)<\/p>\n<p><img loading=\"lazy\" decoding=\"async\" width=\"1009\" height=\"500\" data-id=\"450861\" src=\"data:image\/svg+xml,%3Csvg%20xmlns=\" http:=\"\" alt=\"Mostrine da sfoggiare sulla divisa e simbolo delle Fiamme Azzurre\" class=\"wp-image-450861\" data-lazy- data-lazy- data-lazy-src=\"https:\/\/www.europesays.com\/it\/wp-content\/uploads\/2026\/01\/Sanarini_FiammeAzzurre_2025_giuramento_mostrine_img_dk.jpg\"\/>Mostrine da sfoggiare sulla divisa e simbolo delle Fiamme Azzurre<\/p>\n<p><img loading=\"lazy\" decoding=\"async\" width=\"559\" height=\"745\" data-id=\"450865\" src=\"data:image\/svg+xml,%3Csvg%20xmlns=\" http:=\"\" alt=\"Sanarini (terza da sinistra in terza fila) ha ringraziato il gruppo sportivo della Polizia Penitenziaria per aver creduto in lei (foto Fiamme Azzurre)\" class=\"wp-image-450865\" data-lazy- data-lazy- data-lazy-src=\"https:\/\/www.europesays.com\/it\/wp-content\/uploads\/2026\/01\/Sanarini_Pegolo_giuramento_FiammeAzzurre_2025_img_mb.jpg\"\/>Sanarini (terza da sinistra in terza fila) ha ringraziato il gruppo sportivo della Polizia Penitenziaria per aver creduto in lei (foto Fiamme Azzurre)<\/p>\n<p><img loading=\"lazy\" decoding=\"async\" width=\"559\" height=\"745\" data-id=\"450862\" src=\"data:image\/svg+xml,%3Csvg%20xmlns=\" http:=\"\" alt=\"Mostrine da sfoggiare sulla divisa e simbolo delle Fiamme Azzurre\" class=\"wp-image-450862\" data-lazy- data-lazy- data-lazy-src=\"https:\/\/www.europesays.com\/it\/wp-content\/uploads\/2026\/01\/Sanarini_FiammeAzzurre_2025_giuramento_mostrine_img_mb.jpg\"\/>Mostrine da sfoggiare sulla divisa e simbolo delle Fiamme Azzurre<\/p>\n<p>Che impressione hai avuto?<\/p>\n<p class=\"\">Decisamente molto buona, considerando che siamo una squadra completamente nuova. <strong>Saremo in dieci e sar\u00f2 l\u2019unica italiana in mezzo ragazze ceche, britanniche e altre straniere<\/strong>. Devo dire che l\u2019impatto \u00e8 stato il medesimo di quando avevo fatto una video-call con i dirigenti nei mesi scorsi. <strong>Sapevo che lavoravano bene perch\u00e9 me ne aveva parlato <a href=\"https:\/\/bici.pro\/news\/giovani\/vince-volata-vuole-completarsi-scopriamo-marchi\/\" target=\"_blank\" rel=\"noreferrer noopener nofollow\">Tommaso Marchi<\/a><\/strong> che conosco bene e che quest\u2019anno correr\u00e0 nella Tirol maschile.<\/p>\n<p>Possiamo definirla una trattativa last-minute?<\/p>\n<p class=\"\">Direi normale. I miei procuratori (la GL Promotion, ndr) sono stati bravi a <strong>gestire la situazione non appena hanno avuto la conferma che la Tirol avrebbe fatto anche la squadra femminile<\/strong>. Erano stati contattati da Peter Leo, il preparatore della Jayco-AlUla, che aveva chiesto la disponibilit\u00e0 di controllare i miei dati su Training Peaks per conto dei tecnici della Tirol. E naturalmente ho acconsentito volentieri e ben felice.<\/p>\n<p><img loading=\"lazy\" decoding=\"async\" width=\"1009\" height=\"500\" data-id=\"450853\" src=\"data:image\/svg+xml,%3Csvg%20xmlns=\" http:=\"\" alt=\"Nel 2025 Sanarini col quartetto ha conquistato sia l'argento europeo che mondiale, cui si aggiunge un argento nella madison\" class=\"wp-image-450853\" data-lazy- data-lazy- data-lazy-src=\"https:\/\/www.europesays.com\/it\/wp-content\/uploads\/2026\/01\/Europeo_pista_quartetto_femminile_juniores_argento_2025_Bianchi_Pegolo_Sanarini_Rossignoli_Bianchi_i.jpeg\"\/>Nel 2025 Sanarini col quartetto ha conquistato sia l\u2019argento europeo che mondiale, cui si aggiunge un argento nella madison<\/p>\n<p><img loading=\"lazy\" decoding=\"async\" width=\"1009\" height=\"500\" data-id=\"450857\" src=\"data:image\/svg+xml,%3Csvg%20xmlns=\" http:=\"\" alt=\"Linda ha iniziato il 2026 allenandosi anche in pista, inserendosi nel gruppo delle elite\/U23 (foto facebook)\" class=\"wp-image-450857\" data-lazy- data-lazy- data-lazy-src=\"https:\/\/www.europesays.com\/it\/wp-content\/uploads\/2026\/01\/Sanarini_Bragato_pista_2025_img_dk.jpg\"\/>Linda ha iniziato il 2026 allenandosi anche in pista, inserendosi nel gruppo delle elite\/U23 (foto facebook)<\/p>\n<p><img loading=\"lazy\" decoding=\"async\" width=\"559\" height=\"745\" data-id=\"450854\" src=\"data:image\/svg+xml,%3Csvg%20xmlns=\" http:=\"\" alt=\"Nel 2025 Sanarini col quartetto ha conquistato sia l'argento europeo che mondiale, cui si aggiunge un argento nella madison\" class=\"wp-image-450854\" data-lazy- data-lazy- data-lazy-src=\"https:\/\/www.europesays.com\/it\/wp-content\/uploads\/2026\/01\/1768075402_99_Europeo_pista_quartetto_femminile_juniores_argento_2025_Bianchi_Pegolo_Sanarini_Rossignoli_Bianchi_i.jpeg\"\/>Nel 2025 Sanarini col quartetto ha conquistato sia l\u2019argento europeo che mondiale, cui si aggiunge un argento nella madison<\/p>\n<p><img loading=\"lazy\" decoding=\"async\" width=\"559\" height=\"745\" data-id=\"450858\" src=\"data:image\/svg+xml,%3Csvg%20xmlns=\" http:=\"\" alt=\"Linda ha iniziato il 2026 allenandosi anche in pista, inserendosi nel gruppo delle elite\/U23 (foto facebook)\" class=\"wp-image-450858\" data-lazy- data-lazy- data-lazy-src=\"https:\/\/www.europesays.com\/it\/wp-content\/uploads\/2026\/01\/Sanarini_Bragato_pista_2025_img_mb.jpg\"\/>Linda ha iniziato il 2026 allenandosi anche in pista, inserendosi nel gruppo delle elite\/U23 (foto facebook)<\/p>\n<p>Avevi avuto altre proposte?<\/p>\n<p class=\"\">S\u00ec, c\u2019era stato un contatto con Giovanni Fidanza della Isolmant che \u00e8 stato gentilissimo e disponibile con me e i miei agenti. Avrei ritrovato <a href=\"https:\/\/bici.pro\/news\/donne\/pegolo-prestito-isolmant-indicazioni-lidl-trek\/\" target=\"_blank\" rel=\"noreferrer noopener nofollow\">Pegolo<\/a> e Baima, con cui ho giurato assieme per le Fiamme Azzurre, per\u00f2 <strong>volevo fare un calendario pi\u00f9 internazionale che lui non riusciva a garantirmi. <\/strong>Lui ha capito ed io ho accettato il contratto con la Tirol.<\/p>\n<p>Alla luce di questa decisione, anche per te la domanda che abbiamo fatto alle tue coetanee: con la scuola come sei messa?<\/p>\n<p class=\"\">Sono nelle stesse condizioni di cui vi ha detto Giada (Silo, ndr). <strong>Avrei dovuto affrontare la maturit\u00e0 nell\u2019istituto tecnico-turistico che frequentavo<\/strong>. Negli anni precedenti non ho mai avuto problemi, ma ad inizio anno scolastico, in coincidenza dell\u2019europeo ad ottobre in Francia, avevo gi\u00e0 accumulato diverse assenze. I professori non erano contenti di questa situazione e <strong>mi hanno detto che se ne avessi accumulate altre nel corso dei mesi successivi non mi avrebbero ammesso all\u2019esame<\/strong> pur avendo i voti sufficienti.<\/p>\n<p>Quindi cos\u2019hai fatto?<\/p>\n<p class=\"\">Ho capito che avrei dovuto rincorrere pi\u00f9 degli anni precedenti. <strong>Mi sono sentita con Giada che mi ha suggerito la sua stessa scuola paritaria on-line <\/strong>per non perdere l\u2019anno e potermi preparare alla maturit\u00e0. Purtroppo so che sar\u00e0 una grande spesa da sostenere, che tuttavia posso coprire con lo stipendio delle Fiamme Azzurre. Ma mi spiace che non mi sia stato applicato il progetto studente-atleta come quando ero junior, perch\u00e9 <strong>anch\u2019io, come vi ha detto Giada, ci tenevo a finire con i miei compagni<\/strong>.<\/p>\n<p><img loading=\"lazy\" decoding=\"async\" width=\"1009\" height=\"500\" src=\"data:image\/svg+xml,%3Csvg%20xmlns=\" http:=\"\" alt=\"La perla su strada del 2025 di Sanarini \u00e8 arrivata a maggio nelle Marche, poi un incidente le ha condizionato la stagione (foto Frantz Piva)\" class=\"wp-image-450868\" data-lazy- data-lazy- data-lazy-src=\"https:\/\/www.europesays.com\/it\/wp-content\/uploads\/2026\/01\/Sanarini_vittoria_juniores_2025_img_dk.jpg\"\/>La perla su strada del 2025 di Sanarini \u00e8 arrivata a maggio nelle Marche, poi un incidente le ha condizionato la stagione (foto Frantz Piva)<\/p>\n<p><img loading=\"lazy\" decoding=\"async\" width=\"559\" height=\"745\" src=\"data:image\/svg+xml,%3Csvg%20xmlns=\" http:=\"\" alt=\"La perla su strada del 2025 di Sanarini \u00e8 arrivata a maggio nelle Marche, poi un incidente le ha condizionato la stagione (foto Frantz Piva)\" class=\"wp-image-450869\" data-lazy- data-lazy- data-lazy-src=\"https:\/\/www.europesays.com\/it\/wp-content\/uploads\/2026\/01\/Sanarini_vittoria_juniores_2025_img_mb.jpg\"\/>La perla su strada del 2025 di Sanarini \u00e8 arrivata a maggio nelle Marche, poi un incidente le ha condizionato la stagione (foto Frantz Piva)<\/p>\n<p>A questo punto ti sei gi\u00e0 data degli obiettivi con la nuova squadra?<\/p>\n<p class=\"\">Principalmente vorrei riscattare un 2025 sfortunato. <strong>Fino a maggio era andato bene<\/strong> (ottenendo l\u2019unica vittoria stagionale su strada nelle Marche, ndr) <strong>poi ho avuto un incidente e mi sono ritrovata ad inseguire la forma ottimal<\/strong>e. In pista \u00e8 andata meglio (argento europeo nella madison, argento col quartetto sia all\u2019europeo che al mondiale, ndr), ma complessivamente speravo di fare di pi\u00f9. Quest\u2019anno vorrei provare a vincere una gara internazionale e mettermi in mostra. <strong>E poi ci terrei ad onorare al meglio anche con la maglia delle Fiamme Azzurre, che hanno creduto in me<\/strong>.<\/p>\n<p>Quando sar\u00e0 l\u2019esordio di Linda Sanarini in maglia Tirol Women?<\/p>\n<p class=\"\">Sar\u00e0 l\u2019<strong>8 marzo a Porec in Croazia, dove correremo anche nei giorni successivi<\/strong>. L\u00ec nelle due settimane precedenti faremo anche il nostro ritiro e spero di avere gi\u00e0 una buona condizione. Di sicuro parto molto motivata. Sar\u00e0 un\u2019esperienza interessante ed importante. <strong>Sono convinta di essere in una squadra in cui far\u00f2 un bel salto di crescita personale<\/strong>.<\/p>\n","protected":false},"excerpt":{"rendered":"Un biglietto del treno ed uno del bus per completare la tratta Padova-Innsbruck e andare a conoscere la&hellip;\n","protected":false},"author":3,"featured_media":300411,"comment_status":"","ping_status":"","sticky":false,"template":"","format":"standard","meta":{"footnotes":""},"categories":[1456],"tags":[1824,1825,1537,90,89,245,244],"class_list":{"0":"post-300410","1":"post","2":"type-post","3":"status-publish","4":"format-standard","5":"has-post-thumbnail","7":"category-ciclismo","8":"tag-ciclismo","9":"tag-cycling","10":"tag-it","11":"tag-italia","12":"tag-italy","13":"tag-sport","14":"tag-sports"},"share_on_mastodon":{"url":"https:\/\/pubeurope.com\/@it\/115872596159063823","error":""},"_links":{"self":[{"href":"https:\/\/www.europesays.com\/it\/wp-json\/wp\/v2\/posts\/300410","targetHints":{"allow":["GET"]}}],"collection":[{"href":"https:\/\/www.europesays.com\/it\/wp-json\/wp\/v2\/posts"}],"about":[{"href":"https:\/\/www.europesays.com\/it\/wp-json\/wp\/v2\/types\/post"}],"author":[{"embeddable":true,"href":"https:\/\/www.europesays.com\/it\/wp-json\/wp\/v2\/users\/3"}],"replies":[{"embeddable":true,"href":"https:\/\/www.europesays.com\/it\/wp-json\/wp\/v2\/comments?post=300410"}],"version-history":[{"count":0,"href":"https:\/\/www.europesays.com\/it\/wp-json\/wp\/v2\/posts\/300410\/revisions"}],"wp:featuredmedia":[{"embeddable":true,"href":"https:\/\/www.europesays.com\/it\/wp-json\/wp\/v2\/media\/300411"}],"wp:attachment":[{"href":"https:\/\/www.europesays.com\/it\/wp-json\/wp\/v2\/media?parent=300410"}],"wp:term":[{"taxonomy":"category","embeddable":true,"href":"https:\/\/www.europesays.com\/it\/wp-json\/wp\/v2\/categories?post=300410"},{"taxonomy":"post_tag","embeddable":true,"href":"https:\/\/www.europesays.com\/it\/wp-json\/wp\/v2\/tags?post=300410"}],"curies":[{"name":"wp","href":"https:\/\/api.w.org\/{rel}","templated":true}]}}