{"id":300624,"date":"2026-01-10T23:18:10","date_gmt":"2026-01-10T23:18:10","guid":{"rendered":"https:\/\/www.europesays.com\/it\/300624\/"},"modified":"2026-01-10T23:18:10","modified_gmt":"2026-01-10T23:18:10","slug":"lannuncio-a-dieci-anni-dalla-scomparsa","status":"publish","type":"post","link":"https:\/\/www.europesays.com\/it\/300624\/","title":{"rendered":"l&#8217;annuncio a dieci anni dalla scomparsa"},"content":{"rendered":"<p>\n                            Il punto serale sulle notizie del giorno<br \/>\n                            <b>Iscriviti<\/b> e ricevi le notizie via email\n                        <\/p>\n<p>Dieci anni sono passati dalla morte di <strong><a href=\"https:\/\/www.ilmessaggero.it\/t\/david-bowie\" rel=\"nofollow noopener\" target=\"_blank\">David Bowie<\/a><\/strong>,\u00a0avvenuta il 10 gennaio 2016 all\u2019et\u00e0 di 69 anni per un cancro al fegato. Altrettanti se ne contano dall\u2019uscita del suo ultimo album \u201cBlackstar\u201d, arrivato sul mercato due giorni prima, il giorno del suo compleanno.<\/p>\n<p>L\u2019iniziativa nata per celebrare questa confluenza di anniversari si rivela imperdibile per curiosi e fan: la\u00a0<strong><a href=\"https:\/\/www.ilmessaggero.it\/t\/casa-\" rel=\"nofollow noopener\" target=\"_blank\">casa<\/a>\u00a0<\/strong>d\u2019infanzia del Duca Bianco, nel sud-est di Londra, aprir\u00e0 al pubblico dal 2027 per offrire un\u2019esperienza immersiva che restituisca l\u2019idea di chi fosse il cantante, musicista e attore quando era solo David Robert Jones (Bowie era uno pseudonimo). Visse al numero 4 di Plainstow Grove, a Bromley, dagli otto ai vent\u2019anni e, come riporta la Bbc, \u00e8 tra quelle mura che scrisse uno dei suoi brani pi\u00f9 famosi: \u201cSpace Oddity\u201d, ormai entrato nella cultura di massa come una riflessione, tra le tante possibili chiavi di lettura, sull\u2019alienazione e la solitudine.<\/p>\n<p>&#13;<br \/>\n    APPROFONDIMENTI&#13;<br \/>\n    &#13;<\/p>\n<p><a class=\"link_item\" data-linked_from=\"null\" href=\"https:\/\/www.ilmessaggero.it\/persone\/mickey_rourke_rischio_sfratto_raccolta_fondi_come_sta_dove_abita-9280363.html\" rel=\"nofollow noopener\" target=\"_blank\">Mickey Rourke rischia lo sfratto e lancia una raccolta fondi. \u00abSituazione molto difficile e urgente\u00bb<\/a><\/p>\n<p>Stacey dell&#8217;Heritage of London Trust:\u00a0\u00abLa sua storia ispirer\u00e0 le nuove generazioni\u00bb <\/p>\n<p>Varcare la porta dell\u2019appartamento, per fan e curiosi, sar\u00e0 come entrare in una macchina del tempo. <\/p>\n<p>Nel progetto c\u2019\u00e8 la volont\u00e0 di riportare tutto com\u2019era negli Anni Sessanta, ricreando gli ambienti originali del periodo in cui Bowie lo abit\u00f2 grazie a un archivio inedito di documenti e immagini. Geoffrey Marsh, co-curatore della mostra David Bowie Is del V&amp;A Museum, ha definito la casa come il luogo in cui l\u2019artista \u00e8 passato dall\u2019essere \u00abuno studente di periferia\u00bb a \u00abstar internazionale\u00bb. Ha dichiarato: \u00abCome ha detto lui stesso, &#8216;Ho trascorso cos\u00ec tanto tempo nella mia camera da letto, era davvero il mio mondo intero, avevo i libri l\u00ec, la mia musica l\u00ec, il mio giradischi, per andare dal mio mondo al piano di sopra alla strada, dovevo attraversare questa terra di nessuno che \u00e8 il soggiorno&#8217;\u00bb.<\/p>\n<p>A finanziare il lavoro di restauro con 500mila sterline sar\u00e0 la Jones Day Foundation, gruppo no-profit formato da avvocati e personale dello studio legale Jones Day, e una campagna pubblica di raccolta fondi che aprir\u00e0 questo mese.<\/p>\n<p>\u00abDavid Bowie era un orgoglioso londinese \u2013 ha dichiarato Nicola Stacey, direttrice dell\u2019organizzazione benefica Heritage of London Trust -. Anche se la sua carriera lo ha portato in giro per il mondo, ha sempre ricordato le sue origini e la comunit\u00e0 che lo ha sostenuto durante la sua crescita\u00bb, sottolineando quanto sia importante questa iniziativa per far s\u00ec che David Bowie continui ad essere una figura ispiratrice anche in futuro: \u00ab\u00c8 meraviglioso avere questa opportunit\u00e0 di raccontare la sua storia e di ispirare una nuova generazione di giovani. \u00c8 davvero importante per il patrimonio di Londra preservare questo sito\u00bb.<\/p>\n<p>Anche George Underwood, musicista e amico storico di Bowie, ha commentato il progetto: \u00abAbbiamo trascorso cos\u00ec tanto tempo insieme, ascoltando e suonando musica. Ho sentito molte persone dire che la musica di David ha salvato loro o cambiato la loro vita. \u00c8 incredibile che sia riuscito a fare tutto questo, e ancora pi\u00f9 incredibile che tutto sia iniziato qui, da un inizio cos\u00ec piccolo, in questa casa. Eravamo dei sognatori, e guarda cosa \u00e8 diventato\u00bb.<\/p>\n<p><a class=\"link_item\" data-linked_from=\"null\" href=\"https:\/\/www.ilmessaggero.it\/persone\/re_carlo_ristruttura_dumfries_house_lavori_tenuta_8_milioni_location_lusso_matrimoni_cosa_sappiamo-9285990.html\" rel=\"nofollow noopener\" target=\"_blank\">Re Carlo ristruttura Dumfries House: i lavori (da 8 milioni di dollari) per trasformare la tenuta reale in location di lusso per matrimoni<\/a><\/p>\n<p>David Bowie, dal pop al soul al krautrock: una carriera nel segno del trasformismo <\/p>\n<p>Negli anni David Bowie si \u00e8 guadagnato un posto in diverse classifiche musicali stilate da riviste di settore tra cui Rolling Stone. Nel 2008 \u00e8 stato inserito al 22esimo posto tra i cento migliori cantanti di tutti i tempi, mentre in quella dei 500 migliori album figurano cinque dei suoi lavori. Grande trasformista nella musica e nello stile, inizia come cantante pop negli Anni \u201960. Il decennio successivo \u00e8 quello che lo consacra come icona glam rock con l\u2019uscita degli album \u201cThe Rise and Fall of Ziggy Stardust and the Spiders from Mars\u201d (1972) e \u201cAladdin Sane\u201d (1973). Esplor\u00f2 il soul in \u201cYoung Americans\u201d (1975) e \u201cStation to Station\u201d (1976) fino ad arrivare al krautrock, la musica cosmica tedesca nata dal rock progressivo e l\u2019elettronica. Di questo periodo fa parte la trilogia berlinese con \u201cLow\u201d e \u201cHeroes\u201d (entrambi del 1977) e \u201cLodger\u201d (1979).<\/p>\n<p>&#13;<br \/>\n                            \u00a9 RIPRODUZIONE RISERVATA&#13;<\/p>\n<p>&#13;<\/p>\n","protected":false},"excerpt":{"rendered":"Il punto serale sulle notizie del giorno Iscriviti e ricevi le notizie via email Dieci anni sono passati&hellip;\n","protected":false},"author":3,"featured_media":300625,"comment_status":"","ping_status":"","sticky":false,"template":"","format":"standard","meta":{"footnotes":""},"categories":[1451],"tags":[5134,133221,1621,1620,203,204,1537,90,89],"class_list":{"0":"post-300624","1":"post","2":"type-post","3":"status-publish","4":"format-standard","5":"has-post-thumbnail","7":"category-celebrita","8":"tag-casa","9":"tag-casa-d","10":"tag-celebrita","11":"tag-celebrities","12":"tag-entertainment","13":"tag-intrattenimento","14":"tag-it","15":"tag-italia","16":"tag-italy"},"share_on_mastodon":{"url":"https:\/\/pubeurope.com\/@it\/115873362872402411","error":""},"_links":{"self":[{"href":"https:\/\/www.europesays.com\/it\/wp-json\/wp\/v2\/posts\/300624","targetHints":{"allow":["GET"]}}],"collection":[{"href":"https:\/\/www.europesays.com\/it\/wp-json\/wp\/v2\/posts"}],"about":[{"href":"https:\/\/www.europesays.com\/it\/wp-json\/wp\/v2\/types\/post"}],"author":[{"embeddable":true,"href":"https:\/\/www.europesays.com\/it\/wp-json\/wp\/v2\/users\/3"}],"replies":[{"embeddable":true,"href":"https:\/\/www.europesays.com\/it\/wp-json\/wp\/v2\/comments?post=300624"}],"version-history":[{"count":0,"href":"https:\/\/www.europesays.com\/it\/wp-json\/wp\/v2\/posts\/300624\/revisions"}],"wp:featuredmedia":[{"embeddable":true,"href":"https:\/\/www.europesays.com\/it\/wp-json\/wp\/v2\/media\/300625"}],"wp:attachment":[{"href":"https:\/\/www.europesays.com\/it\/wp-json\/wp\/v2\/media?parent=300624"}],"wp:term":[{"taxonomy":"category","embeddable":true,"href":"https:\/\/www.europesays.com\/it\/wp-json\/wp\/v2\/categories?post=300624"},{"taxonomy":"post_tag","embeddable":true,"href":"https:\/\/www.europesays.com\/it\/wp-json\/wp\/v2\/tags?post=300624"}],"curies":[{"name":"wp","href":"https:\/\/api.w.org\/{rel}","templated":true}]}}