{"id":300631,"date":"2026-01-10T23:25:10","date_gmt":"2026-01-10T23:25:10","guid":{"rendered":"https:\/\/www.europesays.com\/it\/300631\/"},"modified":"2026-01-10T23:25:10","modified_gmt":"2026-01-10T23:25:10","slug":"emergenza-influenza-e-carenza-di-medici-a-napoli-situazione-critica-ce-preoccupazione","status":"publish","type":"post","link":"https:\/\/www.europesays.com\/it\/300631\/","title":{"rendered":"Emergenza influenza e carenza di medici a Napoli: \u00abSituazione critica, c&#8217;\u00e8 preoccupazione\u00bb"},"content":{"rendered":"<p><strong>L&#8217;Ordine dei Medici Chirurghi e degli Odontoiatri di Napoli <\/strong>e <strong>Provincia <\/strong>esprime \u00abforte preoccupazione per la situazione critica che si sta registrando nei <strong>Pronto Soccorso <\/strong>dell&#8217;area metropolitana, messi a dura prova dal sensibile incremento dei casi di polmoniti influenzali e dalle conseguenti richieste di assistenza medica urgente\u00bb. \u00abDa settimane &#8211; dice il presidente dell&#8217;Ordine, <strong>Bruno Zuccarelli <\/strong>&#8211; assistiamo a un sovraccarico dei Pronto Soccorso, conseguenza diretta dell&#8217;ondata influenzale e nel contempo ci troviamo in carenza di medici di medicina generale sul territorio. Oggi in provincia di Napoli circa 150.000 cittadini risultano privi del proprio medico di famiglia. \u00c8 evidente che in questa situazione molti pazienti, anche per patologie gestibili a livello territoriale, sono costretti a rivolgersi agli ospedali\u00bb.<\/p>\n<p><p>APPROFONDIMENTI<\/p>\n<\/p>\n<p>Zuccarelli sottolinea che la radice del problema sta \u00abnei <strong>ritardi <\/strong>accumulati nell&#8217;assegnazione delle carenze di medicina generale, che solo in queste settimane si stanno definendo\u00bb. Come previsto dalla normativa- cos\u00ec come segnalato al Presidente Zuccarelli dalla componente organistica afferente alla medicina generale &#8211; <strong>Scotti<\/strong>, <strong>Schiavo<\/strong>, Iovane e Sparano &#8211; i medici assegnatari, si spiega, potranno entrare in servizio entro i tre mesi successivi, ma intanto il peso ricade sui professionisti gi\u00e0 in attivit\u00e0.<\/p>\n<p><a class=\"link_item\" data-linked_from=\"null\" href=\"https:\/\/www.ilmattino.it\/napoli\/cronaca\/protesta_lavoratori_sanitari_braccio_di_ferro_contratti_incontro_prefettura-9289681.html\" rel=\"nofollow noopener\" target=\"_blank\">Protesta dei lavoratori sanitari, braccio di ferro per i contratti: \u00abIncontro in Prefettura\u00bb<\/a><\/p>\n<p>\u00abLa medicina generale &#8211; <strong>aggiunge Zuccarelli <\/strong>&#8211; sta cercando, nel silenzio e con grande senso di responsabilit\u00e0, di reggere l&#8217;urto di questa ondata di richieste. Ma \u00e8 indispensabile che gli uffici preposti provvedano al pi\u00f9 presto a completare le assegnazioni delle carenze, affinch\u00e9 i nuovi colleghi possano entrare al servizio dei cittadini e rafforzare le fila di una rete territoriale indispensabile al buon funzionamento del sistema sanitario\u00bb.<\/p>\n","protected":false},"excerpt":{"rendered":"L&#8217;Ordine dei Medici Chirurghi e degli Odontoiatri di Napoli e Provincia esprime \u00abforte preoccupazione per la situazione critica&hellip;\n","protected":false},"author":3,"featured_media":300632,"comment_status":"","ping_status":"","sticky":false,"template":"","format":"standard","meta":{"footnotes":""},"categories":[175],"tags":[239,151189,1537,90,89,248,33712,812,240],"class_list":{"0":"post-300631","1":"post","2":"type-post","3":"status-publish","4":"format-standard","5":"has-post-thumbnail","7":"category-salute","8":"tag-health","9":"tag-influenza-k","10":"tag-it","11":"tag-italia","12":"tag-italy","13":"tag-napoli","14":"tag-ordine-dei-medici","15":"tag-ospedale","16":"tag-salute"},"share_on_mastodon":{"url":"https:\/\/pubeurope.com\/@it\/115873390552302216","error":""},"_links":{"self":[{"href":"https:\/\/www.europesays.com\/it\/wp-json\/wp\/v2\/posts\/300631","targetHints":{"allow":["GET"]}}],"collection":[{"href":"https:\/\/www.europesays.com\/it\/wp-json\/wp\/v2\/posts"}],"about":[{"href":"https:\/\/www.europesays.com\/it\/wp-json\/wp\/v2\/types\/post"}],"author":[{"embeddable":true,"href":"https:\/\/www.europesays.com\/it\/wp-json\/wp\/v2\/users\/3"}],"replies":[{"embeddable":true,"href":"https:\/\/www.europesays.com\/it\/wp-json\/wp\/v2\/comments?post=300631"}],"version-history":[{"count":0,"href":"https:\/\/www.europesays.com\/it\/wp-json\/wp\/v2\/posts\/300631\/revisions"}],"wp:featuredmedia":[{"embeddable":true,"href":"https:\/\/www.europesays.com\/it\/wp-json\/wp\/v2\/media\/300632"}],"wp:attachment":[{"href":"https:\/\/www.europesays.com\/it\/wp-json\/wp\/v2\/media?parent=300631"}],"wp:term":[{"taxonomy":"category","embeddable":true,"href":"https:\/\/www.europesays.com\/it\/wp-json\/wp\/v2\/categories?post=300631"},{"taxonomy":"post_tag","embeddable":true,"href":"https:\/\/www.europesays.com\/it\/wp-json\/wp\/v2\/tags?post=300631"}],"curies":[{"name":"wp","href":"https:\/\/api.w.org\/{rel}","templated":true}]}}