{"id":300842,"date":"2026-01-11T03:05:10","date_gmt":"2026-01-11T03:05:10","guid":{"rendered":"https:\/\/www.europesays.com\/it\/300842\/"},"modified":"2026-01-11T03:05:10","modified_gmt":"2026-01-11T03:05:10","slug":"crans-montana-polemiche-per-la-vignetta-di-charlie-hebdo-con-gli-ustionati-sugli-sci-e-una-violenza-in-piu","status":"publish","type":"post","link":"https:\/\/www.europesays.com\/it\/300842\/","title":{"rendered":"Crans-Montana, polemiche per la vignetta di Charlie Hebdo con gli ustionati sugli sci. \u00ab\u200b\u00c8 una violenza in pi\u00f9\u00bb"},"content":{"rendered":"<p>\n                            Il punto sui temi di attualit\u00e0, ogni luned\u00ec<br \/>\n                            <b>Iscriviti<\/b> e ricevi le notizie via email\n                        <\/p>\n<p>Una vignetta di <strong>Charlie\u00a0Hebdo<\/strong>\u00a0torna a scatenare polemiche. Questa volta l&#8217;argomento trattato dal settimanale satirico francese \u00e8 la tragedia di Capodanno a Crans-Montana (Svizzera), dove 40 persone, tra cui sei giovanissimi italiani, sono morte per un incendio in un locale.<\/p>\n<p>Le polemiche <\/p>\n<p>Nella \u00abvignetta del giorno\u00bb pubblicata dalla rivista sui propri profili social ieri, firmata dal fumettista Salch, appaiono due figure dai tratti caricaturali che rappresentano sciatori, accompagnate dalla scritta &#8216;Les brul\u00e9s font du ski&#8217; (Letteralmente: &#8216;Gli ustionati sciano&#8217;) in alto e &#8216;La com\u00e9die de l&#8217;ann\u00e9e) (&#8216;La commedia dell&#8217;anno&#8217;) in basso: un richiamo al film comico francese del 1979 &#8216;Les Bronz\u00e9s font du ski&#8217; (&#8216;I bronzati sulle nevi&#8217;), titolo cult che fece molto successo nel Paese.<\/p>\n<p>&#13;<br \/>\n    APPROFONDIMENTI&#13;<\/p>\n<p>&#13;<\/p>\n<p>                <a href=\"https:\/\/www.ilmessaggero.it\/fotogallery\/persone\/jessica_moretti_chi_e_davvero_il_passato_fallimentare_da_attrice_le_foto_a_cannes_con_il_kalashnikov_e_le_lacrime_da_coccodrillo-9290194.html\" title=\"Foto\" rel=\"nofollow noopener\" target=\"_blank\"><img loading=\"lazy\" decoding=\"async\" src=\"https:\/\/www.europesays.com\/it\/wp-content\/uploads\/2026\/01\/9290194_10203643_jessica-moretti.jpg\" title=\"Foto\" width=\"64\" height=\"64\" data-pagespeed-no-transform=\"\"\/><\/a>            <\/p>\n<p>    &#13;<\/p>\n<p>    &#13;<\/p>\n<p>Le proteste <\/p>\n<p>L&#8217;illustrazione in questione, pubblicata durante la giornata di lutto nazionale indetta in Svizzera per onorare le quaranta vittime di Crans-Montana, ha fatto scattare le proteste di diversi utenti del web, come emerge da decine di commenti indignati su Instagram e X. <\/p>\n<p>Tra questi c&#8217;\u00e8 quello di Julie Bourges, giovane donna diventata nota in Francia sui social che da adolescente era stata vittima di gravi ustioni per un incidente durante una festa di carnevale. \u00abNon \u00e8 umorismo. \u00c8 una violenza in pi\u00f9. \u00c8 stato superato il limite e permettersi di dirlo non significa censurare. Significa ricordare che esiste la DECENZA\u00bb, \u00e8 il suo commento.                <\/p>\n<p>&#13;<br \/>\n                            \u00a9 RIPRODUZIONE RISERVATA&#13;<\/p>\n<p>&#13;<\/p>\n","protected":false},"excerpt":{"rendered":"Il punto sui temi di attualit\u00e0, ogni luned\u00ec Iscriviti e ricevi le notizie via email Una vignetta di&hellip;\n","protected":false},"author":3,"featured_media":300843,"comment_status":"","ping_status":"","sticky":false,"template":"","format":"standard","meta":{"footnotes":""},"categories":[160],"tags":[176469,44739,14,164,165,166,7,15,243,11,167,12,168,161,162,163],"class_list":{"0":"post-300842","1":"post","2":"type-post","3":"status-publish","4":"format-standard","5":"has-post-thumbnail","7":"category-mondo","8":"tag-charlie-hebdo","9":"tag-crans-montana","10":"tag-cronaca","11":"tag-dal-mondo","12":"tag-dalmondo","13":"tag-mondo","14":"tag-news","15":"tag-notizie","16":"tag-ultima-ora","17":"tag-ultime-notizie","18":"tag-ultime-notizie-di-mondo","19":"tag-ultimenotizie","20":"tag-ultimenotiziedimondo","21":"tag-world","22":"tag-world-news","23":"tag-worldnews"},"share_on_mastodon":{"url":"https:\/\/pubeurope.com\/@it\/115874255616550632","error":""},"_links":{"self":[{"href":"https:\/\/www.europesays.com\/it\/wp-json\/wp\/v2\/posts\/300842","targetHints":{"allow":["GET"]}}],"collection":[{"href":"https:\/\/www.europesays.com\/it\/wp-json\/wp\/v2\/posts"}],"about":[{"href":"https:\/\/www.europesays.com\/it\/wp-json\/wp\/v2\/types\/post"}],"author":[{"embeddable":true,"href":"https:\/\/www.europesays.com\/it\/wp-json\/wp\/v2\/users\/3"}],"replies":[{"embeddable":true,"href":"https:\/\/www.europesays.com\/it\/wp-json\/wp\/v2\/comments?post=300842"}],"version-history":[{"count":0,"href":"https:\/\/www.europesays.com\/it\/wp-json\/wp\/v2\/posts\/300842\/revisions"}],"wp:featuredmedia":[{"embeddable":true,"href":"https:\/\/www.europesays.com\/it\/wp-json\/wp\/v2\/media\/300843"}],"wp:attachment":[{"href":"https:\/\/www.europesays.com\/it\/wp-json\/wp\/v2\/media?parent=300842"}],"wp:term":[{"taxonomy":"category","embeddable":true,"href":"https:\/\/www.europesays.com\/it\/wp-json\/wp\/v2\/categories?post=300842"},{"taxonomy":"post_tag","embeddable":true,"href":"https:\/\/www.europesays.com\/it\/wp-json\/wp\/v2\/tags?post=300842"}],"curies":[{"name":"wp","href":"https:\/\/api.w.org\/{rel}","templated":true}]}}