{"id":300881,"date":"2026-01-11T03:49:25","date_gmt":"2026-01-11T03:49:25","guid":{"rendered":"https:\/\/www.europesays.com\/it\/300881\/"},"modified":"2026-01-11T03:49:25","modified_gmt":"2026-01-11T03:49:25","slug":"ismaele-nones-chi-e-lartista-che-dipingera-il-drappellone-del-palio-di-luglio","status":"publish","type":"post","link":"https:\/\/www.europesays.com\/it\/300881\/","title":{"rendered":"Ismaele Nones, chi \u00e8 l&#8217;artista che dipinger\u00e0 il Drappellone del Palio di luglio"},"content":{"rendered":"<p>            <a href=\"https:\/\/www.gazzettadisiena.it\/wp-content\/uploads\/2026\/01\/Ismaele-nones-1.jpg?x25323\" data-caption=\"\" rel=\"nofollow noopener\" target=\"_blank\"><img loading=\"lazy\" decoding=\"async\" width=\"696\" height=\"392\" class=\"entry-thumb td-modal-image\" src=\"https:\/\/www.europesays.com\/it\/wp-content\/uploads\/2026\/01\/Ismaele-nones-1-696x392.jpg\"   alt=\"\" title=\"Ismaele nones (1)\"\/><\/a><\/p>\n<p>L\u2019artista Ismaele Nones \u00e8 originario di Trento vive a Torino, nelle sue opere tanto immagini ispirate all\u2019arte sacra<\/p>\n<p>La Giunta comunale, su proposta del Sindaco, ha scelto <strong>Ismaele Nones<\/strong> come autore del Drappellone del Palio del 2 luglio 2026. Una decisione che affida a un giovane pittore italiano, gi\u00e0 molto apprezzato nel panorama contemporaneo, il compito di interpretare uno dei simboli pi\u00f9 sentiti e identitari della citt\u00e0.<\/p>\n<p><img fetchpriority=\"high\" decoding=\"async\" width=\"600\" height=\"600\" src=\"https:\/\/www.europesays.com\/it\/wp-content\/uploads\/2026\/01\/ISMAELE-NONES_2025_SITO-4.webp.webp\" alt=\"\" class=\"wp-image-279402\"  \/><\/p>\n<p><img loading=\"lazy\" decoding=\"async\" width=\"1024\" height=\"608\" src=\"https:\/\/www.europesays.com\/it\/wp-content\/uploads\/2026\/01\/Senza-titolo-2023-pittura-acrilica-su-tela-190\u00d7320-cm-1024x608.webp.webp\" alt=\"\" class=\"wp-image-279403\"  \/><\/p>\n<p><strong>Chi \u00e8 Ismaele Nones<\/strong><\/p>\n<p>Nato a Trento nel 1992, Ismaele Nones cresce a stretto contatto con l\u2019arte fin da bambino. Il padre \u00e8 iconografo e nella sua bottega Ismaele impara presto il valore dell\u2019immagine come strumento di racconto e di spiritualit\u00e0. Un\u2019esperienza che segna in modo profondo il suo percorso artistico.<\/p>\n<p>Dopo gli studi all\u2019Istituto d\u2019Arte di Trento, si forma all\u2019Accademia di Belle Arti di Venezia. Oggi vive e lavora a Torino, ma il suo lavoro mantiene un forte legame con la tradizione pittorica italiana, che rilegge con uno sguardo attuale.<\/p>\n<p><strong>Una pittura tra sacro e presente<\/strong><\/p>\n<p>La pittura di Nones mette insieme mondi diversi. Da un lato ci sono le immagini ispirate all\u2019arte sacra e ai grandi maestri del passato, come <strong>Giotto<\/strong> e <strong>Duccio di Boninsegna<\/strong>. Dall\u2019altro, temi molto contemporanei come l\u2019identit\u00e0, il corpo, la solitudine e il bisogno di contemplazione.<\/p>\n<p>Nei suoi quadri il sacro e il profano convivono senza scontrarsi. Le figure appaiono spesso immobili, immerse in un\u2019atmosfera silenziosa e sospesa, che invita chi guarda a fermarsi e a osservare con calma, in contrasto con il ritmo veloce e rumoroso della vita quotidiana. Nei suoi dipinti grande spazio anche agli animali, con cavalli maestosi ed eleganti. <\/p>\n<p><img loading=\"lazy\" decoding=\"async\" width=\"600\" height=\"692\" src=\"https:\/\/www.europesays.com\/it\/wp-content\/uploads\/2026\/01\/ISMAELE-NONES_2025_PORTFOLIO-6.webp.webp\" alt=\"\" class=\"wp-image-279405\"  \/><\/p>\n<p><strong>Un linguaggio riconoscibile<\/strong><\/p>\n<p>Lo stile di Ismaele Nones \u00e8 immediato e riconoscibile: colori pieni, superfici lisce, immagini pulite ed essenziali. Le sue opere non cercano l\u2019effetto spettacolare, ma puntano piuttosto a creare uno spazio di riflessione, quasi un momento di pausa.<\/p>\n<p>Questa capacit\u00e0 di unire semplicit\u00e0 visiva e profondit\u00e0 di significato \u00e8 uno degli elementi che hanno reso il suo lavoro sempre pi\u00f9 apprezzato da critici, gallerie e istituzioni.<\/p>\n<p><strong>Mostre e riconoscimenti<\/strong><\/p>\n<p>Negli ultimi anni Nones ha ottenuto importanti riconoscimenti, tra cui il premio \u201cCasarini Due Torri per la pittura Under 35\u201d ad ArtVerona. Ha partecipato a mostre di rilievo come Pittura Italiana Oggi alla <strong>Triennale di Milano<\/strong> ed \u00e8 stato selezionato tra i finalisti del Premio Cairo.<\/p>\n<p>Dal 30 marzo al 29 giugno 2025 il <strong>MAC \u2013 Museo d\u2019Arte Contemporanea di Lissone<\/strong> ospita la sua prima mostra personale in un\u2019istituzione pubblica, confermando la crescita costante del suo percorso artistico.<\/p>\n","protected":false},"excerpt":{"rendered":"L\u2019artista Ismaele Nones \u00e8 originario di Trento vive a Torino, nelle sue opere tanto immagini ispirate all\u2019arte sacra&hellip;\n","protected":false},"author":3,"featured_media":300882,"comment_status":"","ping_status":"","sticky":false,"template":"","format":"standard","meta":{"footnotes":""},"categories":[1446],"tags":[1615,1613,1614,1611,1610,1612,203,204,1537,90,89,27056],"class_list":{"0":"post-300881","1":"post","2":"type-post","3":"status-publish","4":"format-standard","5":"has-post-thumbnail","7":"category-arte-e-design","8":"tag-arte","9":"tag-arte-e-design","10":"tag-arteedesign","11":"tag-arts","12":"tag-arts-and-design","13":"tag-design","14":"tag-entertainment","15":"tag-intrattenimento","16":"tag-it","17":"tag-italia","18":"tag-italy","19":"tag-palio"},"share_on_mastodon":{"url":"https:\/\/pubeurope.com\/@it\/115874428629177863","error":""},"_links":{"self":[{"href":"https:\/\/www.europesays.com\/it\/wp-json\/wp\/v2\/posts\/300881","targetHints":{"allow":["GET"]}}],"collection":[{"href":"https:\/\/www.europesays.com\/it\/wp-json\/wp\/v2\/posts"}],"about":[{"href":"https:\/\/www.europesays.com\/it\/wp-json\/wp\/v2\/types\/post"}],"author":[{"embeddable":true,"href":"https:\/\/www.europesays.com\/it\/wp-json\/wp\/v2\/users\/3"}],"replies":[{"embeddable":true,"href":"https:\/\/www.europesays.com\/it\/wp-json\/wp\/v2\/comments?post=300881"}],"version-history":[{"count":0,"href":"https:\/\/www.europesays.com\/it\/wp-json\/wp\/v2\/posts\/300881\/revisions"}],"wp:featuredmedia":[{"embeddable":true,"href":"https:\/\/www.europesays.com\/it\/wp-json\/wp\/v2\/media\/300882"}],"wp:attachment":[{"href":"https:\/\/www.europesays.com\/it\/wp-json\/wp\/v2\/media?parent=300881"}],"wp:term":[{"taxonomy":"category","embeddable":true,"href":"https:\/\/www.europesays.com\/it\/wp-json\/wp\/v2\/categories?post=300881"},{"taxonomy":"post_tag","embeddable":true,"href":"https:\/\/www.europesays.com\/it\/wp-json\/wp\/v2\/tags?post=300881"}],"curies":[{"name":"wp","href":"https:\/\/api.w.org\/{rel}","templated":true}]}}