{"id":300921,"date":"2026-01-11T04:26:11","date_gmt":"2026-01-11T04:26:11","guid":{"rendered":"https:\/\/www.europesays.com\/it\/300921\/"},"modified":"2026-01-11T04:26:11","modified_gmt":"2026-01-11T04:26:11","slug":"conferenza-meloni-reazioni-schlein-incoerente-conte-sembra-discorso-insediamento","status":"publish","type":"post","link":"https:\/\/www.europesays.com\/it\/300921\/","title":{"rendered":"Conferenza Meloni, reazioni. Schlein: \u201cIncoerente\u201d, Conte: \u201cSembra discorso insediamento\u201d"},"content":{"rendered":"<p><b>Raffaele Nevi, portavoce di Forza Italia<\/b>, ha fatto sapere che <b>il partito \u201cha molto apprezzato la conferenza stampa<\/b> della presidente Meloni, in cui ha giustamente rivendicato l&#8217;azione di governo di questi anni. Siamo stati particolarmente orgogliosi anche del riconoscimento che ha voluto riservare al lavoro straordinario di Antonio Tajani e di tutta Forza Italia&#8221;.<\/p>\n<p>\u00a0<\/p>\n<p>Riguardo all\u2019<b>Ucraina,<\/b> Nevi ha aggiunto: &#8220;Per arrivare alla pace bisogna parlare con tutti. Siamo d&#8217;accordo sulla necessit\u00e0 che l&#8217;Europa sia protagonista e che svolga un ruolo ancora pi\u00f9 importante e che possa essere un attore fondamentale. \u00c8 necessario che l&#8217;Europa dialoghi anche con la Russia&#8221;.<\/p>\n<p>\u00a0<\/p>\n<p>Plauso di Forza Italia anche per le parole e l\u2019apertura di Meloni sul <b>Mercosur<\/b>. &#8220;\u00c8 il pi\u00f9 grande accordo mai negoziato dall&#8217;Unione, un fatto che possiamo certamente definire storico, per l&#8217;Unione Europea, per l&#8217;Italia e per una parte molto importante del continente latino americano, cui siamo profondamente legati. E non solo per gli aspetti di natura commerciale, ma anche per quelli politici&#8221;, ha dichiarato <b>Antonio Tajani<\/b>, vicepremier e ministro degli Esteri, in un&#8217;intervista a Il Sole 24 ore. &#8220;L&#8217;accordo \u2013 ha aggiunto \u2013 \u00e8 anche frutto del lavoro che abbiamo fatto in stretta sinergia con la premier Giorgia Meloni e il ministro Francesco Lollobrigida. Possiamo ribadire, e lo abbiamo gi\u00e0 fatto nelle fasi che hanno preceduto il via libera definitivo, che si tratta di un successo per l&#8217;Italia&#8221;. La Lega, comunque, ha ribadito la propria &#8220;storica contrariet\u00e0&#8221;.<\/p>\n","protected":false},"excerpt":{"rendered":"Raffaele Nevi, portavoce di Forza Italia, ha fatto sapere che il partito \u201cha molto apprezzato la conferenza stampa&hellip;\n","protected":false},"author":3,"featured_media":300922,"comment_status":"","ping_status":"","sticky":false,"template":"","format":"standard","meta":{"footnotes":""},"categories":[160],"tags":[97430,14,164,165,369,8764,126,7807,39055,166,7,15,2462,11,167,12,168,161,162,163],"class_list":{"0":"post-300921","1":"post","2":"type-post","3":"status-publish","4":"format-standard","5":"has-post-thumbnail","7":"category-mondo","8":"tag-carlo-calenda","9":"tag-cronaca","10":"tag-dal-mondo","11":"tag-dalmondo","12":"tag-digitall","13":"tag-elly-schlein","14":"tag-giorgia-meloni","15":"tag-giuseppe-conte","16":"tag-matteo-renzi","17":"tag-mondo","18":"tag-news","19":"tag-notizie","20":"tag-opposizioni","21":"tag-ultime-notizie","22":"tag-ultime-notizie-di-mondo","23":"tag-ultimenotizie","24":"tag-ultimenotiziedimondo","25":"tag-world","26":"tag-world-news","27":"tag-worldnews"},"share_on_mastodon":{"url":"https:\/\/pubeurope.com\/@it\/115874574218855149","error":""},"_links":{"self":[{"href":"https:\/\/www.europesays.com\/it\/wp-json\/wp\/v2\/posts\/300921","targetHints":{"allow":["GET"]}}],"collection":[{"href":"https:\/\/www.europesays.com\/it\/wp-json\/wp\/v2\/posts"}],"about":[{"href":"https:\/\/www.europesays.com\/it\/wp-json\/wp\/v2\/types\/post"}],"author":[{"embeddable":true,"href":"https:\/\/www.europesays.com\/it\/wp-json\/wp\/v2\/users\/3"}],"replies":[{"embeddable":true,"href":"https:\/\/www.europesays.com\/it\/wp-json\/wp\/v2\/comments?post=300921"}],"version-history":[{"count":0,"href":"https:\/\/www.europesays.com\/it\/wp-json\/wp\/v2\/posts\/300921\/revisions"}],"wp:featuredmedia":[{"embeddable":true,"href":"https:\/\/www.europesays.com\/it\/wp-json\/wp\/v2\/media\/300922"}],"wp:attachment":[{"href":"https:\/\/www.europesays.com\/it\/wp-json\/wp\/v2\/media?parent=300921"}],"wp:term":[{"taxonomy":"category","embeddable":true,"href":"https:\/\/www.europesays.com\/it\/wp-json\/wp\/v2\/categories?post=300921"},{"taxonomy":"post_tag","embeddable":true,"href":"https:\/\/www.europesays.com\/it\/wp-json\/wp\/v2\/tags?post=300921"}],"curies":[{"name":"wp","href":"https:\/\/api.w.org\/{rel}","templated":true}]}}