{"id":301277,"date":"2026-01-11T10:17:11","date_gmt":"2026-01-11T10:17:11","guid":{"rendered":"https:\/\/www.europesays.com\/it\/301277\/"},"modified":"2026-01-11T10:17:11","modified_gmt":"2026-01-11T10:17:11","slug":"iran-sangue-sulle-proteste-regime-spara-sulla-folla-israele-in-massima-allerta-per-possibile-intervento","status":"publish","type":"post","link":"https:\/\/www.europesays.com\/it\/301277\/","title":{"rendered":"Iran, sangue sulle proteste: regime spara sulla folla. Israele in massima allerta per possibile intervento"},"content":{"rendered":"<p class=\"artlive-meta artlive-meta--badge\">LiveAggiornato circa un&#8217;ora fa<\/p>\n<p>Pugno di ferro del regime in Iran che spara sulle proteste e minaccia i manifestanti, in piazza per il quattordicesimo giorno consecutivo, con la pena di morte. Il numero delle vittime, secondo le ong, \u00e8 salito ad almeno 116 ma si teme un bilancio molto pi\u00f9 pesante. Mentre prosegue il blackout di internet imposto dalle autorit\u00e0, gli ospedali sono \u00absopraffatti\u00bb dai feriti e fonti mediche parlano di almeno 217 morti solo a Teheran, \u00abla maggior parte a causa di proiettili veri\u00bb. Gli arrestati dovrebbero essere almeno 2.638. Trump: \u00abPronti ad aiutare i manifestanti che lottano per la libert\u00e0\u00bb. Il Wsj riferisce di \u00abdiscussioni preliminari\u00bb su un possibile attacco Usa in Iran, che tuttavia non sarebbe imminente. Virale sui social la protesta delle iraniane all\u2019estero che si filmano mentre accendono sigarette da un\u2019immagine in fiamme di Khamenei<\/p>\n<p>Nessuno tocchi Caino: studentessa curda di 24 anni uccisa durante le proteste a Teheran<\/p>\n<p class=\"atext\">Robina Aminian, una studentessa curda di 24 anni dell\u2019Universit\u00e0 Tecnica Shariati di Teheran, originaria di Nowdesheh nella provincia di Kermanshah, \u00e8 stata uccisa da colpi di arma da fuoco diretti dalle forze governative iraniane durante le proteste a Teheran. Lo riporta Nessuno tocchi Caino citando informazioni ottenute dall\u2019Organizzazione Hengaw per i Diritti Umani, secondo cui l\u2019incidente \u00e8 avvenuto gioved\u00ec 8 gennaio.<\/p>\n<p>Polizia iraniana: \u00abSi \u00e8 alzato il livello dello scontro, arresti importanti\u00bb<\/p>\n<p class=\"atext\">Sardar Radan, comandante in capo della polizia nazionale iraniana, ha dichiarato questa mattina che \u00abil livello di scontro con i rivoltosi \u00e8 aumentato\u00bb e ha celebrato quelli che ha definito \u00abarresti importanti\u00bb, sottolineando che \u00abi principali elementi dei disordini di ieri sera sono stati arrestati\u00bb. Lo riporta Sky News.<\/p>\n<p>Iran a Trump: \u00abSe attaccati colpiremo Israele e le basi Usa\u00bb<\/p>\n<p class=\"atext\">L\u2019Iran avverte il presidente degli Stati Uniti Donald Trump che \u00abqualsiasi attacco statunitense porterebbe Teheran a reagire contro Israele e le basi militari statunitensi\u00bb nella regione, definendole \u00abobiettivi legittimi\u00bb. Lo ha detto il presidente del Parlamento iraniano, Mohammad Baqer Qalibaf, rivolgendosi ai deputati.<\/p>\n","protected":false},"excerpt":{"rendered":"LiveAggiornato circa un&#8217;ora fa Pugno di ferro del regime in Iran che spara sulle proteste e minaccia i&hellip;\n","protected":false},"author":3,"featured_media":301278,"comment_status":"","ping_status":"","sticky":false,"template":"","format":"standard","meta":{"footnotes":""},"categories":[160],"tags":[14,164,165,166,7,15,11,167,12,168,161,162,163],"class_list":{"0":"post-301277","1":"post","2":"type-post","3":"status-publish","4":"format-standard","5":"has-post-thumbnail","7":"category-mondo","8":"tag-cronaca","9":"tag-dal-mondo","10":"tag-dalmondo","11":"tag-mondo","12":"tag-news","13":"tag-notizie","14":"tag-ultime-notizie","15":"tag-ultime-notizie-di-mondo","16":"tag-ultimenotizie","17":"tag-ultimenotiziedimondo","18":"tag-world","19":"tag-world-news","20":"tag-worldnews"},"share_on_mastodon":{"url":"https:\/\/pubeurope.com\/@it\/115875954502857608","error":""},"_links":{"self":[{"href":"https:\/\/www.europesays.com\/it\/wp-json\/wp\/v2\/posts\/301277","targetHints":{"allow":["GET"]}}],"collection":[{"href":"https:\/\/www.europesays.com\/it\/wp-json\/wp\/v2\/posts"}],"about":[{"href":"https:\/\/www.europesays.com\/it\/wp-json\/wp\/v2\/types\/post"}],"author":[{"embeddable":true,"href":"https:\/\/www.europesays.com\/it\/wp-json\/wp\/v2\/users\/3"}],"replies":[{"embeddable":true,"href":"https:\/\/www.europesays.com\/it\/wp-json\/wp\/v2\/comments?post=301277"}],"version-history":[{"count":0,"href":"https:\/\/www.europesays.com\/it\/wp-json\/wp\/v2\/posts\/301277\/revisions"}],"wp:featuredmedia":[{"embeddable":true,"href":"https:\/\/www.europesays.com\/it\/wp-json\/wp\/v2\/media\/301278"}],"wp:attachment":[{"href":"https:\/\/www.europesays.com\/it\/wp-json\/wp\/v2\/media?parent=301277"}],"wp:term":[{"taxonomy":"category","embeddable":true,"href":"https:\/\/www.europesays.com\/it\/wp-json\/wp\/v2\/categories?post=301277"},{"taxonomy":"post_tag","embeddable":true,"href":"https:\/\/www.europesays.com\/it\/wp-json\/wp\/v2\/tags?post=301277"}],"curies":[{"name":"wp","href":"https:\/\/api.w.org\/{rel}","templated":true}]}}