{"id":301947,"date":"2026-01-11T20:10:09","date_gmt":"2026-01-11T20:10:09","guid":{"rendered":"https:\/\/www.europesays.com\/it\/301947\/"},"modified":"2026-01-11T20:10:09","modified_gmt":"2026-01-11T20:10:09","slug":"gennaro-riesce-ancora-a-farla-franca","status":"publish","type":"post","link":"https:\/\/www.europesays.com\/it\/301947\/","title":{"rendered":"Gennaro riesce ancora a farla franca"},"content":{"rendered":"<p>Settimana rocambolesca quella che attende i numerosi fan di <a href=\"https:\/\/www.ilmattino.it\/t\/un-posto-al-sole\" rel=\"nofollow noopener\" target=\"_blank\">Un Posto al Sole<\/a>, la celebre soap opera televisiva trasmessa da <strong>Rai Tre<\/strong> a partire dalle 20.50. Gi\u00e0 nel corso della puntata di domani, infatti, vedremo come il diabolico <strong>Gagliotti<\/strong> riuscir\u00e0 ancora una volta a farla franca, sfuggendo con un colpo da maestro alle sue responsabilit\u00e0. Ma la settimana \u00e8 lunga e le anticipazioni promettono un incredibile colpo di scena.<\/p>\n","protected":false},"excerpt":{"rendered":"Settimana rocambolesca quella che attende i numerosi fan di Un Posto al Sole, la celebre soap opera televisiva&hellip;\n","protected":false},"author":3,"featured_media":301948,"comment_status":"","ping_status":"","sticky":false,"template":"","format":"standard","meta":{"footnotes":""},"categories":[1444],"tags":[177135,203,204,1537,90,89,253,2657,4664],"class_list":{"0":"post-301947","1":"post","2":"type-post","3":"status-publish","4":"format-standard","5":"has-post-thumbnail","7":"category-tv","8":"tag-anticipaizioni","9":"tag-entertainment","10":"tag-intrattenimento","11":"tag-it","12":"tag-italia","13":"tag-italy","14":"tag-tv","15":"tag-un-posto-al-sole","16":"tag-upas"},"share_on_mastodon":{"url":"https:\/\/pubeurope.com\/@it\/115878285952394531","error":""},"_links":{"self":[{"href":"https:\/\/www.europesays.com\/it\/wp-json\/wp\/v2\/posts\/301947","targetHints":{"allow":["GET"]}}],"collection":[{"href":"https:\/\/www.europesays.com\/it\/wp-json\/wp\/v2\/posts"}],"about":[{"href":"https:\/\/www.europesays.com\/it\/wp-json\/wp\/v2\/types\/post"}],"author":[{"embeddable":true,"href":"https:\/\/www.europesays.com\/it\/wp-json\/wp\/v2\/users\/3"}],"replies":[{"embeddable":true,"href":"https:\/\/www.europesays.com\/it\/wp-json\/wp\/v2\/comments?post=301947"}],"version-history":[{"count":0,"href":"https:\/\/www.europesays.com\/it\/wp-json\/wp\/v2\/posts\/301947\/revisions"}],"wp:featuredmedia":[{"embeddable":true,"href":"https:\/\/www.europesays.com\/it\/wp-json\/wp\/v2\/media\/301948"}],"wp:attachment":[{"href":"https:\/\/www.europesays.com\/it\/wp-json\/wp\/v2\/media?parent=301947"}],"wp:term":[{"taxonomy":"category","embeddable":true,"href":"https:\/\/www.europesays.com\/it\/wp-json\/wp\/v2\/categories?post=301947"},{"taxonomy":"post_tag","embeddable":true,"href":"https:\/\/www.europesays.com\/it\/wp-json\/wp\/v2\/tags?post=301947"}],"curies":[{"name":"wp","href":"https:\/\/api.w.org\/{rel}","templated":true}]}}