{"id":302506,"date":"2026-01-12T05:40:14","date_gmt":"2026-01-12T05:40:14","guid":{"rendered":"https:\/\/www.europesays.com\/it\/302506\/"},"modified":"2026-01-12T05:40:14","modified_gmt":"2026-01-12T05:40:14","slug":"un-vivaldi-non-fa-primavera","status":"publish","type":"post","link":"https:\/\/www.europesays.com\/it\/302506\/","title":{"rendered":"Un Vivaldi non fa \u201cPrimavera\u201d"},"content":{"rendered":"<p class=\"western\" align=\"justify\">In Italia \u00e8 frequentissimo il caso di registi cinematografici che si cimentano nella regia di opere liriche, a partire dal grande melomane Luchino Visconti fino a Bolognini e, in tempi recenti, ai nomi pi\u00f9 disparati, tra Martone, Avati e Argento. Molto pi\u00f9 raro \u00e8 il caso contrario e sicuramente in questo senso il precedente pi\u00f9 significativo \u00e8 quello di Franco Zeffirelli, al quale oggi si aggiunge <b>Damiano Michieletto, che esordisce al cinema con <\/b><b>Primavera<\/b><b>, ispirato al romanzo <\/b><b>Stabat mater <\/b><b>(2009) di Tiziano Scarpa.<\/b><\/p>\n<p class=\"western\" align=\"justify\">Entrambi approdati al cinema dopo aver raggiunto un successo internazionale in campo operistico, Zeffirelli e Michieletto sembrano imparagonabili: tanto tradizionalista il primo, quanto discusso e provocatorio il secondo. Stupisce allora che <b>Michieletto apra la sua carriera cinematografica quasi riallacciandosi idealmente a uno degli ultimi film di Zeffirelli, il verghiano <\/b><b>Storia di una capinera <\/b><b>(1993): entrambe storie in costume di fanciulle rinchiuse in convento, vittime di un amore negato.<\/b><\/p>\n<p class=\"western\" align=\"justify\">Nel caso della protagonista di Primavera, Cecilia (la brava Tecla Insolia, purtroppo gi\u00e0 abbonata alle parti di fiera orfanella), l\u2019amore negato \u00e8 quello della madre, che l\u2019ha abbandonata neonata al Pio Ospedale della Piet\u00e0 di Venezia, dove alcune ragazze vengono istruite nella musica, le cosiddette \u201cfiglie di coro\u201d, e hanno come maestro Antonio Vivaldi (un efficace Michele Riondino, degno di miglior causa). <b>Una storia potenzialmente strappalacrime<\/b>, com\u2019era il film di Zeffirelli, ma, visto che i tempi sono cambiati e il pubblico \u00e8 pi\u00f9 smaliziato, viene <b>trasformata dalla sceneggiatura in una storia di riscatto e orgoglio femminile<\/b>: a detta dello stesso regista, \u00abil personaggio di Cecilia riecheggia nei percorsi d\u2019emancipazione delle ragazze d\u2019oggi\u00bb.<\/p>\n<p class=\"western\" align=\"justify\">Si tratta purtroppo di una strada battuta e ribattuta e tra l\u2019altro, cos\u00ec facendo, il nucleo del film diventa pericolosamente simile a quello di Gloria! (2024) (www.raiplay.it\/video\/2025\/12\/Gloria-3cde0226-0541-4b52-84a8-50e3e1658b5d.html ) di Margherita Vicario, pressoch\u00e9 identico per ambientazione e premiato nella scorsa stagione cinematografica con vari David di Donatello. Dedicato \u00aba tutte le compositrici che, come fiori messi a seccare, sono rimaste nascoste tra le pagine della storia\u00bb, <b>Gloria! <\/b><b>\u00e8 un film forse non migliore di <\/b><b>Primavera<\/b><b>, ma che appare almeno pi\u00f9 sincero e sentito<\/b>, fosse anche solo per il fatto che la regista stessa \u00e8 una musicista, cos\u00ec come una delle interpreti principali, Veronica Lucchesi del gruppo \u201cLa Rappresentante di Lista\u201d.<\/p>\n<p class=\"western\" align=\"justify\">Al netto di questa sensazione di d\u00e9j\u00e0 vu, c\u2019era bisogno di Primavera? Al di l\u00e0 della bravura degli attori protagonisti e di un\u2019indubbia cura nell\u2019ambientazione e nella fotografia di Daria D\u2019Antonio, si tratta di un film che non solo vuole rivolgersi a un pubblico relativamente ampio e internazionale (e fin qui nulla di male), ma che non fa che assecondarne il gusto, dandogli esattamente quello che si aspetta. Forse, <b>inaspettatamente, Zeffirelli non \u00e8 tanto lontano e deve saperlo molto bene Michieletto stesso, che ha gi\u00e0 messo le mani avanti dichiarando: \u00abper il prossimo film spero di osare quello che qui non ho potuto osare<\/b>, con un linguaggio pi\u00f9 approfondito e una storia che abbia una sua piena autenticit\u00e0\u00bb.<\/p>\n<p align=\"justify\"><img fetchpriority=\"high\" decoding=\"async\" class=\" wp-image-46955 aligncenter lazyload\" src=\"https:\/\/www.europesays.com\/it\/wp-content\/uploads\/2026\/01\/prim-215x300.jpg\" alt=\"\" width=\"496\" height=\"692\"\/><\/p>\n","protected":false},"excerpt":{"rendered":"In Italia \u00e8 frequentissimo il caso di registi cinematografici che si cimentano nella regia di opere liriche, a&hellip;\n","protected":false},"author":3,"featured_media":302507,"comment_status":"","ping_status":"","sticky":false,"template":"","format":"standard","meta":{"footnotes":""},"categories":[1442],"tags":[165118,146491,203,454,204,1537,90,89,80929,1521,164311],"class_list":{"0":"post-302506","1":"post","2":"type-post","3":"status-publish","4":"format-standard","5":"has-post-thumbnail","7":"category-film","8":"tag-antonio-vivaldi","9":"tag-damiano-michieletto","10":"tag-entertainment","11":"tag-film","12":"tag-intrattenimento","13":"tag-it","14":"tag-italia","15":"tag-italy","16":"tag-michele-riondino","17":"tag-movies","18":"tag-tecla-insolia"},"share_on_mastodon":{"url":"https:\/\/pubeurope.com\/@it\/115880527461620096","error":""},"_links":{"self":[{"href":"https:\/\/www.europesays.com\/it\/wp-json\/wp\/v2\/posts\/302506","targetHints":{"allow":["GET"]}}],"collection":[{"href":"https:\/\/www.europesays.com\/it\/wp-json\/wp\/v2\/posts"}],"about":[{"href":"https:\/\/www.europesays.com\/it\/wp-json\/wp\/v2\/types\/post"}],"author":[{"embeddable":true,"href":"https:\/\/www.europesays.com\/it\/wp-json\/wp\/v2\/users\/3"}],"replies":[{"embeddable":true,"href":"https:\/\/www.europesays.com\/it\/wp-json\/wp\/v2\/comments?post=302506"}],"version-history":[{"count":0,"href":"https:\/\/www.europesays.com\/it\/wp-json\/wp\/v2\/posts\/302506\/revisions"}],"wp:featuredmedia":[{"embeddable":true,"href":"https:\/\/www.europesays.com\/it\/wp-json\/wp\/v2\/media\/302507"}],"wp:attachment":[{"href":"https:\/\/www.europesays.com\/it\/wp-json\/wp\/v2\/media?parent=302506"}],"wp:term":[{"taxonomy":"category","embeddable":true,"href":"https:\/\/www.europesays.com\/it\/wp-json\/wp\/v2\/categories?post=302506"},{"taxonomy":"post_tag","embeddable":true,"href":"https:\/\/www.europesays.com\/it\/wp-json\/wp\/v2\/tags?post=302506"}],"curies":[{"name":"wp","href":"https:\/\/api.w.org\/{rel}","templated":true}]}}