{"id":303093,"date":"2026-01-12T14:03:13","date_gmt":"2026-01-12T14:03:13","guid":{"rendered":"https:\/\/www.europesays.com\/it\/303093\/"},"modified":"2026-01-12T14:03:13","modified_gmt":"2026-01-12T14:03:13","slug":"riis-sul-ritiro-di-yates-vince-il-giro-e-non-gli-importa-piu-niente-chi-fatica-tutto-lanno-si-sentira-preso-in-giro","status":"publish","type":"post","link":"https:\/\/www.europesays.com\/it\/303093\/","title":{"rendered":"Riis sul ritiro di Yates: \u00abVince il Giro e non gli importa pi\u00f9 niente, chi fatica tutto l&#8217;anno si sentir\u00e0 preso in giro\u00bb"},"content":{"rendered":"<p><a href=\"https:\/\/www.quibicisport.it\/wp-content\/uploads\/2026\/01\/Yates-Roma.jpg\" data-caption=\"A Roma, Simon festeggia la conquista del suo Giro d\u2019Italia (credit: D\u2019Alberto\/LaPresse).\" rel=\"nofollow noopener\" target=\"_blank\"><img loading=\"lazy\" decoding=\"async\" data-lazyloaded=\"1\" width=\"696\" height=\"464\" class=\"entry-thumb td-modal-image\" src=\"https:\/\/www.europesays.com\/it\/wp-content\/uploads\/2026\/01\/Yates-Roma-696x464.jpg\"  data- alt=\"Yates\" title=\"Yates-Roma\"\/><\/a>A Roma, Simon festeggia la conquista del suo Giro d\u2019Italia (credit: D\u2019Alberto\/LaPresse).<br \/>\nTempo di lettura:   &lt; 1 minuto<\/p>\n<p>Dopo una sola stagione con la <strong>Visma|Lease a bike<\/strong>, diviso tra il ruolo di capitano e la spalla destra di Jonas Vingegaard, il 7 gennaio <strong>Simon Yates<\/strong> ha inaspettatamente annunciato il ritiro dal professionismo con effetto immediato.<\/p>\n<p>Secondo <strong>Bjarne Riis<\/strong> la notizia ha preso completamente di sprovvista anche la squadra, perch\u00e9 altrimenti non avrebbero lasciato Yates \u201coccupare\u201d uno slot per poi ritirarsi 7 giorni dopo l\u2019inizio del contratto.<\/p>\n<p>\u00abNon si pu\u00f2 fare a meno di chiedersi: perch\u00e9 mai proprio ora? \u2013 si \u00e8 interrogato Riis in un\u2019intervista a BT \u2013 Non credo fosse previsto, si stanno allenando duramente per la prossima stagione. Probabilmente avrebbe aiutato un po\u2019 la squadra dicendolo in tempo. Deve esserci qualcuno che si sente preso in giro: <strong>quel tizio ha appena vinto il Giro e non gliene importa pi\u00f9 niente, mentre altri faticano tutto l\u2019anno senza vincere nulla<\/strong>\u00bb.<\/p>\n<p>\u00c8 possibile che sia stata la squadra a licenziarlo? \u00abPenso che sarebbe un errore della Visma, che ha gi\u00e0 abbastanza sfide da affrontare. La squadra si \u00e8 gi\u00e0 ridotta, e questo rende la presenza di un uomo come Yates ancora pi\u00f9 importante. Perch\u00e9 non vedo un sostituto arrivare a breve. La Visma si \u00e8 un po\u2019 indebolita: non sono migliorati, si sono indeboliti su tutti i fronti\u00bb.<\/p>\n<p>E per Vingegaard \u00ab<strong>\u00e8 una perdita enorme<\/strong>\u00bb, dichiara Riis. \u00abPerdono un vincitore del Giro che avrebbe potuto finire tra i primi 5 del Tour. Jonas perde un corridore fondamentale per il Tour. Jonas ora ha bisogno di tutto il supporto della sua squadra\u00bb.<\/p>\n","protected":false},"excerpt":{"rendered":"A Roma, Simon festeggia la conquista del suo Giro d\u2019Italia (credit: D\u2019Alberto\/LaPresse). Tempo di lettura: &lt; 1 minuto&hellip;\n","protected":false},"author":3,"featured_media":303094,"comment_status":"","ping_status":"","sticky":false,"template":"","format":"standard","meta":{"footnotes":"","_share_on_mastodon":"0"},"categories":[1456],"tags":[1824,1825,1537,90,89,245,244,41374,94487],"class_list":["post-303093","post","type-post","status-publish","format-standard","has-post-thumbnail","category-ciclismo","tag-ciclismo","tag-cycling","tag-it","tag-italia","tag-italy","tag-sport","tag-sports","tag-visma","tag-yates"],"share_on_mastodon":{"url":"https:\/\/pubeurope.com\/@it\/115882505208194186","error":""},"_links":{"self":[{"href":"https:\/\/www.europesays.com\/it\/wp-json\/wp\/v2\/posts\/303093","targetHints":{"allow":["GET"]}}],"collection":[{"href":"https:\/\/www.europesays.com\/it\/wp-json\/wp\/v2\/posts"}],"about":[{"href":"https:\/\/www.europesays.com\/it\/wp-json\/wp\/v2\/types\/post"}],"author":[{"embeddable":true,"href":"https:\/\/www.europesays.com\/it\/wp-json\/wp\/v2\/users\/3"}],"replies":[{"embeddable":true,"href":"https:\/\/www.europesays.com\/it\/wp-json\/wp\/v2\/comments?post=303093"}],"version-history":[{"count":0,"href":"https:\/\/www.europesays.com\/it\/wp-json\/wp\/v2\/posts\/303093\/revisions"}],"wp:featuredmedia":[{"embeddable":true,"href":"https:\/\/www.europesays.com\/it\/wp-json\/wp\/v2\/media\/303094"}],"wp:attachment":[{"href":"https:\/\/www.europesays.com\/it\/wp-json\/wp\/v2\/media?parent=303093"}],"wp:term":[{"taxonomy":"category","embeddable":true,"href":"https:\/\/www.europesays.com\/it\/wp-json\/wp\/v2\/categories?post=303093"},{"taxonomy":"post_tag","embeddable":true,"href":"https:\/\/www.europesays.com\/it\/wp-json\/wp\/v2\/tags?post=303093"}],"curies":[{"name":"wp","href":"https:\/\/api.w.org\/{rel}","templated":true}]}}