{"id":303563,"date":"2026-01-12T22:28:19","date_gmt":"2026-01-12T22:28:19","guid":{"rendered":"https:\/\/www.europesays.com\/it\/303563\/"},"modified":"2026-01-12T22:28:19","modified_gmt":"2026-01-12T22:28:19","slug":"scuola-a-milano-aprono-le-iscrizioni-e-la-solita-corsa-allo-scientifico-il-classico-in-cinque-anni-perde-1-500-matricole","status":"publish","type":"post","link":"https:\/\/www.europesays.com\/it\/303563\/","title":{"rendered":"Scuola a Milano, aprono le iscrizioni (e la solita corsa allo scientifico). Il classico in cinque anni perde 1.500 matricole"},"content":{"rendered":"<p>    di<br \/>\n    Giovanna Maria Fagnani<\/p>\n<p class=\"summary-art is-line-h-12\">\u00c8 tempo di scelta per migliaia di famiglie: dalle 8 di domani e fino alle 20 del 14 febbraio sul portale \u00abUnica\u00bb (unica.istruzione.gov.it) saranno aperte le iscrizioni a tutti gli ordini di scuola, dalle primarie alle superiori<\/p>\n<p class=\"chapter-paragraph\">Il ritorno del latino (anche se  opzionale) alle scuole medie, i rudimenti di informatica alle  primarie, la riforma dell\u2019esame di maturit\u00e0 e dei percorsi 4+2. <b>Sono solo alcune delle novit\u00e0 che il prossimo  anno scolastico porter\u00e0 con s\u00e9.<\/b> \u00c8 tempo di scelta per migliaia di famiglie:  dalle 8 di domani, sul portale \u00abUnica\u00bb (unica.istruzione.gov.it) e fino alle 20 del 14 febbraio saranno aperte le iscrizioni a tutti gli ordini di scuola, dalle primarie alle superiori. Sono circa 88 mila i ragazzi lombardi &#8211; e circa 26 mila di Milano e provincia &#8211; che devono scegliere le superiori.<br \/>\u00a0<br \/>Non occorre avere fretta (negli anni scorsi i primi giorni il  sistema si \u00e8 bloccato  per i troppi accessi): c\u2019\u00e8 tempo un mese e l\u2019iscrizione fatta prima non garantisce il posto nella scuola desiderata. Ci sono altri parametri pi\u00f9 significativi, soprattutto se si mira a un liceo scientifico, l\u2019indirizzo pi\u00f9 gettonato di questi ultimi anni. <b>Occorre in prima battuta il consiglio orientativo dei professori che indichi il liceo e non l\u2019itis o il professionale<\/b>. Non dovrebbero esserci problemi invece a trovare posto al classico: indirizzo che <b>negli ultimi cinque  anni a Milano e provincia ha perso 1500 iscritti. Dove sono andati? Probabilmente alle scienze umane<\/b> (o al liceo economico sociale, sua  declinazione), che  \u00e8 cresciuto di 1600 studenti e lo sarebbe  anche di pi\u00f9, se ci fossero state pi\u00f9 scuole a proporlo. Tra le nuove ad adottarlo c\u2019\u00e8 il liceo Pasolini.<\/p>\n<p class=\"chapter-paragraph\"><b>Per gli indecisi  c\u2019\u00e8 tempo di frequentare ancora qualche open day (ad esempio al Virgilio venerd\u00ec   16 gennaio)<\/b>. L\u2019offerta \u00e8 comunque ampia: 203 le scuole superiori pubbliche sul territorio milanese e altre 120 private. Se proseguir\u00e0 il trend degli anni passati, la met\u00e0 degli studenti si iscriver\u00e0 a un liceo: nel 2025 sono stati il 49,6 per cento   in Lombardia. Il 36,4 per cento ha optato per un tecnico e il 14 per cento per un professionale, e  su questi due fronti  si aprono nuove possibilit\u00e0 con i percorsi quadriennali (al Correnti, al Frisi, al Gentileschi solo per fare qualche esempio). <b>Al Carlo Porta debutter\u00e0 il Liceo del Made in Italy<\/b>. <br \/>A scuola da luned\u00ec a venerd\u00ec e a casa il sabato, il prossimo anno sar\u00e0 cos\u00ec  per la  maggioranza degli studenti, ormai sono soltanto otto gli istituti in citt\u00e0 (licei classici e scientifici) che fanno lezione il sabato. L\u2019ultimo a rinunciarvi \u00e8 stato il Carducci.    &#13;<br \/>\n&#13;<br \/>\n&#13;<br \/>\n&#13;<br \/>\n&#13;<br \/>\n&#13;<br \/>\n&#13;<br \/>\n&#13;<br \/>\n&#13;<br \/>\n&#13;<br \/>\n&#13;<br \/>\n&#13;<br \/>\n&#13;<br \/>\n&#13;<br \/>\n&#13;<br \/>\n&#13;<br \/>\n&#13;<br \/>\n&#13;<br \/>\n&#13;<br \/>\n&#13;<br \/>\n&#13;<br \/>\n&#13;<br \/>\n&#13;<br \/>\n&#13;<br \/>\n&#13;<br \/>\n&#13;<br \/>\n&#13;<br \/>\n&#13;<br \/>\n&#13;<br \/>\n&#13;<br \/>\n&#13;<br \/>\n&#13;<br \/>\n&#13;<br \/>\n&#13;<br \/>\n&#13;<br \/>\n&#13;<br \/>\n&#13;<br \/>\n&#13;<br \/>\n&#13;<br \/>\n&#13;<br \/>\n&#13;<br \/>\n&#13;<br \/>\n&#13;<br \/>\n&#13;<br \/>\n&#13;<br \/>\n&#13;<br \/>\n&#13;<br \/>\n&#13;<br \/>\n&#13;<br \/>\n&#13;<br \/>\n&#13;<br \/>\n&#13;<br \/>\n&#13;\n<\/p>\n<p class=\"chapter-paragraph\"><b>Nell\u2019anno scolastico 2026\/27 arriva il nuovo esame di maturit\u00e0<\/b>: restano i due scritti di italiano e materia d\u2019indirizzo. <b>L\u2019orale si snellisce a  quattro materie e non ci si potr\u00e0 rifiutare di sostenerlo<\/b> (come hanno fatto per protesta alcuni alunni quest\u2019anno), pur sapendo di avere gi\u00e0  la sufficienza dai voti degli scritti. <b>Chi non si presenter\u00e0  sar\u00e0 bocciato<\/b>.<\/p>\n<p class=\"is-mr-t-20 is-mr-b-20\"><b><br \/>\n                    <a href=\"https:\/\/milano.corriere.it\/?intcmp=Notizielocali_nd_010623_corriere_ss_milano\" target=\"_blank\" rel=\"nofollow noopener\">Vai a tutte le notizie di Milano<\/a><br \/>\n            <\/b><\/p>\n<p class=\"chapter-paragraph\"><b><a href=\"https:\/\/www.corriere.it\/newsletter\/?theme=41&amp;intcmp=IIIcolonna_NL_CorMilano\" target=\"_blank\" rel=\"nofollow noopener\">Iscriviti alla newsletter di Corriere Milano<\/a><\/b><\/p>\n<p class=\"is-last-update\" datetime=\"2026-01-11T19:45:50+01:00\">12 gennaio 2026<\/p>\n<p class=\"is-copyright\">\n            \u00a9 RIPRODUZIONE RISERVATA\n        <\/p>\n","protected":false},"excerpt":{"rendered":"di Giovanna Maria Fagnani \u00c8 tempo di scelta per migliaia di famiglie: dalle 8 di domani e fino&hellip;\n","protected":false},"author":3,"featured_media":303564,"comment_status":"","ping_status":"","sticky":false,"template":"","format":"standard","meta":{"footnotes":"","_share_on_mastodon":"0"},"categories":[6],"tags":[23138,178184,178185,11276,631,44403,14,1690,5286,64087,943,178186,1595,30733,68643,8,38384,9408,178187,178188,23475,178189,178190,1537,90,89,15416,28,7,15,82,9,83,10,31518,2061,7315,5926,25453,13,11,80,84,12,81,85,9296],"class_list":["post-303563","post","type-post","status-publish","format-standard","has-post-thumbnail","category-ultime-notizie","tag-aperte","tag-aperte-iscrizioni","tag-aperte-iscrizioni-ordini","tag-aprono","tag-cinque","tag-classico","tag-cronaca","tag-domani","tag-esame","tag-esame-maturita","tag-famiglie","tag-famiglie-domani","tag-febbraio","tag-gov","tag-gov-it","tag-headlines","tag-indirizzo","tag-iscrizioni","tag-iscrizioni-ordini","tag-iscrizioni-ordini-scuola","tag-istruzione","tag-istruzione-gov","tag-istruzione-gov-it","tag-it","tag-italia","tag-italy","tag-liceo","tag-milano","tag-news","tag-notizie","tag-notizie-di-cronaca","tag-notizie-principali","tag-notiziedicronaca","tag-notizieprincipali","tag-primarie","tag-scuola","tag-scuole","tag-studenti","tag-superiori","tag-titoli","tag-ultime-notizie","tag-ultime-notizie-di-cronaca","tag-ultime-notizie-e-news-di-oggi","tag-ultimenotizie","tag-ultimenotiziedicronaca","tag-ultimenotizieenewsdioggi","tag-unica"],"share_on_mastodon":{"url":"","error":"Validation failed: Text character limit of 500 exceeded"},"_links":{"self":[{"href":"https:\/\/www.europesays.com\/it\/wp-json\/wp\/v2\/posts\/303563","targetHints":{"allow":["GET"]}}],"collection":[{"href":"https:\/\/www.europesays.com\/it\/wp-json\/wp\/v2\/posts"}],"about":[{"href":"https:\/\/www.europesays.com\/it\/wp-json\/wp\/v2\/types\/post"}],"author":[{"embeddable":true,"href":"https:\/\/www.europesays.com\/it\/wp-json\/wp\/v2\/users\/3"}],"replies":[{"embeddable":true,"href":"https:\/\/www.europesays.com\/it\/wp-json\/wp\/v2\/comments?post=303563"}],"version-history":[{"count":0,"href":"https:\/\/www.europesays.com\/it\/wp-json\/wp\/v2\/posts\/303563\/revisions"}],"wp:featuredmedia":[{"embeddable":true,"href":"https:\/\/www.europesays.com\/it\/wp-json\/wp\/v2\/media\/303564"}],"wp:attachment":[{"href":"https:\/\/www.europesays.com\/it\/wp-json\/wp\/v2\/media?parent=303563"}],"wp:term":[{"taxonomy":"category","embeddable":true,"href":"https:\/\/www.europesays.com\/it\/wp-json\/wp\/v2\/categories?post=303563"},{"taxonomy":"post_tag","embeddable":true,"href":"https:\/\/www.europesays.com\/it\/wp-json\/wp\/v2\/tags?post=303563"}],"curies":[{"name":"wp","href":"https:\/\/api.w.org\/{rel}","templated":true}]}}