{"id":303721,"date":"2026-01-13T02:30:19","date_gmt":"2026-01-13T02:30:19","guid":{"rendered":"https:\/\/www.europesays.com\/it\/303721\/"},"modified":"2026-01-13T02:30:19","modified_gmt":"2026-01-13T02:30:19","slug":"la-campana-per-la-vita-che-ha-fatto-paura-a-sanremo","status":"publish","type":"post","link":"https:\/\/www.europesays.com\/it\/303721\/","title":{"rendered":"La campana per la vita che ha fatto paura a Sanremo"},"content":{"rendered":"<p><strong>Certamente \u00e8 preoccupante<\/strong> la recente ondata denigratoria che si \u00e8 scatenata contro<strong> Mons. Antonio Suetta Vescovo di Sanremo<\/strong>. \u00c8 ci\u00f2 che sta accadendo in questi giorni proprio a Sanremo, dove il Vescovo Antonio Suetta ha osato dedicare una campana denominata<strong> \u201ccampana per la vita\u201d<\/strong> alla memoria dei<strong> bimbi non nati a causa dell\u2019aborto<\/strong>. Il rintocco della campana alle 20 della sera vuole significare oltre ad<strong> un momento di riflessione spirituale e umano<\/strong>, un invito alla preghiera per la vita nascente, un gesto culturale e pastorale che richiama il valore inviolabile di ogni vita umana, fin dal concepimento.<\/p>\n<p>Mass media, partiti, collettivi, sindacati, articoli diffamatori, presidi e manifestazioni di protesta, offese e minacce, cortei studenteschi, tutti uniti, in nome del pensiero unico, contro chi \u201csi \u00e8 permesso\u201d di ricordare e far <strong>riflettere le coscienze sulla drammaticit\u00e0 dell\u2019aborto<\/strong> che ha procurato e procurer\u00e0 l\u2019interruzione di milioni di vite umane.<br \/>\u00c8 purtroppo doveroso constatare che questo, altro non \u00e8 che <strong>il risultato di una cultura anticlericale strisciante che in nome di una presunta libert\u00e0<\/strong>, da tempo viene alimentata da occulti poteri forti. Il risultato \u00e8 che si \u00e8 arrivati ad una situazione tale per cui il cattolico oggi si sente estraneo nel proprio Paese e non pi\u00f9 libero, non potendo e soprattutto non dovendo poter esprimere il proprio giudizio su <strong>temi etici<\/strong> quali quello relativo alle interruzioni di gravidanza, <strong>\u201cSileant catholici in campo alieno\u201c<\/strong>.<\/p>\n<p>Ancor pi\u00f9 si vorrebbe impedire alla Chiesa, che non dimentichiamolo \u00e8 universale e non soltanto italiana, di poter intervenire sui temi etici con direttive che non solo ha il diritto ma riteniamo anche il dovere di suggerire ai propri fedeli. Del resto \u00e8 quanto gi\u00e0 accaduto in passato nei confronti di <strong>Papa Francesco<\/strong>, contestato, quando manifest\u00f2 il suo dissenso nei confronti dell\u2019aborto.<\/p>\n<p>L\u2019aborto ha procurato, procura e procurer\u00e0 l\u2019interruzione di milioni di vite umane, questo \u00e8 il dato di fatto drammatico che si vuole sottacere da parte di certe maldestre interpretazioni giornalistiche magari sulla semantica (IVG interruzione volontaria di gravidanza), a scapito di una drammatica realt\u00e0 di\u00a0morte.<br \/><strong>Sui temi etici, ci si trova oggi di fronte ad un bivio generazionale dove ognuno \u00e8 libero di scegliere<\/strong>, se vivere o morire (suicidio assistito), se procreare (GPA gestazione per altri) o non procreare (IVG), dove ognuno pu\u00f2 accampare il diritto ad avere un figlio ad ogni costo, poco importa poi se con pi\u00f9 genitori tra biologici e adottivi e magari anche dello stesso sesso.<\/p>\n<p><strong>\u00c8 una fase quella che sta attraversando la nostra societ\u00e0 dove occorre fermarsi un attimo a riflettere<\/strong>, c\u2019\u00e8 una pillola per ogni stagione: quella per aumentare il desiderio e le prestazioni sessuali, quella abortiva per ogni necessit\u00e0 temporale, finanche quella per sostenere gravidanze anche in tarda et\u00e0. Assistiamo ad un momento\u00a0in cui la pillola \u201cmagica\u201d getta un ponte tra le varie stagioni della vita livellando la distanza tra donna fertile e donna in menopausa e dove, a fronte della <strong>denatalit\u00e0<\/strong>, la ricerca \u00e8 sempre pi\u00f9 indirizzata alla ricerca di nuove pillole abortive piuttosto che alla cura della fertilit\u00e0.\u00a0\u00c8 la stagione\u00a0dove imperversa la chirurgia plastica anche tra le pi\u00f9 giovani, dove ci si vergogna ad essere chiamati nonni in nome di una eterna giovinezza che si ha il terrore di dover perdere.<\/p>\n<p><strong>Ecco perch\u00e9 se potessimo dire \u201cFermate il mondo, voglio scendere,\u201d sarebbe ora il caso di farlo<\/strong>, prima che il mondo giri cos\u00ec vorticosamente da travolgerci tutti in nome della nuova parola magica che \u00e8 \u201cl\u2019autodeterminazione\u201d.<\/p>\n","protected":false},"excerpt":{"rendered":"Certamente \u00e8 preoccupante la recente ondata denigratoria che si \u00e8 scatenata contro Mons. Antonio Suetta Vescovo di Sanremo.&hellip;\n","protected":false},"author":3,"featured_media":303722,"comment_status":"","ping_status":"","sticky":false,"template":"","format":"standard","meta":{"footnotes":""},"categories":[79],"tags":[38863,178288,14,93,94,1537,90,89,7,15,178289,11,84,91,12,85,92],"class_list":{"0":"post-303721","1":"post","2":"type-post","3":"status-publish","4":"format-standard","5":"has-post-thumbnail","7":"category-italia","8":"tag-aborto","9":"tag-campana-per-la-vita","10":"tag-cronaca","11":"tag-cronaca-italiana","12":"tag-cronacaitaliana","13":"tag-it","14":"tag-italia","15":"tag-italy","16":"tag-news","17":"tag-notizie","18":"tag-temi-etici","19":"tag-ultime-notizie","20":"tag-ultime-notizie-e-news-di-oggi","21":"tag-ultime-notizie-italia","22":"tag-ultimenotizie","23":"tag-ultimenotizieenewsdioggi","24":"tag-ultimenotizieitalia"},"share_on_mastodon":{"url":"https:\/\/pubeurope.com\/@it\/115885442539876151","error":""},"_links":{"self":[{"href":"https:\/\/www.europesays.com\/it\/wp-json\/wp\/v2\/posts\/303721","targetHints":{"allow":["GET"]}}],"collection":[{"href":"https:\/\/www.europesays.com\/it\/wp-json\/wp\/v2\/posts"}],"about":[{"href":"https:\/\/www.europesays.com\/it\/wp-json\/wp\/v2\/types\/post"}],"author":[{"embeddable":true,"href":"https:\/\/www.europesays.com\/it\/wp-json\/wp\/v2\/users\/3"}],"replies":[{"embeddable":true,"href":"https:\/\/www.europesays.com\/it\/wp-json\/wp\/v2\/comments?post=303721"}],"version-history":[{"count":0,"href":"https:\/\/www.europesays.com\/it\/wp-json\/wp\/v2\/posts\/303721\/revisions"}],"wp:featuredmedia":[{"embeddable":true,"href":"https:\/\/www.europesays.com\/it\/wp-json\/wp\/v2\/media\/303722"}],"wp:attachment":[{"href":"https:\/\/www.europesays.com\/it\/wp-json\/wp\/v2\/media?parent=303721"}],"wp:term":[{"taxonomy":"category","embeddable":true,"href":"https:\/\/www.europesays.com\/it\/wp-json\/wp\/v2\/categories?post=303721"},{"taxonomy":"post_tag","embeddable":true,"href":"https:\/\/www.europesays.com\/it\/wp-json\/wp\/v2\/tags?post=303721"}],"curies":[{"name":"wp","href":"https:\/\/api.w.org\/{rel}","templated":true}]}}