{"id":303738,"date":"2026-01-13T02:57:17","date_gmt":"2026-01-13T02:57:17","guid":{"rendered":"https:\/\/www.europesays.com\/it\/303738\/"},"modified":"2026-01-13T02:57:17","modified_gmt":"2026-01-13T02:57:17","slug":"emergenza-abitativa-in-sardegna-la-storia-di-ilaria-carboni-costretta-a-lasciare-la-sua-casa-in-affitto-in-gallura-si-pensa-solo-al-turismo","status":"publish","type":"post","link":"https:\/\/www.europesays.com\/it\/303738\/","title":{"rendered":"Emergenza abitativa in Sardegna, la storia di Ilaria Carboni costretta a lasciare la sua casa in affitto:\u00a0\u00abIn Gallura si pensa solo al turismo\u00bb"},"content":{"rendered":"<p> <strong>Olbia<\/strong> I proprietari di casa le hanno detto, dopo cinque anni, di guardarsi attorno. Quell\u2019appartamento ora serve a loro, forse per farci un b&amp;b turistico. E lei, <strong>Ilaria Carboni<\/strong>, si \u00e8 messa a cercare su internet: \u00abSu Subito.it ho trovato quaranta annunci. Di questi, solo due erano annuali \u2013 cio\u00e8? \u2013, gli altri mettevano a disposizione case in affitto ma solo da ottobre a maggio. Poi servono per i turisti. Delle due rimaste, entrambe non volevano animali, e io con me ho un cane\u00bb. <strong>Conto azzerato.<\/strong> <\/p>\n<p> Ilaria vive in un centro costiero della Gallura a pochi passi da Olbia, \u00abe non voglio andarmene da qui. Anche se <strong>sembra l\u2019unica opzione\u00bb<\/strong>. Da settembre sta cercando una nuova casa in affitto ma \u00e8 finita nelle maglie dell\u2019emergenza abitativa nelle localit\u00e0 dell\u2019isola che attirano turisti. Semplicemente, eccetto locazioni brevi, non si trovano abitazioni disponibili. <\/p>\n<p> \u00abLa mia \u00e8 una storia personale, ma purtroppo rappresentativa di una situazione diffusa\u00bb. I pochi appartamenti che ha visto sono inaccessibili. In Gallura, a due passi dalla sempre pi\u00f9 proibitiva Olbia, devono averci preso gusto: \u00abPartiamo di un minimo <strong>di 500 e<\/strong>uro al mese per un semplice monolocale e arriviamo ai bilocali che non costano meno di<strong> 750 euro<\/strong>, pi\u00f9 spese condominiali\u00bb. L\u2019apice l\u2019ha toccato con un trilocale: \u00abChiedevano<strong> 1.400 euro al mese\u00bb<\/strong>. Pazzia. \u00abServirebbero stipendi da<strong> 3mila euro<\/strong> per riuscire a vivere in case come queste\u00bb, riflette provocatoriamente lei, che ormai da anni vive e lavora in zona di Olbia all\u2019interno di attivit\u00e0 stagionali. <\/p>\n<p> La situazione l\u2019ha esasperata talmente tanto che adesso Ilaria Carboni vuole diventare portavoce di un disagio diffuso. Cercando affitti \u00e8 entrata in contatto con persone single, coppie e famiglie che online cercano \u00abda mesi e anche da un anno\u00bb un alloggio a prezzi ragionevoli nella Gallura che guarda al mare. Per questo la donna ha appena creato un gruppo su facebook, <a href=\"https:\/\/www.facebook.com\/groups\/25863699199890937\/?ref=share\" rel=\"nofollow noopener\" target=\"_blank\">\u201cEmergenza abitativa Sardegna\u201d<\/a>, per creare una community. <\/p>\n<p> \u00ab\u00c8 chiaro che i proprietari privati, delle loro case, fanno ci\u00f2 che vogliono: decidono prezzi, durata degli affitti, modalit\u00e0 e disponibilit\u00e0 solo per brevi periodi \u2013 spiega Carboni \u2013. Dal punto di vista individuale \u00e8 comprensibile, ma il risultato collettivo \u00e8 devastante. Interi paesi di mare diventano inaccessibili ai residenti, ai lavoratori, alle famiglie\u00bb. Sollecita un intervento dall\u2019alto, fa da megafono alla richiesta di chi come lei fruga sui siti di annunci senza trovare appartamenti e monolocali disponibili per tutto l\u2019anno. \u00ab\u00c8 evidente la mancanza di <strong>un intervento concreto<\/strong> da parte dei Comuni e delle istituzioni locali, che dovrebbero tutelare il diritto all\u2019abitare e garantire un equilibrio tra turismo, mercato immobiliare e vita reale delle comunit\u00e0\u00bb. <\/p>\n<p> Uno parte con l\u2019idea di una locazione ma finisce anche per pensare di comprare direttamente un immobile, a questo punto. Il mercato per\u00f2 lo impedisce: \u00abAnche l\u2019alternativa dell\u2019acquisto \u00e8 preclusa: <strong>i mutui vengono negati <\/strong>a chi ha contratti stagionali o stipendi considerati non adeguati, nonostante anni di lavoro e continuit\u00e0. Cos\u00ec ci si ritrova senza possibilit\u00e0: non si pu\u00f2 affittare, non si pu\u00f2 comprare, e l\u2019unica soluzione diventa andare via\u00bb. Come, purtroppo, potrebbe fare lei. <strong>Via dalla Gallura <\/strong>e forse dalla Sardegna. <\/p>\n","protected":false},"excerpt":{"rendered":"Olbia I proprietari di casa le hanno detto, dopo cinque anni, di guardarsi attorno. Quell\u2019appartamento ora serve a&hellip;\n","protected":false},"author":3,"featured_media":303739,"comment_status":"","ping_status":"","sticky":false,"template":"","format":"standard","meta":{"footnotes":""},"categories":[79],"tags":[14,93,94,1537,90,89,7,15,11,84,91,12,85,92],"class_list":{"0":"post-303738","1":"post","2":"type-post","3":"status-publish","4":"format-standard","5":"has-post-thumbnail","7":"category-italia","8":"tag-cronaca","9":"tag-cronaca-italiana","10":"tag-cronacaitaliana","11":"tag-it","12":"tag-italia","13":"tag-italy","14":"tag-news","15":"tag-notizie","16":"tag-ultime-notizie","17":"tag-ultime-notizie-e-news-di-oggi","18":"tag-ultime-notizie-italia","19":"tag-ultimenotizie","20":"tag-ultimenotizieenewsdioggi","21":"tag-ultimenotizieitalia"},"share_on_mastodon":{"url":"https:\/\/pubeurope.com\/@it\/115885548785891331","error":""},"_links":{"self":[{"href":"https:\/\/www.europesays.com\/it\/wp-json\/wp\/v2\/posts\/303738","targetHints":{"allow":["GET"]}}],"collection":[{"href":"https:\/\/www.europesays.com\/it\/wp-json\/wp\/v2\/posts"}],"about":[{"href":"https:\/\/www.europesays.com\/it\/wp-json\/wp\/v2\/types\/post"}],"author":[{"embeddable":true,"href":"https:\/\/www.europesays.com\/it\/wp-json\/wp\/v2\/users\/3"}],"replies":[{"embeddable":true,"href":"https:\/\/www.europesays.com\/it\/wp-json\/wp\/v2\/comments?post=303738"}],"version-history":[{"count":0,"href":"https:\/\/www.europesays.com\/it\/wp-json\/wp\/v2\/posts\/303738\/revisions"}],"wp:featuredmedia":[{"embeddable":true,"href":"https:\/\/www.europesays.com\/it\/wp-json\/wp\/v2\/media\/303739"}],"wp:attachment":[{"href":"https:\/\/www.europesays.com\/it\/wp-json\/wp\/v2\/media?parent=303738"}],"wp:term":[{"taxonomy":"category","embeddable":true,"href":"https:\/\/www.europesays.com\/it\/wp-json\/wp\/v2\/categories?post=303738"},{"taxonomy":"post_tag","embeddable":true,"href":"https:\/\/www.europesays.com\/it\/wp-json\/wp\/v2\/tags?post=303738"}],"curies":[{"name":"wp","href":"https:\/\/api.w.org\/{rel}","templated":true}]}}