{"id":303749,"date":"2026-01-13T03:20:15","date_gmt":"2026-01-13T03:20:15","guid":{"rendered":"https:\/\/www.europesays.com\/it\/303749\/"},"modified":"2026-01-13T03:20:15","modified_gmt":"2026-01-13T03:20:15","slug":"leonardo-dicaprio-ai-golden-globe-2026-con-mamma-irmelin-e-senza-vittoria-ceretti-tra-affetti-e-la-battuta-sulleta-delle-fidanzate","status":"publish","type":"post","link":"https:\/\/www.europesays.com\/it\/303749\/","title":{"rendered":"Leonardo DiCaprio ai Golden Globe 2026 con mamma Irmelin e senza Vittoria Ceretti, tra affetti e la battuta sull\u2019et\u00e0 delle fidanzate"},"content":{"rendered":"<p class=\"has-dropcap\"><strong>Leonardo DiCaprio<\/strong> arriva ai <a href=\"https:\/\/www.vanityfair.it\/article\/teyana-taylor-dedica-primo-golden-globe-piccole-ragazze-nere-discorso-amore\" target=\"_blank\" rel=\"nofollow noopener\"><strong>Golden Globe 2026<\/strong><\/a> senza la fidanzata, <strong>Vittoria Ceretti<\/strong>, 27 anni, ma con la madre <strong>Irmelin Indenbirken<\/strong>. Una scelta che, sul red carpet del <strong>Beverly Hilton<\/strong>, conferma il carattere e le intenzioni dell&#8217;attore: DiCaprio affronta i premi in modalit\u00e0 familiare, misurata, lontana dal rumore che da anni accompagna ogni capitolo della sua vita sentimentale.<\/p>\n<p>Rumore che, inevitabilmente, arriva comunque sul palco. A portarlo \u00e8 Nikki Glaser, tornata a condurre la cerimonia per il secondo anno consecutivo. Nel monologo di apertura, la comica decide di giocare proprio con l\u2019immaginario che circonda la star di One Battle After Another.<br \/>\u00abLeonardo DiCaprio \u00e8 qui per un uomo dopo l\u2019altro\u2026 che carriera hai avuto: interpretazioni iconiche, grandi registi, tre Golden Globe, un Oscar. E <strong>la cosa pi\u00f9 impressionante \u00e8 che sei riuscito a fare tutto questo prima che la tua ragazza compisse 30 anni<\/strong>\u00bb, scherza Glaser.<\/p>\n<p>DiCaprio, 51 anni, reagisce come ci si aspetta da chi conosce bene il gioco: sorride, abbassa lo sguardo, incassa. Glaser finge di correggersi subito dopo &#8211; <strong>\u00abScusa per la battuta, \u00e8 di cattivo gusto\u00bb<\/strong> &#8211; ma rilancia: \u00abHo cercato di non farla, davvero. Ma <strong>non sappiamo nient\u2019altro di te, amico. Apriti\u00bb.<\/strong> E rincara la dose con un finto fact-checking: \u00abL\u2019intervista pi\u00f9 approfondita che tu abbia mai rilasciato \u00e8 stata su Teen Beat nel 1991. <strong>Il tuo cibo preferito \u00e8 ancora la pasta, la pasta e ancora la pasta?\u00bb.<\/strong> \u00c8 l\u00ec che l\u2019attore ride apertamente, indica la conduttrice e le regala <strong>un pollice in su<\/strong>, trasformando la frecciatina in un momento di complicit\u00e0 pubblica.<\/p>\n<p>Non \u00e8 una novit\u00e0, in realt\u00e0. <strong>Irmelin Indenbirken<\/strong> \u00e8 da sempre una presenza costante nella vita pubblica di DiCaprio: lo ha accompagnato agli Oscar, a Cannes, ai Golden Globe pi\u00f9 importanti della sua carriera. <strong>\u00abUn miracolo vivente\u00bb,<\/strong> cos\u00ec il divo definisce la mamma, con la quale vive un rapporto privilegiato. \u00c8 con lei che ha condiviso i primi successi e i momenti di svolta, ed \u00e8 a lei che spesso dedica i ringraziamenti pi\u00f9 personali. \u00abNon sarei qui se non fosse per mia madre\u00bb, aveva detto commosso alla premiazione dei Bafta, che vinse nel 2016 come miglior attore per The Revenant.<\/p>\n<p>La scelta di arrivare con la madre, e non con <strong>Vittoria Ceretti<\/strong>, non va per\u00f2 letta come un segnale di distanza. DiCaprio e la modella italiana sono legati dal <strong>2023<\/strong> e, pur evitando sistematicamente red carpet ufficiali insieme, non hanno mai nascosto la relazione: viaggi, vacanze (l&#8217;ultima, a Capodanno, a Saint Barth) e apparizioni informali hanno accompagnato questi due anni senza dichiarazioni pubbliche o debutti studiati.<\/p>\n<p><img decoding=\"async\" alt=\"Irmelin DiCaprio e Leonardo DiCaprio\" loading=\"lazy\" class=\"ResponsiveImageContainer-eNxvmU cfBbTk responsive-image__image\"   src=\"https:\/\/www.europesays.com\/it\/wp-content\/uploads\/2026\/01\/GettyImages-2255799426.jpg\"\/><\/p>\n<p>Irmelin DiCaprio e Leonardo DiCaprio<\/p>\n<p>CBS Photo Archive\/Getty Images<\/p>\n","protected":false},"excerpt":{"rendered":"Leonardo DiCaprio arriva ai Golden Globe 2026 senza la fidanzata, Vittoria Ceretti, 27 anni, ma con la madre&hellip;\n","protected":false},"author":3,"featured_media":303750,"comment_status":"","ping_status":"","sticky":false,"template":"","format":"standard","meta":{"footnotes":"","_share_on_mastodon":"0"},"categories":[174],"tags":[203,66847,204,1537,90,89,20971],"class_list":["post-303749","post","type-post","status-publish","format-standard","has-post-thumbnail","category-intrattenimento","tag-entertainment","tag-golden-globe","tag-intrattenimento","tag-it","tag-italia","tag-italy","tag-leonardo-dicaprio"],"share_on_mastodon":{"url":"https:\/\/pubeurope.com\/@it\/115885639174342470","error":""},"_links":{"self":[{"href":"https:\/\/www.europesays.com\/it\/wp-json\/wp\/v2\/posts\/303749","targetHints":{"allow":["GET"]}}],"collection":[{"href":"https:\/\/www.europesays.com\/it\/wp-json\/wp\/v2\/posts"}],"about":[{"href":"https:\/\/www.europesays.com\/it\/wp-json\/wp\/v2\/types\/post"}],"author":[{"embeddable":true,"href":"https:\/\/www.europesays.com\/it\/wp-json\/wp\/v2\/users\/3"}],"replies":[{"embeddable":true,"href":"https:\/\/www.europesays.com\/it\/wp-json\/wp\/v2\/comments?post=303749"}],"version-history":[{"count":0,"href":"https:\/\/www.europesays.com\/it\/wp-json\/wp\/v2\/posts\/303749\/revisions"}],"wp:featuredmedia":[{"embeddable":true,"href":"https:\/\/www.europesays.com\/it\/wp-json\/wp\/v2\/media\/303750"}],"wp:attachment":[{"href":"https:\/\/www.europesays.com\/it\/wp-json\/wp\/v2\/media?parent=303749"}],"wp:term":[{"taxonomy":"category","embeddable":true,"href":"https:\/\/www.europesays.com\/it\/wp-json\/wp\/v2\/categories?post=303749"},{"taxonomy":"post_tag","embeddable":true,"href":"https:\/\/www.europesays.com\/it\/wp-json\/wp\/v2\/tags?post=303749"}],"curies":[{"name":"wp","href":"https:\/\/api.w.org\/{rel}","templated":true}]}}