{"id":303770,"date":"2026-01-13T03:50:15","date_gmt":"2026-01-13T03:50:15","guid":{"rendered":"https:\/\/www.europesays.com\/it\/303770\/"},"modified":"2026-01-13T03:50:15","modified_gmt":"2026-01-13T03:50:15","slug":"bloccato-ad-istanbul-due-ore-prima-del-decollo-per-liran-fossi-partito-ora-sarei-un-prigioniero","status":"publish","type":"post","link":"https:\/\/www.europesays.com\/it\/303770\/","title":{"rendered":"\u00abBloccato ad Istanbul due ore prima del decollo per l&#8217;Iran. Fossi partito ora sarei un prigioniero\u00bb"},"content":{"rendered":"\n<p>Parla l&#8217;agente<\/p>\n<p>D&#8217;Amico: \u00abAvessi preso il volo per Teheran adesso sarei bloccato l\u00ec. Senza poter comunicare con nessuno, isolato da tutto e tutti\u00bb<\/p>\n<p>    &#13;<br \/>\n    &#13;<br \/>\n                 &#13;<br \/>\n  &#13;<\/p>\n<p>        <img loading=\"lazy\" decoding=\"async\" src=\"https:\/\/www.europesays.com\/it\/wp-content\/uploads\/2026\/01\/1768276215_843_image.jpg\" data-format=\"16x9\" alt=\"IL procuratore D'Amico con il biglietto aereo\" width=\"750\" height=\"421\"\/><br \/>\n      &#13;<\/p>\n<p>&#13;<br \/>\n      IL procuratore D&#8217;Amico con il biglietto aereo&#13;\n          <\/p>\n<p>    &#13;<br \/>\n    &#13;<br \/>\n                 &#13;<br \/>\n  &#13;<\/p>\n<p>        <img loading=\"lazy\" decoding=\"async\" src=\"https:\/\/www.europesays.com\/it\/wp-content\/uploads\/2026\/01\/1768276215_843_image.jpg\" data-format=\"16x9\" alt=\"IL procuratore D'Amico con il biglietto aereo\" width=\"750\" height=\"421\"\/><br \/>\n      &#13;<\/p>\n<p>&#13;<br \/>\n      IL procuratore D&#8217;Amico con il biglietto aereo&#13;\n          <\/p>\n<p><strong>Bloccato ad Istanbul due ore prima del decollo per Teheran<\/strong>. Dov\u2019era appena scoppiata la rivolta. Sarebbe stata la prima volta in Iran <strong>per Andrea D\u2019Amico, agente veronese<\/strong> anche di grandi calciatori, un appuntamento<strong> nel fine settimana con i dirigenti dell\u2019Esteghlal Cultural,<\/strong> ventidue milioni di tifosi, la principale societ\u00e0 iraniana sei anni fa allenata da Andrea Stramaccioni di propriet\u00e0 del Persian Gulf Petrochemical Industries, una delle pi\u00f9 grandi compagnie petrolifere del Medio Oriente. Verifica di mercato in calendario, una delle tante della lunga storia di D\u2019Amico. Finch\u00e9 il pallone \u00e8 diventato l\u2019ultimo dei pensieri.<\/p>\n<p>\u00abC\u2019\u00e8 mancato poco,<strong> avessi preso il volo per Teheran adesso sarei bloccato l\u00ec. Senza poter comunicare con nessuno, isolato da tutto e tutti\u00bb<\/strong>, racconta D\u2019Amico, partito da Venezia gioved\u00ec alle 19.40 e, calcolando le due ore di fuso, ad Istanbul a mezzanotte.<strong> La partenza per Teheran alle 2, quando l\u2019Iran ha deciso di chiudere i suoi spazi aere<\/strong>i. \u00abFossi atterrato in Iran <strong>adesso sarei di fatto un prigioniero<\/strong>. Inammissibile non potersi mettere in contatto con nessuno attraverso una telefonata o un messaggio, violazione di un diritto che dovrebbe essere universalmente garantito. <strong>La comunit\u00e0 internazionale non dovrebbe permetterlo<\/strong>\u00bb, continua D\u2019Amico, procuratore fra gli altri anche di Paolo Zanetti, allenatore del Verona, da tempo in ottimi rapporti con l\u2019Esteghlal. Rimasto ad Istanbul, D\u2019Amico \u00e8 rientrato a Venezia venerd\u00ec col volo delle 13.20.<\/p>\n<p>Quasi quattro anni fa gli riusc\u00ec in extremis<strong> un altro dribbling alla guerra, diretto a Mosca con la moglie e le figlie di Paolo Vanoli, oggi allenatore della Fiorentina<\/strong> e all\u2019epoca sulla panchina dello Spartak, proprio quando la Russia attacc\u00f2 per la prima volta l\u2019Ucraina. \u00abFummo indecisi fino alla fine, poi decidemmo di non andare. Mi sento fortunato, allora come ora. <strong>Il destino ha scelto di proteggermi<\/strong>\u00bb, il fermo immagine di D\u2019Amico dalla sua Custoza, lo sguardo costante verso l\u2019Iran ma anche il momento per riavvolgere il nastro della sua vita.<\/p>\n<p>\u00abGirare il mondo\u00bb, il quadro di D\u2019Amico,<strong> \u00ab\u00e8 stata una delle pi\u00f9 grandi ricchezze che mi ha donato il mio lavoro<\/strong>. Anche se \u00e8 incredibile constatare quanto viaggino di pari passo, nel 2026, il progresso tecnologico con l\u2019istinto ancora primitivo che porta delle nazioni ad invadere altre nazioni. Ovunque mi sono sentito a casa, senza timori o paure. Anche nei posti pi\u00f9 particolari.<strong> La vita \u00e8 una sliding doors, ormai \u00e8 chiaro<\/strong>. \u00c8 un aereo su cui riesci a salire o che invece ti lascia a terra. Come accadde a Christian Panucci che non prese quello di ritorno da New York che poi precipit\u00f2. Come il mio per Teheran\u00bb.<\/p>\n","protected":false},"excerpt":{"rendered":"Parla l&#8217;agente D&#8217;Amico: \u00abAvessi preso il volo per Teheran adesso sarei bloccato l\u00ec. Senza poter comunicare con nessuno,&hellip;\n","protected":false},"author":3,"featured_media":303771,"comment_status":"","ping_status":"","sticky":false,"template":"","format":"standard","meta":{"footnotes":""},"categories":[160],"tags":[14,164,165,166,7,15,11,167,12,168,161,162,163],"class_list":{"0":"post-303770","1":"post","2":"type-post","3":"status-publish","4":"format-standard","5":"has-post-thumbnail","7":"category-mondo","8":"tag-cronaca","9":"tag-dal-mondo","10":"tag-dalmondo","11":"tag-mondo","12":"tag-news","13":"tag-notizie","14":"tag-ultime-notizie","15":"tag-ultime-notizie-di-mondo","16":"tag-ultimenotizie","17":"tag-ultimenotiziedimondo","18":"tag-world","19":"tag-world-news","20":"tag-worldnews"},"share_on_mastodon":{"url":"https:\/\/pubeurope.com\/@it\/115885757194868401","error":""},"_links":{"self":[{"href":"https:\/\/www.europesays.com\/it\/wp-json\/wp\/v2\/posts\/303770","targetHints":{"allow":["GET"]}}],"collection":[{"href":"https:\/\/www.europesays.com\/it\/wp-json\/wp\/v2\/posts"}],"about":[{"href":"https:\/\/www.europesays.com\/it\/wp-json\/wp\/v2\/types\/post"}],"author":[{"embeddable":true,"href":"https:\/\/www.europesays.com\/it\/wp-json\/wp\/v2\/users\/3"}],"replies":[{"embeddable":true,"href":"https:\/\/www.europesays.com\/it\/wp-json\/wp\/v2\/comments?post=303770"}],"version-history":[{"count":0,"href":"https:\/\/www.europesays.com\/it\/wp-json\/wp\/v2\/posts\/303770\/revisions"}],"wp:featuredmedia":[{"embeddable":true,"href":"https:\/\/www.europesays.com\/it\/wp-json\/wp\/v2\/media\/303771"}],"wp:attachment":[{"href":"https:\/\/www.europesays.com\/it\/wp-json\/wp\/v2\/media?parent=303770"}],"wp:term":[{"taxonomy":"category","embeddable":true,"href":"https:\/\/www.europesays.com\/it\/wp-json\/wp\/v2\/categories?post=303770"},{"taxonomy":"post_tag","embeddable":true,"href":"https:\/\/www.europesays.com\/it\/wp-json\/wp\/v2\/tags?post=303770"}],"curies":[{"name":"wp","href":"https:\/\/api.w.org\/{rel}","templated":true}]}}