{"id":303778,"date":"2026-01-13T04:05:10","date_gmt":"2026-01-13T04:05:10","guid":{"rendered":"https:\/\/www.europesays.com\/it\/303778\/"},"modified":"2026-01-13T04:05:10","modified_gmt":"2026-01-13T04:05:10","slug":"gasperini-e-la-coppa-italia-dagli-obiettivi-con-la-roma-al-rammarico-atalanta-il-percorso-e-impegnativo","status":"publish","type":"post","link":"https:\/\/www.europesays.com\/it\/303778\/","title":{"rendered":"Gasperini e la Coppa Italia, dagli obiettivi con la Roma al rammarico Atalanta: &#8220;Il percorso \u00e8 impegnativo&#8230;&#8221;"},"content":{"rendered":"<p><strong>ROMA &#8211; <\/strong>Dopo la <a href=\"https:\/\/www.corrieredellosport.it\/news\/calcio\/serie-a\/2026\/01\/10-145758197\/roma-sassuolo_diretta_risultato_in_tempo_reale_della_partita_di_serie_a_live\" rel=\"nofollow noopener\" target=\"_blank\"><strong>vittoria di campionato contro il Sassuolo all&#8217;Olimpico<\/strong><\/a> \u00e8 il momento di tuffarsi sulla <strong>Coppa Italia per la Roma di Gian Piero Gasperini<\/strong>, che ha parlato alla vigilia della <strong>sfida contro il Torino valida per gli ottavi di finale<\/strong> e in programma domani (marted\u00ec 13 gennaio, ore 21), sempre all&#8217;Olimpico.<\/p>\n<p>Coppa Italia, le parole di Gasperini alla vigilia di Roma-Torino<\/p>\n<p>&#8220;\u00c8 un rammarico non aver vinto la Coppa Italia con l&#8217;Atalanta, per tre volte non ci siamo riusciti &#8211; ha detto il tecnico giallorosso <strong>nell&#8217;anticipazione dell&#8217;intervista a &#8216;Mediaset&#8217; <\/strong>-. Per la Roma c&#8217;\u00e8 sempre la possibilit\u00e0 di fare la finale in casa e sarebbe fondamentale. Ma il percorso da qui in avanti \u00e8 impegnativo &#8211; ha aggiunto Gasperini -. Prima il Torino che \u00e8 sempre una squadra ostica, poi l&#8217;<a href=\"https:\/\/www.corrieredellosport.it\/squadra\/calcio\/inter\/t127\" rel=\"nofollow noopener\" target=\"_blank\">Inter<\/a> ed eventualmente le altre due gare&#8221;.\u00a0Il tecnico non nasconde che la Coppa Italia sia <strong>un obiettivo per la sua Roma<\/strong>: &#8220;All&#8217;inizio \u00e8 una competizione non viene troppo considerata, poi andando avanti diventa importante e nella fase finale infatti si trovano sempre le squadre migliori&#8221;.<\/p>\n<p>Il ricordo del ko incassato contro i granata in campionato<\/p>\n<p>Poi <strong>un focus sul Torino<\/strong> a cui i giallorossi, cinque giorno dopo la sfida di Coppa Italia, <strong>faranno visita nel match di Serie A <\/strong>con l&#8217;obiettivo di riscattare il ko dell&#8217;andata:\u00a0&#8220;Il Torino conferma di essere sempre una squadra sempre molto solida e pericolosa &#8211; ha detto Gasperini <strong>parlando dei granata<\/strong> -, magari non trova la continuit\u00e0 per inserirsi in zone pi\u00f9 alte della classifica ma \u00e8 un&#8217;avversaria sempre ostica da affrontare. Con loro abbiamo incassato il primo ko in campionato, anche se ricordo che quel giorno faceva un caldo incredibile. Niente a che vedere con le temperature che troveremo stavolta&#8221;.\u00a0In forte dubbio, intanto, la presenza di <a href=\"https:\/\/www.corrieredellosport.it\/news\/calcio\/serie-a\/roma\/2026\/01\/10-145763025\/infortunio_ferguson_costretto_a_uscire_nel_primo_tempo_di_roma-sassuolo_cosa_successo_e_come_sta\" rel=\"nofollow noopener\" target=\"_blank\"><strong>Evan Ferguson, alle prese con un&#8217;infiammazione del nervo sciatico<\/strong><\/a> a seguito di una botta presa nella gara contro il Sassuolo. Dopo l&#8217;allenamento si valuteranno le condizioni.<\/p>\n<p>Gasperini sul mercato e la frase su Raspadori<\/p>\n<p>Cos\u00ec invece sul <strong>mercato dal quale si aspetta rinforzi in attacco<\/strong>: &#8220;Alla gente piace parlare e pensare al mercato, a volte interessa pi\u00f9 delle partite. Telenovela su Raspadori? Non ne sono a conoscenza, non saprei cosa risponderle. Perch\u00e9 un giocatore dovrebbe dire s\u00ec alla Roma? Quello che pu\u00f2 essere interessante per un calciatore \u00e8 il grande entusiasmo di una grande piazza con uno stadio sempre pieno.Questo \u00e8 affascinante. Noi dobbiamo cercare di far s\u00ec di convincere i giocatori a sentirsi parte di un progetto e di una squadra forte, con la convinzione di poter raggiungere risultati&#8221;.\u00a0Sull&#8217;importanza della <strong>presenza dei Friedkin in citt\u00e0<\/strong>: &#8220;Non \u00e8 solo una questione di energia, che loro indubbiamente trasmettono. Essendo qui possono avere la percezione migliore di quel che pu\u00f2 servire a questa societ\u00e0. Sono dei grandi imprenditori che hanno la capacit\u00e0, rimanendo a contatto con la realt\u00e0, per individuare al meglio quel che pu\u00f2 essere utile nell&#8217;ambito della strategia futura&#8221;.<\/p>\n<p>La corsa per un posto in Champions League<\/p>\n<p>Poi un bilancio di questi suoi <strong>primi mesi alla guida della Roma<\/strong>: &#8220;Siamo contenti del percorso fatto. Il gruppo si \u00e8 compattato nelle difficolt\u00e0. \u00c8 stato un girone positivo sia per le prestazioni che per l\u2019atteggiamento dei giocatori. Sento che abbiamo un nocciolo duro competitivo. Il campionato \u00e8 difficile: le big sono tutte molto attrezzate e hanno sbagliato molto poco fino ad oggi. Dobbiamo staccare quelle dietro e mantenere il pi\u00f9 possibile quella posizione. La corsa \u00e8 su chi capita. In questo momento la <a href=\"https:\/\/www.corrieredellosport.it\/squadra\/calcio\/juve\/t128\" rel=\"nofollow noopener\" target=\"_blank\">Juve<\/a> \u00e8 la pi\u00f9 vicina, ma dobbiamo guardare il nostro percorso &#8211; ha chiosato Gasperini -. Se siamo in grado di ripeterci poi qualcuna la prendiamo&#8221;.<\/p>\n<p>\u00a0<\/p>\n<p>\u00a0<\/p>\n<p>\u00a0<\/p>\n<p>\u00a9 RIPRODUZIONE RISERVATA<a href=\"https:\/\/www.corrieredellosport.it\/calcio\/coppa-italia\" class=\"Button_button__r_ga_ Button_filled___FzKx\" rel=\"nofollow noopener\" target=\"_blank\">Tutte le news di Coppa Italia<\/a><\/p>\n","protected":false},"excerpt":{"rendered":"ROMA &#8211; Dopo la vittoria di campionato contro il Sassuolo all&#8217;Olimpico \u00e8 il momento di tuffarsi sulla Coppa&hellip;\n","protected":false},"author":3,"featured_media":303779,"comment_status":"","ping_status":"","sticky":false,"template":"","format":"standard","meta":{"footnotes":""},"categories":[1452],"tags":[721,1740,1537,90,89,1739,245,244],"class_list":{"0":"post-303778","1":"post","2":"type-post","3":"status-publish","4":"format-standard","5":"has-post-thumbnail","7":"category-calcio","8":"tag-calcio","9":"tag-football","10":"tag-it","11":"tag-italia","12":"tag-italy","13":"tag-soccer","14":"tag-sport","15":"tag-sports"},"share_on_mastodon":{"url":"https:\/\/pubeurope.com\/@it\/115885816111189733","error":""},"_links":{"self":[{"href":"https:\/\/www.europesays.com\/it\/wp-json\/wp\/v2\/posts\/303778","targetHints":{"allow":["GET"]}}],"collection":[{"href":"https:\/\/www.europesays.com\/it\/wp-json\/wp\/v2\/posts"}],"about":[{"href":"https:\/\/www.europesays.com\/it\/wp-json\/wp\/v2\/types\/post"}],"author":[{"embeddable":true,"href":"https:\/\/www.europesays.com\/it\/wp-json\/wp\/v2\/users\/3"}],"replies":[{"embeddable":true,"href":"https:\/\/www.europesays.com\/it\/wp-json\/wp\/v2\/comments?post=303778"}],"version-history":[{"count":0,"href":"https:\/\/www.europesays.com\/it\/wp-json\/wp\/v2\/posts\/303778\/revisions"}],"wp:featuredmedia":[{"embeddable":true,"href":"https:\/\/www.europesays.com\/it\/wp-json\/wp\/v2\/media\/303779"}],"wp:attachment":[{"href":"https:\/\/www.europesays.com\/it\/wp-json\/wp\/v2\/media?parent=303778"}],"wp:term":[{"taxonomy":"category","embeddable":true,"href":"https:\/\/www.europesays.com\/it\/wp-json\/wp\/v2\/categories?post=303778"},{"taxonomy":"post_tag","embeddable":true,"href":"https:\/\/www.europesays.com\/it\/wp-json\/wp\/v2\/tags?post=303778"}],"curies":[{"name":"wp","href":"https:\/\/api.w.org\/{rel}","templated":true}]}}