{"id":303780,"date":"2026-01-13T04:06:12","date_gmt":"2026-01-13T04:06:12","guid":{"rendered":"https:\/\/www.europesays.com\/it\/303780\/"},"modified":"2026-01-13T04:06:12","modified_gmt":"2026-01-13T04:06:12","slug":"un-orologio-tutto-tempestato-di-diamanti-dal-valore-di-1-milione-di-dollari-il-look-di-dwayne-johnson-ai-golden-globe-non-passa-inosservato","status":"publish","type":"post","link":"https:\/\/www.europesays.com\/it\/303780\/","title":{"rendered":"Un orologio tutto tempestato di diamanti dal valore di 1 milione di dollari: il look di Dwayne Johnson ai Golden Globe non passa inosservato"},"content":{"rendered":"<p>Alla cerimonia dei <strong>Golden Globe 2026<\/strong>, andata in scena a Los Angeles nella notte tra l\u201911 e il 12 gennaio,<strong> Dwayne \u201cThe Rock\u201d Johnson<\/strong> ha attirato l\u2019attenzione non solo per la nomination ottenuta con The Smashing Machine, ma anche per la scelta dell\u2019orologio indossato sul red carpet. L\u2019attore americano, accompagnato dalla moglie Lauren Hashian, ha optato per uno smoking classico, abbinato a mocassini di velluto, una spilla d\u2019argento sul bavero e una selezione di gioielli Chopard. Tra questi, il pezzo centrale \u00e8 stato l\u2019orologio, anche se forse definirlo cos\u00ec \u00e8 riduttivo: si tratta infatti di un Alpine Eagle 41 XP Frozen Summit, letteralmente una combinazione della pi\u00f9 alta orologeria svizzera e dei diamanti pi\u00f9 preziosi.<\/p>\n<p>Il modello, una delle versioni pi\u00f9 esclusive della collezione Alpine Eagle, \u00e8 realizzato in oro bianco 18 carati ed \u00e8 interamente incastonato di diamanti taglio baguette, per un totale di 29,02 carati distribuiti su cassa, lunetta, quadrante, corona e bracciale integrato. Come spiega in una nota la maison Chopard, il design del <strong>Frozen Summit<\/strong> \u00e8 ispirato all\u2019<strong>effetto visivo della neve sulle vette alpine.<\/strong><\/p>\n<p>Dal punto di vista tecnico, l\u2019orologio \u00e8 equipaggiato con<strong> il calibro automatico L.U.C 96.41-L<\/strong>, un movimento ultrasottile dotato di micro-rotore in oro 22 carati. La riserva di carica \u00e8 garantita da due bariletti accoppiati, secondo la tecnologia Chopard Twin, che assicura un\u2019erogazione dell\u2019energia stabile. Il movimento e alcuni componenti dell\u2019orologio sono certificati dal <strong>Punzone di Ginevra<\/strong>, uno dei riconoscimenti pi\u00f9 rilevanti in ambito di<strong> alta orologeria.<\/strong> Johnson ha poi completato il look con altri gioielli della maison svizzera<strong>: una spilla in oro bianco 18 carati con diamanti, due anelli in oro bianco<\/strong> con rispettivamente 4,14 e 3,66 carati di diamanti, un anello della collezione Ice Cube in oro bianco con 0,03 carati di diamanti e un paio di gemelli in metallo argentato.<\/p>\n<p>La presenza ai Golden Globe arriva in un momento significativo per l\u2019attore: The Smashing Machine, film distribuito da A24 e uscito nell\u2019ottobre 2025, segna una fase diversa della carriera di \u201cThe Rock\u201d, che ha lavorato a una trasformazione fisica e interpretativa per vestire i panni del lottatore di MMA Mark Kerr. Il film ha ottenuto due nomination ai Golden Globe 2026, una per Johnson e una per Emily Blunt, sua co-protagonista.<\/p>\n","protected":false},"excerpt":{"rendered":"Alla cerimonia dei Golden Globe 2026, andata in scena a Los Angeles nella notte tra l\u201911 e il&hellip;\n","protected":false},"author":3,"featured_media":303781,"comment_status":"","ping_status":"","sticky":false,"template":"","format":"standard","meta":{"footnotes":""},"categories":[1451],"tags":[1621,1620,203,204,1537,90,89],"class_list":{"0":"post-303780","1":"post","2":"type-post","3":"status-publish","4":"format-standard","5":"has-post-thumbnail","7":"category-celebrita","8":"tag-celebrita","9":"tag-celebrities","10":"tag-entertainment","11":"tag-intrattenimento","12":"tag-it","13":"tag-italia","14":"tag-italy"},"share_on_mastodon":{"url":"https:\/\/pubeurope.com\/@it\/115885819966095946","error":""},"_links":{"self":[{"href":"https:\/\/www.europesays.com\/it\/wp-json\/wp\/v2\/posts\/303780","targetHints":{"allow":["GET"]}}],"collection":[{"href":"https:\/\/www.europesays.com\/it\/wp-json\/wp\/v2\/posts"}],"about":[{"href":"https:\/\/www.europesays.com\/it\/wp-json\/wp\/v2\/types\/post"}],"author":[{"embeddable":true,"href":"https:\/\/www.europesays.com\/it\/wp-json\/wp\/v2\/users\/3"}],"replies":[{"embeddable":true,"href":"https:\/\/www.europesays.com\/it\/wp-json\/wp\/v2\/comments?post=303780"}],"version-history":[{"count":0,"href":"https:\/\/www.europesays.com\/it\/wp-json\/wp\/v2\/posts\/303780\/revisions"}],"wp:featuredmedia":[{"embeddable":true,"href":"https:\/\/www.europesays.com\/it\/wp-json\/wp\/v2\/media\/303781"}],"wp:attachment":[{"href":"https:\/\/www.europesays.com\/it\/wp-json\/wp\/v2\/media?parent=303780"}],"wp:term":[{"taxonomy":"category","embeddable":true,"href":"https:\/\/www.europesays.com\/it\/wp-json\/wp\/v2\/categories?post=303780"},{"taxonomy":"post_tag","embeddable":true,"href":"https:\/\/www.europesays.com\/it\/wp-json\/wp\/v2\/tags?post=303780"}],"curies":[{"name":"wp","href":"https:\/\/api.w.org\/{rel}","templated":true}]}}