{"id":303782,"date":"2026-01-13T04:12:22","date_gmt":"2026-01-13T04:12:22","guid":{"rendered":"https:\/\/www.europesays.com\/it\/303782\/"},"modified":"2026-01-13T04:12:22","modified_gmt":"2026-01-13T04:12:22","slug":"atalanta-torino-2-0-la-partita-vista-da-serina-la-corsa-di-pasalic-commuove-lo-stadio-punti-sofferti-quindi-preziosi","status":"publish","type":"post","link":"https:\/\/www.europesays.com\/it\/303782\/","title":{"rendered":"Atalanta-Torino 2-0, la partita vista da Serina: la corsa di Pasalic commuove lo stadio. Punti sofferti, quindi preziosi"},"content":{"rendered":"<p>    di<br \/>\n    Pietro Serina<\/p>\n<p class=\"summary-art is-line-h-12\">Un\u2019ora di Atalanta, poi affiora la stanchezza e cresce il Torino. Solo a fine recupero il 2-0 con le lacrime del croato per il padre morto di recente<\/p>\n<p class=\"chapter-paragraph\"><b>10.01.2026: Atalanta-Torino 2-0 <\/b>La battaglia in notturna col freddo continua con l\u2019Atalanta che ti accende. Prima della gara il tributo a Emiliano Mondonico, gradito da tutti i presenti (i tifosi ospiti inneggiano alla sedia di Amsterdam), alla fine l\u2019abbraccio da appartenenza a Pasalic. Durante la gara troppe sigarette dove non si pu\u00f2 fumare. Per il resto \u2013 la sedia di Mondonico ad Amsterdam, <a href=\"https:\/\/bergamo.corriere.it\/notizie\/sport\/atalanta\/25_dicembre_18\/morto-il-padre-di-pasalic-il-dolore-dell-atalanta-tutta-la-societa-si-stringe-a-mario-f498d63e-c642-401e-9e1b-c1cb67834xlk.shtml\" rel=\"nofollow noopener\" target=\"_blank\">le vicende recenti di Pasalic<\/a> e il divieto di fumo allo stadio &#8211; c\u2019\u00e8 Wikipedia.    &#13;<br \/>\n&#13;<br \/>\n&#13;<br \/>\n&#13;<br \/>\n&#13;<br \/>\n&#13;<br \/>\n&#13;<br \/>\n&#13;<br \/>\n&#13;<br \/>\n&#13;<br \/>\n&#13;<br \/>\n&#13;<br \/>\n&#13;<br \/>\n&#13;<br \/>\n&#13;<br \/>\n&#13;<br \/>\n&#13;<br \/>\n&#13;<br \/>\n&#13;<br \/>\n&#13;<br \/>\n&#13;<br \/>\n&#13;<br \/>\n&#13;<br \/>\n&#13;<br \/>\n&#13;<br \/>\n&#13;<br \/>\n&#13;<br \/>\n&#13;<br \/>\n&#13;<br \/>\n&#13;<br \/>\n&#13;<br \/>\n&#13;<br \/>\n&#13;<br \/>\n&#13;<br \/>\n&#13;<br \/>\n&#13;<br \/>\n&#13;<br \/>\n&#13;<br \/>\n&#13;<br \/>\n&#13;<br \/>\n&#13;<br \/>\n&#13;<br \/>\n&#13;<br \/>\n&#13;<br \/>\n&#13;<br \/>\n&#13;<br \/>\n&#13;<br \/>\n&#13;<br \/>\n&#13;<br \/>\n&#13;<br \/>\n&#13;<br \/>\n&#13;<br \/>\n&#13;\n<\/p>\n<p class=\"chapter-paragraph\"><b>LA PARTITA<\/b><br \/><b>Toh, l\u2019Atalanta sa anche vincere soffrendo <\/b>Ecco un altro modo di vincere, e va benissimo anche questo: passando dalla sofferenza. Col Torino \u2013 che gioca da Toro solo l\u2019ultima mezzora &#8211; l\u2019Atalanta crea, non capitalizza, alla fine soffre tantissimo ma riesce a difendere il vantaggio e al 50\u2019 in contropiede raddoppia con Pasalic. <a href=\"https:\/\/bergamo.corriere.it\/notizie\/sport\/atalanta\/26_gennaio_11\/atalanta-torino-1-0-le-spigolature-di-serina-l-infortunio-del-tennista-palladino-agitato-e-9-gare-senza-subire-gol-6dbd41de-6873-4a39-af7c-180f8ab45xlk.shtml\" rel=\"nofollow noopener\" target=\"_blank\">La vittoria \u00e8 legittima<\/a>, ma se i granata avessero pareggiato non avrebbero rubato niente. Quindi la caccia alle prime sei continua, il 7\u00b0 posto \u00e8 consolidato e il momento d\u2019oro continua: \u00e8 arrivata la quinta vittoria nelle ultime sei partite (tutte di campionato).<\/p>\n<p class=\"chapter-paragraph\"><b>Un\u2019ora di alto livello<\/b> La spiegazione della gara non \u00e8 difficile, e passa anche dallo sforzo fisico. Perch\u00e9 Palladino confermandosi<a href=\"https:\/\/bergamo.corriere.it\/notizie\/sport\/atalanta\/26_gennaio_11\/palladino-e-il-feeling-con-i-giocatori-s-e-creata-una-magia-unica-tra-noi-non-deve-spaventarci-niente-a8fd8ee5-c454-4244-8af9-98ffdbc00xlk.shtml\" rel=\"nofollow noopener\" target=\"_blank\"> tecnico \u00abempatico\u00bb <\/a>ha confermato gli 11 titolari che hanno vinto a Bologna e, tre giorni dopo, la squadra per un\u2019ora ha giocato allo stesso modo, facendo calcio e creando occasioni. Ma quell\u2019Atalanta dominante ha segnato un solo gol. Lo show &#8211; dopo cinque minuti di disordine iniziale per le scelte granata (Ngonge centravanti e Zapata defilato verso Ahanor, quindi Scalvini senza avversario) &#8211; ha fruttato 5-6 occasioni, ma solo il gol del migliore in campo, Charles De Ketelaere (20 reti e 27 assist in due anni e mezzo, nessuno come lui tra i nati dal 2001 in poi) su assist dalla bandierina di Bernasconi.<\/p>\n<p class=\"chapter-paragraph\"><b>Le gambe rallentano, ecco il Toro<\/b> Poi, dal palo di Zappacosta (50\u2019) a fine partita, \u00e8 stato un crescendo del Torino. Baroni ha cambiato le punte (molto meglio Adams e Simeone) e la squadra \u00e8 migliorata, anche perch\u00e9 l\u2019Atalanta \u00e8 sempre pi\u00f9 calata sul piano fisico. Non ci sono stati cambi tattici, ma di gamba s\u00ec. E due volte \u00e8 stato decisivo Carnesecchi per evitare la rimonta granata, in alcuni momenti sventata anche calciando la palla in tribuna. Alla fine, ecco il 2-0, con l\u2019ultima giocata (Scamacca-Pasalic), diventata il momento pi\u00f9 bello della serata.<\/p>\n<p class=\"chapter-paragraph\"><b>Tre nomi per la serata <\/b>I simboli della gara sono tre: il portiere che para (Carnesecchi), l\u2019attaccante che segna (De Ketelaere) e l\u2019emozione finale dello stadio per il gol di Pasalic, subito dedicato al padre appena scomparso. Vedere Supermario piangere con la testa e le braccia rivolte al cielo, \u00e8 stato commovente per tutti i presenti: un momento altissimo che cementa il mondo nerazzurro e, in generale, spiega quanto bene pu\u00f2 fare lo sport.<\/p>\n<p class=\"chapter-paragraph\">Il calcio \u00e8 di tutti, ma in modo differente: allo stadio si guarda, dalla scrivania si vede.<\/p>\n<p><b\/><br \/><b>IL TABELLINO<\/b><br \/><b>ATALANTA-TORINO 2-0<br \/><\/b>Bergamo, 10 gennaio 2026, ore 20.45 \u2013 Serie A, 20\u00b0 turno (1\u00b0 rit.)<b\/><br \/><b>Reti<\/b><b>:<\/b> 13\u2019 pt De Ketelaere, 50\u2019 st Pasalic.<br \/><b><br \/>ATALANTA (3-4-2-1)<\/b>: Carnesecchi <b>7,5<\/b>; Scalvini <b>6,5 <\/b>(22\u2019 st Musah <b>6<\/b>), Djimsiti <b>7 <\/b>(44\u2019 pt Hien <b>6<\/b>), Ahanor <b>6,5<\/b>; Zappacosta <b>7<\/b>,<b> <\/b>de Roon<b>7<\/b>, Ederson <b>6,5<\/b>,<b> <\/b>Bernasconi <b>7<\/b>;<b> <\/b>De Ketelaere <b>7,5 <\/b>(34\u2019 st Samardzic <b>sv<\/b>), Zalewski<b> 6,5 <\/b>(34\u2019 st Pasalic <b>7<\/b>); Krstovic <b>6,5 <\/b>(22\u2019 st Scamacca <b>6<\/b>). (media <b>6,700<\/b>). All. Palladino<b> 7<\/b>.<\/p>\n<p><b>TORINO (3-5-2)<\/b>:<b> <\/b>Paleari <b>7<\/b>;<b> <\/b>Ismajli <b>5,5<\/b>, Maripan <b>5<\/b>, Coco <b>5<\/b>; Lazaro <b>5,5 <\/b>(40\u2019 st Biraghi <b>sv<\/b>), Vlasic <b>6<\/b>, Tam\u00e8ze <b>5,5 <\/b>(12\u2019 st Ilkhan <b>6<\/b>),<b> <\/b>Gineitis <b>5,5<\/b>, Aboukhlal <b>5,5 (<\/b>40\u2019 st Njie <b>sv<\/b>); Zapata <b>5 <\/b>(12\u2019 st Simeone <b>6<\/b>), Ngonge <b>5 <\/b>(12\u2019 st Adams <b>5,5<\/b>). (media: <b>5,571<\/b>). All. Baroni <b>5,5<\/b>.  <\/p>\n<p><b>Arbitro<\/b>: Fourneau di Roma. Var: Di Paolo di Avezzano <b>7<\/b>.<\/p>\n<p class=\"is-mr-t-20 is-mr-b-20\"><b><br \/>\n                    <a href=\"https:\/\/bergamo.corriere.it\/?intcmp=Notizielocali_nd_010623_corriere_ss_bergamo\" target=\"_blank\" rel=\"nofollow noopener\">Vai a tutte le notizie di Bergamo<\/a><br \/>\n            <\/b><\/p>\n<p class=\"chapter-paragraph\"><b><a href=\"https:\/\/www.corriere.it\/newsletter\/?theme=61&amp;intcmp=NL-artic_nd_050624_corriere_ss_bergamo\" target=\"_blank\" rel=\"nofollow noopener\">Iscriviti alla newsletter di Corriere Bergamo<\/a><\/b><\/p>\n<p class=\"is-last-update\" datetime=\"2026-01-11T10:23:21+01:00\">11 gennaio 2026 ( modifica il 11 gennaio 2026 | 10:23)<\/p>\n<p class=\"is-copyright\">\n            \u00a9 RIPRODUZIONE RISERVATA\n        <\/p>\n","protected":false},"excerpt":{"rendered":"di Pietro Serina Un\u2019ora di Atalanta, poi affiora la stanchezza e cresce il Torino. Solo a fine recupero&hellip;\n","protected":false},"author":3,"featured_media":303783,"comment_status":"","ping_status":"","sticky":false,"template":"","format":"standard","meta":{"footnotes":""},"categories":[176],"tags":[14226,178297,178298,19599,27623,9917,8235,569,57262,6097,5706,721,43392,934,277,21109,178293,5016,629,1976,5197,1537,90,89,21111,178294,793,26932,5526,21438,3608,105971,1290,43394,3790,21059,15313,27615,27619,17992,9065,7189,245,244,1857,2011,178295,2957,82773,1641,5517,2199,4968,2224,29202,178296],"class_list":{"0":"post-303782","1":"post","2":"type-post","3":"status-publish","4":"format-standard","5":"has-post-thumbnail","7":"category-sport","8":"tag-abbraccio","9":"tag-abbraccio-appartenenza","10":"tag-abbraccio-appartenenza-pasalic","11":"tag-adams","12":"tag-ahanor","13":"tag-amsterdam","14":"tag-assist","15":"tag-atalanta","16":"tag-atalanta-torino","17":"tag-baroni","18":"tag-bernasconi","19":"tag-calcio","20":"tag-carnesecchi","21":"tag-continua","22":"tag-de","23":"tag-de-ketelaere","24":"tag-de-ketelaere-st","25":"tag-fisico","26":"tag-gara","27":"tag-gol","28":"tag-granata","29":"tag-it","30":"tag-italia","31":"tag-italy","32":"tag-ketelaere","33":"tag-ketelaere-st","34":"tag-media","35":"tag-mondonico","36":"tag-ngonge","37":"tag-occasioni","38":"tag-padre","39":"tag-palladino","40":"tag-partita","41":"tag-pasalic","42":"tag-presenti","43":"tag-pt","44":"tag-reti","45":"tag-scalvini","46":"tag-scamacca","47":"tag-sedia","48":"tag-serata","49":"tag-simeone","50":"tag-sport","51":"tag-sports","52":"tag-squadra","53":"tag-st","54":"tag-st-pasalic","55":"tag-stadio","56":"tag-sv","57":"tag-torino","58":"tag-toro","59":"tag-ultima","60":"tag-vincere","61":"tag-vittoria","62":"tag-zapata","63":"tag-zappacosta"},"share_on_mastodon":{"url":"","error":"Validation failed: Text character limit of 500 exceeded"},"_links":{"self":[{"href":"https:\/\/www.europesays.com\/it\/wp-json\/wp\/v2\/posts\/303782","targetHints":{"allow":["GET"]}}],"collection":[{"href":"https:\/\/www.europesays.com\/it\/wp-json\/wp\/v2\/posts"}],"about":[{"href":"https:\/\/www.europesays.com\/it\/wp-json\/wp\/v2\/types\/post"}],"author":[{"embeddable":true,"href":"https:\/\/www.europesays.com\/it\/wp-json\/wp\/v2\/users\/3"}],"replies":[{"embeddable":true,"href":"https:\/\/www.europesays.com\/it\/wp-json\/wp\/v2\/comments?post=303782"}],"version-history":[{"count":0,"href":"https:\/\/www.europesays.com\/it\/wp-json\/wp\/v2\/posts\/303782\/revisions"}],"wp:featuredmedia":[{"embeddable":true,"href":"https:\/\/www.europesays.com\/it\/wp-json\/wp\/v2\/media\/303783"}],"wp:attachment":[{"href":"https:\/\/www.europesays.com\/it\/wp-json\/wp\/v2\/media?parent=303782"}],"wp:term":[{"taxonomy":"category","embeddable":true,"href":"https:\/\/www.europesays.com\/it\/wp-json\/wp\/v2\/categories?post=303782"},{"taxonomy":"post_tag","embeddable":true,"href":"https:\/\/www.europesays.com\/it\/wp-json\/wp\/v2\/tags?post=303782"}],"curies":[{"name":"wp","href":"https:\/\/api.w.org\/{rel}","templated":true}]}}