{"id":303784,"date":"2026-01-13T04:14:13","date_gmt":"2026-01-13T04:14:13","guid":{"rendered":"https:\/\/www.europesays.com\/it\/303784\/"},"modified":"2026-01-13T04:14:13","modified_gmt":"2026-01-13T04:14:13","slug":"papa-vittorio-non-mi-ha-fatto-gli-auguri-di-natale-hanno-chiesto-di-non-farmi-vedere-le-cartelle-cliniche","status":"publish","type":"post","link":"https:\/\/www.europesays.com\/it\/303784\/","title":{"rendered":"\u00abPap\u00e0 Vittorio non mi ha fatto gli auguri di Natale. Hanno chiesto di non farmi vedere le cartelle cliniche\u00bb"},"content":{"rendered":"<p>&#13;<br \/>\n                               &#13;<br \/>\n                                                &#13;<br \/>\n                &#13;<\/p>\n<p>Ospite a\u00a0<a href=\"https:\/\/www.leggo.it\/t\/verissimo\" rel=\"nofollow noopener\" target=\"_blank\">Verissimo<\/a>,\u00a0<strong><a href=\"https:\/\/www.leggo.it\/t\/evelina-sgarbi\" rel=\"nofollow noopener\" target=\"_blank\">Evelina Sgarbi<\/a><\/strong>\u00a0torna a parlare pubblicamente della delicata situazione che riguarda il padre,\u00a0<strong><a href=\"https:\/\/www.leggo.it\/t\/vittorio-sgarbi\" rel=\"nofollow noopener\" target=\"_blank\">Vittorio Sgarbi<\/a><\/strong>. Un racconto fatto di silenzi, tensioni familiari e interrogativi ancora senza risposta. Il giudice ha negato la richiesta dell&#8217;amministratore di sostegno, avanzata da Evelina, ma ha disposto una perizia per capire lo stato psicologico del critico d&#8217;arte.<\/p>\n<p>&#13;<br \/>\n&#13;<br \/>\nCome sta Vittorio Sgarbi&#13;<br \/>\n&#13;<br \/>\n&#13;<br \/>\n&#13;<\/p>\n<p>Nel corso dell\u2019intervista, Evelina ha spiegato di non aver ricevuto neppure gli auguri di Natale dal padre: \u00abPap\u00e0 non mi ha fatto gli auguri. <\/p>\n<p>Forse ha passato le feste in cura da qualche parte, perch\u00e9 le finestre di casa sua erano tutte chiuse\u00bb. Al centro del racconto c\u2019\u00e8 anche un passaggio giudiziario complesso: \u00abAvevano chiesto di non dare informazioni a noi figli, ma il giudice non ha accettato e ha convocato tutti il 27 gennaio. Trovo incredibile l\u2019ansia di non dare informazioni a me che sono sua figlia\u00bb.&#13;<br \/>\n&#13;<br \/>\nIl rapporto teso con Sabrina\u00a0&#13;<br \/>\n&#13;<\/p>\n<p>Non manca il riferimento ai rapporti tesi con la compagna di Sgarbi, <strong><a href=\"https:\/\/www.leggo.it\/t\/sabrina-colle\" rel=\"nofollow noopener\" target=\"_blank\">Sabrina Colle<\/a><\/strong>: \u00abHa detto che vuole denunciarmi, lo facesse. Vuole denunciare anche Mediaset, ma voi lo avete invitato e lui non \u00e8 venuto\u00bb. Infine, il racconto di un tentativo di riavvicinamento andato a vuoto, lo scorso anno: \u00abIl 2 gennaio mi ha chiamato Sabrina Colle dicendomi che pap\u00e0 non \u00e8 pi\u00f9 in grado di fare niente e che ce ne dovremo occupare noi. Ho cercato di andarlo a trovare, ma non era mai disponibile. <strong>L\u2019ostilit\u00e0 con la compagna c\u2019\u00e8 sempre stata, ma ha iniziato ad alzare la cresta da quando pap\u00e0 \u00e8 stato male<\/strong>\u00bb.\u00a0<\/p>\n<p>&#13;<br \/>\n&#13;<\/p>\n<p>\u00abIl punto non \u00e8 l&#8217;eredit\u00e0, hanno cercato di spostare l&#8217;attenzione dalla salute di mio padre. Non sono mai stata contenta della sua compagna. Non mi \u00e8 piaciuta a pelle\u00bb, conclude lei. Nell&#8217;intervista a Domenica In, Vittorio Sgarbi ha attaccato la figlia, consigliandole di pensare alla sua di salute mentale, ma Evelina lo difende a Verissimo: \u00abLui in quel momento era\u00a0debole, plagiato e direbbe di tutto. Il <strong>matrimonio<\/strong> con Sabrina non si pu\u00f2 fare e menomale. Ci sono molte cose poco chiare, io sto solo chiedendo chiarezza\u00bb.\u00a0<\/p>\n<p>                                &#13;<br \/>\n                &#13;<br \/>\n&#13;<br \/>\n                Ultimo aggiornamento: domenica 11 gennaio 2026, 18:24&#13;<br \/>\n                <br \/>&#13;<br \/>\n                &#13;<br \/>\n                  &#13;<br \/>\n                    &#13;<br \/>\n                        \u00a9 RIPRODUZIONE RISERVATA&#13;<\/p>\n<p>&#13;<\/p>\n<p>                    &#13;<\/p>\n","protected":false},"excerpt":{"rendered":"&#13; &#13; &#13; &#13; Ospite a\u00a0Verissimo,\u00a0Evelina Sgarbi\u00a0torna a parlare pubblicamente della delicata situazione che riguarda il padre,\u00a0Vittorio Sgarbi.&hellip;\n","protected":false},"author":3,"featured_media":303785,"comment_status":"","ping_status":"","sticky":false,"template":"","format":"standard","meta":{"footnotes":""},"categories":[174],"tags":[203,85277,204,1537,90,89,29146],"class_list":{"0":"post-303784","1":"post","2":"type-post","3":"status-publish","4":"format-standard","5":"has-post-thumbnail","7":"category-intrattenimento","8":"tag-entertainment","9":"tag-evelina-sgarbi","10":"tag-intrattenimento","11":"tag-it","12":"tag-italia","13":"tag-italy","14":"tag-vittorio-sgarbi"},"share_on_mastodon":{"url":"https:\/\/pubeurope.com\/@it\/115885851428861924","error":""},"_links":{"self":[{"href":"https:\/\/www.europesays.com\/it\/wp-json\/wp\/v2\/posts\/303784","targetHints":{"allow":["GET"]}}],"collection":[{"href":"https:\/\/www.europesays.com\/it\/wp-json\/wp\/v2\/posts"}],"about":[{"href":"https:\/\/www.europesays.com\/it\/wp-json\/wp\/v2\/types\/post"}],"author":[{"embeddable":true,"href":"https:\/\/www.europesays.com\/it\/wp-json\/wp\/v2\/users\/3"}],"replies":[{"embeddable":true,"href":"https:\/\/www.europesays.com\/it\/wp-json\/wp\/v2\/comments?post=303784"}],"version-history":[{"count":0,"href":"https:\/\/www.europesays.com\/it\/wp-json\/wp\/v2\/posts\/303784\/revisions"}],"wp:featuredmedia":[{"embeddable":true,"href":"https:\/\/www.europesays.com\/it\/wp-json\/wp\/v2\/media\/303785"}],"wp:attachment":[{"href":"https:\/\/www.europesays.com\/it\/wp-json\/wp\/v2\/media?parent=303784"}],"wp:term":[{"taxonomy":"category","embeddable":true,"href":"https:\/\/www.europesays.com\/it\/wp-json\/wp\/v2\/categories?post=303784"},{"taxonomy":"post_tag","embeddable":true,"href":"https:\/\/www.europesays.com\/it\/wp-json\/wp\/v2\/tags?post=303784"}],"curies":[{"name":"wp","href":"https:\/\/api.w.org\/{rel}","templated":true}]}}