{"id":303788,"date":"2026-01-13T04:18:09","date_gmt":"2026-01-13T04:18:09","guid":{"rendered":"https:\/\/www.europesays.com\/it\/303788\/"},"modified":"2026-01-13T04:18:09","modified_gmt":"2026-01-13T04:18:09","slug":"neve-ghiaccio-e-alcol-incidenti-sui-passi-alpini","status":"publish","type":"post","link":"https:\/\/www.europesays.com\/it\/303788\/","title":{"rendered":"Neve, ghiaccio e alcol: incidenti sui passi alpini"},"content":{"rendered":"<p>                <a href=\"https:\/\/www.laprovinciaunicatv.it\/publisher\/Cronaca\/section\/\" class=\"sondrio-color-text\" alt=\"Cronaca\" rel=\"nofollow noopener\" target=\"_blank\">Cronaca<\/a><\/p>\n<p>                    \/<\/p>\n<p>                        <a href=\"https:\/\/www.laprovinciaunicatv.it\/publisher\/sondrio-e-cintura\/section\/\" alt=\"Sondrio e cintura\" rel=\"nofollow noopener\" target=\"_blank\">Sondrio e cintura<\/a><\/p>\n<p>                        Domenica 11 Gennaio 2026<\/p>\n<p class=\"mb-0\">\n            Due donne al volante dopo aver bevuto fermate dalla Polizia cantonale\n        <\/p>\n<p>                <a href=\"https:\/\/www.laprovinciaunicatv.it\/account\/journalist\/elisabetta-del-curto_1157\/\" rel=\"nofollow noopener\" target=\"_blank\"><br \/>\n                    <img decoding=\"async\" width=\"30\" src=\"https:\/\/www.europesays.com\/it\/wp-content\/uploads\/2025\/10\/default_user.png\" alt=\"Elisabetta Del Curto\"\/><br \/>\n                <\/a><\/p>\n<p>Il maltempo, con le strade innevate e ghiacciate ha sicuramente il suo peso, ma se ci si mette pure al volante dopo aver assunto alcolici, il rischio di provocare incidenti quadruplica. Ne sanno qualcosa alla Polizia cantonale dei Grigioni che fra gioved\u00ec e sabato \u00e8 intervenuta in due occasioni incidenti avvenuti sulle strade ghiacciate engadinesi, provocati da due donne messesi al volante in stato di alterazione alcolica. <\/p>\n<p>Il primo sinistro \u00e8 avvenuto gioved\u00ec, poco prima delle 21, nei pressi di Fiuors, sulla strada H3 del Maloja, da Silvaplana in direzione Maloja. \u00c9 l\u00ec che una donna di 33 anni stava procedendo a bordo della sua auto quando, improvvisamente, ha sbandato sulla strada innevata, ha cozzato contro il terrapieno sul lato destro, si \u00e8 ribaltata e si \u00e8 arrestata nel mezzo della carreggiata. Subito sul posto si sono recati gli operatori del soccorso sanitario svizzero e gli agenti della Polizia cantonale dei Grigioni che hanno sottoposto la conducente al test etilometrico rilevandone lo stato di ebbrezza tale da revocarle subito la patente. L\u2019auto, distrutta, \u00e8 stata rimossa e la strada \u00e8 rimasta chiusa per un\u2019ora e mezza. Stesso clich\u00e9, pi\u00f9 o meno, si \u00e8 ripetuto sabato sera a Samedan dove una donna di 56 anni \u00e8 stata fermata mentre era alla guida di un\u2019Audi Rs Q3 in stato di ebbrezza. Viaggiava sulla Engadinstrasse proveniente da Sankt Moritz contromano e a zig zag, rischiando di scontrarsi frontalmente con un altro veicolo. <\/p>\n<p>Ad interromperne l\u2019incedere una pattuglia della Polizia cantonale che l\u2019ha fermata prima che potesse fare danni e l\u2019ha sottoposta agli esami del sangue e delle urine. Verr\u00e0 denunciata alla Procura della Repubblica dei Grigioni per diverse violazioni del codice della strada. Al netto delle condizioni con le quali ci si mette alla guida, mai sotto l\u2019effetto di sostanze, occorre tenere presente che le strade engadinesi, ma anche valtellinesi e valchiavennasche, anche se sgombere da neve, sono insidiose in questi giorni complici le basse temperature. Il pericolo ghiaccio \u00e8 dietro l\u2019angolo. Attenzione anche sui Passi alpini. Sul Maloja ieri si viaggiava bene, ma lo Julier \u00e8 innevato fra Bivio e Silvaplana, e il Bernina fra Pontresina e San Carlo. Pulito il Foscagno.<\/p>\n<p class=\"articolo-riservato\">\n                            \u00a9 RIPRODUZIONE RISERVATA\n                        <\/p>\n","protected":false},"excerpt":{"rendered":"Cronaca \/ Sondrio e cintura Domenica 11 Gennaio 2026 Due donne al volante dopo aver bevuto fermate dalla&hellip;\n","protected":false},"author":3,"featured_media":303789,"comment_status":"","ping_status":"","sticky":false,"template":"","format":"standard","meta":{"footnotes":""},"categories":[160],"tags":[5957,14,164,165,9043,133874,11144,18423,7578,15390,370,166,7,15,477,148922,240,188,11,167,12,168,161,162,163],"class_list":{"0":"post-303788","1":"post","2":"type-post","3":"status-publish","4":"format-standard","5":"has-post-thumbnail","7":"category-mondo","8":"tag-automobili","9":"tag-cronaca","10":"tag-dal-mondo","11":"tag-dalmondo","12":"tag-disastri","13":"tag-disastri-meteorologici","14":"tag-elisabetta-del-curto","15":"tag-governo","16":"tag-incidenti","17":"tag-incidenti-nei-trasporti","18":"tag-malattia","19":"tag-mondo","20":"tag-news","21":"tag-notizie","22":"tag-politica","23":"tag-polizia-cantonale","24":"tag-salute","25":"tag-tempo-libero","26":"tag-ultime-notizie","27":"tag-ultime-notizie-di-mondo","28":"tag-ultimenotizie","29":"tag-ultimenotiziedimondo","30":"tag-world","31":"tag-world-news","32":"tag-worldnews"},"share_on_mastodon":{"url":"https:\/\/pubeurope.com\/@it\/115885867288898260","error":""},"_links":{"self":[{"href":"https:\/\/www.europesays.com\/it\/wp-json\/wp\/v2\/posts\/303788","targetHints":{"allow":["GET"]}}],"collection":[{"href":"https:\/\/www.europesays.com\/it\/wp-json\/wp\/v2\/posts"}],"about":[{"href":"https:\/\/www.europesays.com\/it\/wp-json\/wp\/v2\/types\/post"}],"author":[{"embeddable":true,"href":"https:\/\/www.europesays.com\/it\/wp-json\/wp\/v2\/users\/3"}],"replies":[{"embeddable":true,"href":"https:\/\/www.europesays.com\/it\/wp-json\/wp\/v2\/comments?post=303788"}],"version-history":[{"count":0,"href":"https:\/\/www.europesays.com\/it\/wp-json\/wp\/v2\/posts\/303788\/revisions"}],"wp:featuredmedia":[{"embeddable":true,"href":"https:\/\/www.europesays.com\/it\/wp-json\/wp\/v2\/media\/303789"}],"wp:attachment":[{"href":"https:\/\/www.europesays.com\/it\/wp-json\/wp\/v2\/media?parent=303788"}],"wp:term":[{"taxonomy":"category","embeddable":true,"href":"https:\/\/www.europesays.com\/it\/wp-json\/wp\/v2\/categories?post=303788"},{"taxonomy":"post_tag","embeddable":true,"href":"https:\/\/www.europesays.com\/it\/wp-json\/wp\/v2\/tags?post=303788"}],"curies":[{"name":"wp","href":"https:\/\/api.w.org\/{rel}","templated":true}]}}