{"id":303790,"date":"2026-01-13T04:19:20","date_gmt":"2026-01-13T04:19:20","guid":{"rendered":"https:\/\/www.europesays.com\/it\/303790\/"},"modified":"2026-01-13T04:19:20","modified_gmt":"2026-01-13T04:19:20","slug":"comuni-montani-in-11-verso-lesclusione-lappello-di-marcazzan-alla-politica-le-prime-risposte","status":"publish","type":"post","link":"https:\/\/www.europesays.com\/it\/303790\/","title":{"rendered":"Comuni montani, in 11 verso l\u2019esclusione: l\u2019appello di Marcazzan alla politica. Le prime risposte"},"content":{"rendered":"\n<p>San Giovanni Ilarione<\/p>\n<p>La conferenza delle Regioni presenter\u00e0 controproposte al ministero dopo la legge che riscrive i criteri generali. Primi a rispondere Bigon e Trevisi: \u00abCos\u00ec aumentano disuguaglianze\u00bb<\/p>\n<p>    &#13;<br \/>\n    &#13;<br \/>\n                 &#13;<br \/>\n  &#13;<\/p>\n<p>        <img loading=\"lazy\" decoding=\"async\" src=\"https:\/\/www.europesays.com\/it\/wp-content\/uploads\/2026\/01\/Luciano+Marcazzan.jpg\" data-format=\"16x9\" alt=\"Il sindaco di San Giovanni Ilarione, Luciano Marcazzan. Sullo sfondo il territorio che non sar\u00e0 pi\u00f9 \u00abmontano\u00bb\" width=\"750\" height=\"421\"\/><br \/>\n      &#13;<\/p>\n<p>&#13;<br \/>\n      Il sindaco di San Giovanni Ilarione, Luciano Marcazzan. Sullo sfondo il territorio che non sar\u00e0 pi\u00f9 \u00abmontano\u00bb&#13;<br \/>\n            (PECORA)&#13;\n          <\/p>\n<p>    &#13;<br \/>\n    &#13;<br \/>\n                 &#13;<br \/>\n  &#13;<\/p>\n<p>        <img loading=\"lazy\" decoding=\"async\" src=\"https:\/\/www.europesays.com\/it\/wp-content\/uploads\/2026\/01\/Luciano+Marcazzan.jpg\" data-format=\"16x9\" alt=\"Il sindaco di San Giovanni Ilarione, Luciano Marcazzan. Sullo sfondo il territorio che non sar\u00e0 pi\u00f9 \u00abmontano\u00bb\" width=\"750\" height=\"421\"\/><br \/>\n      &#13;<\/p>\n<p>&#13;<br \/>\n      Il sindaco di San Giovanni Ilarione, Luciano Marcazzan. Sullo sfondo il territorio che non sar\u00e0 pi\u00f9 \u00abmontano\u00bb&#13;<br \/>\n            (PECORA)&#13;\n          <\/p>\n<p>Tutela della <strong>classificazione montana dei comuni veronesi:<\/strong> il sindaco di San Giovanni Ilarione, <strong>Luciano Marcazzan, <\/strong>passa la palla ai consiglieri regionali scaligeri.<\/p>\n<p>Stefano Valdegamberi, Elisa De Berti, Matteo Pressi, Claudia Barbera, Anna Maria Bigon, Alberto Bozza, Anna Leso, Filippo Rigo e Gianpaolo Trevisi sono infatti i<strong> destinatari di una lettera che suona come una supplica<\/strong>, al centro la controproposta congiunta che domani la conferenza delle Regioni dovr\u00e0 presentare al ministero per gli Affari regionali e le autonomie. La proposta alternativa deriva dall\u2019esame del decreto per i parametri di riclassificazione dei comuni montani, primo provvedimento derivante dalla Legge montagna 131\/2025 entrata in vigore il 20 settembre.<\/p>\n<p>I parametri<\/p>\n<p>Spiega Marcazzan: \u00abLa legge Calderoli misura la montagna con il \u201crighello\u201d, classifica come montano un ente solo in base a<strong> tre criteri altimetrici e di pendenza<\/strong>\u00bb. \u00abUn Comune, per essere montano, deve avere il 25% di superficie sopra i 600 metri e il 30% di superficie con almeno un 20% di pendenza\u00bb, elenca Marcazzan, \u00abil secondo criterio prevede che si pu\u00f2 ritenere Comune montano quel territorio con altimetria media superiore ai 500 metri; il terzo prevede un\u2019altimetria media pi\u00f9 bassa ma che consenta di considerare montani anche i Comuni interclusi, cio\u00e8 interamente circondati da Comuni che rispettano uno dei primi due criteri\u00bb.<\/p>\n<p>Sottolinea Marcazzan: \u00abLa legge non considera la diversit\u00e0 del vivere in montagna in relazione alla diversit\u00e0 delle catene montuose italiane, n\u00e9 in particolare la distanza che i cittadini montani devono percorrere per arrivare a scuole, ospedali, trasporti e servizi in generale\u00bb.<\/p>\n<p>Il Fondo<\/p>\n<p>Il nodo \u00e8 costituito dalle risorse del Fondo per lo sviluppo delle montagne italiane (Fosmit), che per il triennio 2025-2027 distribuisce 200 milioni di euro: rimarrebbero esclusi 1.357 comuni italiani: la legge Calderoli li ridurrebbe infatti da 4.201 a 2.844.<br \/>&#13;<br \/>\nIn provincia di Verona (vedi box in pagina) si passerebbe da 27 a 16 o 15. \u00abLa nuova legge\u00bb, prosegue il sindaco, \u00abprevede che i beneficiari delle misure (sanit\u00e0, istruzione, incentivi agli investimenti e imprese, lavoro agile, acquisto e ristrutturazione di immobili) siano individuati con successivi parametri socioeconomici gestiti dall\u2019esecutivo, ma all\u2019interno dei comuni montani definito dal decreto in via di pubblicazione. Io dico che le montagne non sono solo questione di metri, ma territori dove vivono famiglie che hanno bisogno di servizi pubblici adeguati, allo stesso livello di quelli presenti nel resto del territorio non montano. Parliamo di scuole, sanit\u00e0, trasporti, ma anche della presenza di una rete internet pi\u00f9 affidabile, sviluppo del digitale\u00bb.<\/p>\n<p>La Regione \u00e8 orientata a proporre \u00abdi considerare come montani, anche se non pienamente rispondenti ai parametri individuati, i Comuni facenti parte delle attuali Unioni montane del Veneto e inseriti nella prima e seconda fascia dei Comuni finanziati a valere sui Fondi Comuni di confine, con l\u2019intento di facilitare il reingresso di tutti o parte dei Comuni ora non rientranti nella definizione di comuni montani, o comunque di aderire a proposte emendative che consentano il raggiungimento di tale risultato\u00bb.<\/p>\n<p>L&#8217;appello<\/p>\n<p>Marcazzan in vista della riunione chiede \u00abdi valutare, in sede di attuazione o revisione della normativa, l\u2019introduzione di criteri integrativi, clausole di salvaguardia o regimi transitori, che consentano una valutazione complessiva e conforme ai principi ordinamentali e costituzionali, salvaguardando situazioni consolidate come quella del Comune di San Giovanni Ilarione\u00bb.<\/p>\n<p>E conclude rivolgendosi ai consiglieri scaligeri: \u00abServe un vostro intervento istituzionale affinch\u00e9 le criticit\u00e0 rappresentate vengano esaminate e approfondite nelle sedi, sia regionali che nazionali, competenti, conformemente al principio di leale collaborazione tra i diversi livelli di governo\u00bb.<\/p>\n<p>\u00a0<\/p>\n<p>Le prime risposte: \u00abCos\u00ec aumentano le disuguaglianze\u00bb<\/p>\n<p>\u00abEsprimiamo pieno sostegno all\u2019appello del sindaco di San Giovanni Ilarione, che ha chiesto ai consiglieri regionali veronesi di intervenire sulle criticit\u00e0 della legge n. 131 del 2025, la cosiddetta \u201clegge Calderoli\u201d, che ridefinisce i criteri di classificazione dei Comuni montani\u00bb. Cos\u00ec<strong> i consiglieri regionali del Partito Democratico Anna Maria Bigon e Gianpaolo Trevisi\u00a0 rispondono per primi\u00a0 a Marcazzan<\/strong> spiegando: \u00abLa riforma, basata esclusivamente su parametri di altezza e pendenza, rischia di ridurre la montagna a una semplice definizione geografica, ignorando le reali condizioni di vita delle comunit\u00e0 che vi abitano. Un approccio che non tiene conto delle difficolt\u00e0 quotidiane dei territori montani: <strong>l\u2019accesso ai servizi essenziali, le distanze, le fragilit\u00e0 socioeconomiche, lo spopolamento, nonch\u00e9 le specificit\u00e0 storiche e culturali che caratterizzano questi territori<\/strong>. Nel Veronese, la nuova normativa porterebbe all\u2019esclusione dalla classificazione montana di 11 Comuni su 27, tra cui San Giovanni Ilarione, con il rischio concreto di perdere risorse e finanziamenti fondamentali. Una scelta che creerebbe Comuni montani di \u201cserie A\u201d e di \u201cserie B\u201d, in evidente contrasto con i principi costituzionali che prevedono una tutela specifica per le zone montane\u00bb.<\/p>\n<p>\u00abCondividiamo le preoccupazioni espresse dal Sindaco &#8211; puntualizzano Bigon e Trevisi &#8211; perch\u00e9 questa legge, cos\u00ec com\u2019\u00e8, penalizza <strong>territori gi\u00e0 fragili e rischia di aumentare le disuguaglianze<\/strong>. La montagna non pu\u00f2 essere definita solo da un\u2019altitudine: \u00e8 fatta di persone, comunit\u00e0, servizi difficili da garantire e costi pi\u00f9 elevati da sostenere. Chiediamo quindi un intervento politico urgente per rivedere la legge, introducendo criteri integrativi e misure di salvaguardia che tengano conto anche degli aspetti sociali, economici e territoriali, garantendo un sostegno equo a tutte le comunit\u00e0 montane\u00bb.<\/p>\n<p>\u00abSiamo pronti a portare questa istanza nelle sedi istituzionali &#8211; concludono i due esponenti dem &#8211; affinch\u00e9 la Regione del Veneto si faccia promotrice di una revisione della normativa e difenda i Comuni montani e le persone che li abitano\u00bb.<\/p>\n<p>\u00a0<\/p>\n","protected":false},"excerpt":{"rendered":"San Giovanni Ilarione La conferenza delle Regioni presenter\u00e0 controproposte al ministero dopo la legge che riscrive i criteri&hellip;\n","protected":false},"author":3,"featured_media":303791,"comment_status":"","ping_status":"","sticky":false,"template":"","format":"standard","meta":{"footnotes":""},"categories":[79],"tags":[14,93,94,1537,90,89,7,15,11,84,91,12,85,92],"class_list":{"0":"post-303790","1":"post","2":"type-post","3":"status-publish","4":"format-standard","5":"has-post-thumbnail","7":"category-italia","8":"tag-cronaca","9":"tag-cronaca-italiana","10":"tag-cronacaitaliana","11":"tag-it","12":"tag-italia","13":"tag-italy","14":"tag-news","15":"tag-notizie","16":"tag-ultime-notizie","17":"tag-ultime-notizie-e-news-di-oggi","18":"tag-ultime-notizie-italia","19":"tag-ultimenotizie","20":"tag-ultimenotizieenewsdioggi","21":"tag-ultimenotizieitalia"},"share_on_mastodon":{"url":"https:\/\/pubeurope.com\/@it\/115885871217717911","error":""},"_links":{"self":[{"href":"https:\/\/www.europesays.com\/it\/wp-json\/wp\/v2\/posts\/303790","targetHints":{"allow":["GET"]}}],"collection":[{"href":"https:\/\/www.europesays.com\/it\/wp-json\/wp\/v2\/posts"}],"about":[{"href":"https:\/\/www.europesays.com\/it\/wp-json\/wp\/v2\/types\/post"}],"author":[{"embeddable":true,"href":"https:\/\/www.europesays.com\/it\/wp-json\/wp\/v2\/users\/3"}],"replies":[{"embeddable":true,"href":"https:\/\/www.europesays.com\/it\/wp-json\/wp\/v2\/comments?post=303790"}],"version-history":[{"count":0,"href":"https:\/\/www.europesays.com\/it\/wp-json\/wp\/v2\/posts\/303790\/revisions"}],"wp:featuredmedia":[{"embeddable":true,"href":"https:\/\/www.europesays.com\/it\/wp-json\/wp\/v2\/media\/303791"}],"wp:attachment":[{"href":"https:\/\/www.europesays.com\/it\/wp-json\/wp\/v2\/media?parent=303790"}],"wp:term":[{"taxonomy":"category","embeddable":true,"href":"https:\/\/www.europesays.com\/it\/wp-json\/wp\/v2\/categories?post=303790"},{"taxonomy":"post_tag","embeddable":true,"href":"https:\/\/www.europesays.com\/it\/wp-json\/wp\/v2\/tags?post=303790"}],"curies":[{"name":"wp","href":"https:\/\/api.w.org\/{rel}","templated":true}]}}