{"id":303794,"date":"2026-01-13T04:33:21","date_gmt":"2026-01-13T04:33:21","guid":{"rendered":"https:\/\/www.europesays.com\/it\/303794\/"},"modified":"2026-01-13T04:33:21","modified_gmt":"2026-01-13T04:33:21","slug":"raspadori-non-convocato-atletico-madrid-infastidito-e-se-va-al-napoli-niente-sconti","status":"publish","type":"post","link":"https:\/\/www.europesays.com\/it\/303794\/","title":{"rendered":"Raspadori non convocato? Atletico Madrid infastidito. E se va al Napoli niente sconti"},"content":{"rendered":"<p>                                Il club madridista potrebbe decidere di lasciarlo a casa e non farlo partire per La Coruna per la sfida con il Depor di Coppa del Re. I colcheneros e la Roma hanno gi\u00e0 trovato l&#8217;accordo, ma il tergiversare del giocatore, che aspetterebbe la sua ex squadra, non piace alla societ\u00e0<\/p>\n<p class=\"paragraph\" spellcheck=\"true\">Ieri \u00e8 stato provato da Diego Simeone nella formazione titolare anti Deportivo, oggi per\u00f2 potrebbe anche restare fuori dalla lista dei convocati e vedersi la partita da casa sua, a Madrid. \u00c8 un momento particolare un po\u2019 in tutto per Giacomo Raspadori, al centro dell\u2019interesse della Roma ma anche del Napoli, la sua ex squadra. L\u2019Atletico Madrid, infatti, potrebbe anche decidere di lasciarlo a casa e non farlo partire per La Coruna, dove domani i colchoneros giocheranno la sfida con il Depor valida per gli ottavi di finale della Coppa del Re. Un segnale chiaro al giocatore, che per\u00f2 non tutti condividono dentro l\u2019Atletico.\u00a0<\/p>\n<p>    L\u2019attesa\u2014 \u00a0<\/p>\n<p class=\"paragraph is-inline\" spellcheck=\"true\">Insomma, ci sar\u00e0 da aspettare le convocazioni di Diego Simeone per capire cosa succeder\u00e0 davvero. Il Cholo, infatti, vorrebbe portare con s\u00e9 Raspadori, intenzionato anche a farlo giocare titolare nella sfida di domani sera. In societ\u00e0, per\u00f2, sono infastiditi dal comportamento di Jack, considerando che l\u2019Atletico ha trovato da un po\u2019 l\u2019accordo per una sua cessione alla Roma. Il nuovo dt Mateu Alemany, del resto, ha gi\u00e0 parlato nei giorni scorsi con Giacomo, ribadendogli il fatto che per lui all\u2019Atletico molto probabilmente ci sarebbe stato &#8211; da qui alla fine &#8211; ancora meno spazio di quanto avuto finora. Incoraggiandolo, di conseguenza, ad accettare l\u2019offerta della Roma. Raspadori, per\u00f2, ha continuato a tergiversare, consapevole del fatto che a Napoli (dove ha vinto due scudetti negli ultimi tre anni) se lo riprenderebbero volentieri. Concetto che gli \u00e8 stato esplicitato direttamente anche dal ds azzurro Manna. Ma questo temporeggiare, di fatto, non piace all\u2019Atletico. Che per forzargli la mano, appunto, sta pensando anche a un gesto forte come l\u2019esclusione dai convocati. Fattispecie che non trova per\u00f2 il gradimento di Simeone. E allora bisogna solo aspettare per capire cosa succeder\u00e0, il Cholo parler\u00e0 in conferenza all\u2019ora di pranzo e l\u00ec se ne potr\u00e0 capire qualcosa di pi\u00f9. Di certo se alla fine Raspadori dovesse andare al Napoli, al club di De Laurentiis gli spagnoli non concederebbero le stesse condizioni di favore (pagamenti e formula) che hanno invece concesso alla Roma, ma gli applicherebbero la stessa formula \u2013 22 milioni pi\u00f9 4 di bonus &#8211; con cui hanno comprato Raspadori la scorsa estate.<\/p>\n","protected":false},"excerpt":{"rendered":"Il club madridista potrebbe decidere di lasciarlo a casa e non farlo partire per La Coruna per la&hellip;\n","protected":false},"author":3,"featured_media":303795,"comment_status":"","ping_status":"","sticky":false,"template":"","format":"standard","meta":{"footnotes":""},"categories":[1452],"tags":[579,18249,5358,721,6880,178299,45627,554,10111,4297,178300,178301,2581,178302,178303,178304,8250,38317,1690,2154,178305,1740,1537,90,89,248,22268,987,3461,7189,1739,245,244],"class_list":{"0":"post-303794","1":"post","2":"type-post","3":"status-publish","4":"format-standard","5":"has-post-thumbnail","7":"category-calcio","8":"tag-accordo","9":"tag-aspettare","10":"tag-atletico","11":"tag-calcio","12":"tag-capire","13":"tag-capire-succedera","14":"tag-cholo","15":"tag-club","16":"tag-convocati","17":"tag-coppa","18":"tag-coppa-re","19":"tag-coruna","20":"tag-decidere","21":"tag-decidere-lasciarlo","22":"tag-decidere-lasciarlo-farlo","23":"tag-depor","24":"tag-diego","25":"tag-diego-simeone","26":"tag-domani","27":"tag-farlo","28":"tag-farlo-partire","29":"tag-football","30":"tag-it","31":"tag-italia","32":"tag-italy","33":"tag-napoli","34":"tag-raspadori","35":"tag-roma","36":"tag-sfida","37":"tag-simeone","38":"tag-soccer","39":"tag-sport","40":"tag-sports"},"share_on_mastodon":{"url":"https:\/\/pubeurope.com\/@it\/115885926166924675","error":""},"_links":{"self":[{"href":"https:\/\/www.europesays.com\/it\/wp-json\/wp\/v2\/posts\/303794","targetHints":{"allow":["GET"]}}],"collection":[{"href":"https:\/\/www.europesays.com\/it\/wp-json\/wp\/v2\/posts"}],"about":[{"href":"https:\/\/www.europesays.com\/it\/wp-json\/wp\/v2\/types\/post"}],"author":[{"embeddable":true,"href":"https:\/\/www.europesays.com\/it\/wp-json\/wp\/v2\/users\/3"}],"replies":[{"embeddable":true,"href":"https:\/\/www.europesays.com\/it\/wp-json\/wp\/v2\/comments?post=303794"}],"version-history":[{"count":0,"href":"https:\/\/www.europesays.com\/it\/wp-json\/wp\/v2\/posts\/303794\/revisions"}],"wp:featuredmedia":[{"embeddable":true,"href":"https:\/\/www.europesays.com\/it\/wp-json\/wp\/v2\/media\/303795"}],"wp:attachment":[{"href":"https:\/\/www.europesays.com\/it\/wp-json\/wp\/v2\/media?parent=303794"}],"wp:term":[{"taxonomy":"category","embeddable":true,"href":"https:\/\/www.europesays.com\/it\/wp-json\/wp\/v2\/categories?post=303794"},{"taxonomy":"post_tag","embeddable":true,"href":"https:\/\/www.europesays.com\/it\/wp-json\/wp\/v2\/tags?post=303794"}],"curies":[{"name":"wp","href":"https:\/\/api.w.org\/{rel}","templated":true}]}}