{"id":303798,"date":"2026-01-13T04:40:15","date_gmt":"2026-01-13T04:40:15","guid":{"rendered":"https:\/\/www.europesays.com\/it\/303798\/"},"modified":"2026-01-13T04:40:15","modified_gmt":"2026-01-13T04:40:15","slug":"rientrare-prima-dei-giochi-non-avrebbe-molto-senso","status":"publish","type":"post","link":"https:\/\/www.europesays.com\/it\/303798\/","title":{"rendered":"&#8216;Rientrare prima dei Giochi non avrebbe molto senso&#8217;"},"content":{"rendered":"<p>L&#8217;intervista de &#8220;La Gazzetta dello Sport&#8221; al dt della nazionale, mentre la fuoriclasse azzurra riprende gli allenamenti proprio a Cortina (dopo qualche ora di relax a Carezza con Karoline Pichler), dove tra meno di un mese prover\u00e0 a coronare un sogno. Per Tarvisio e San Vigilio di Marebbe decider\u00e0 lei stessa, ma i pareri sono contrari anche per proteggere il ranking in vista stagione 2026\/27. Davide Brignone: &#8220;Ad oggi siamo certi solo che Federica sar\u00e0 al via delle gare olimpiche. La WCSL? Se lei sente di poter gareggiare, non penser\u00e0 a quello&#8221;.<\/p>\n<p>Un week-end nello scenario da cartolina di Carezza, dopo il lungo blocco di allenamento in Val di Fassa, tra l\u2019approccio sulla \u201cAloch\u201d e i primi allenamenti veri di velocit\u00e0 a Passo San Pellegrino, su \u201cLa VolatA\u201d che tra meno di due mesi torner\u00e0 ad ospitare la Coppa del Mondo.<\/p>\n<p><a href=\"https:\/\/www.neveitalia.it\/sport\/scialpino\/\/atleta\/brignone-federica\" rel=\"nofollow noopener\" target=\"_blank\">Federica Brignone<\/a> si \u00e8 concessa qualche ora di stacco dallo sci, vivendo a casa dell\u2019amica ed ex compagna di nazionale, Karoline Pichler, il relax tra terme e buon cibo, ma quest\u2019oggi \u00e8 gi\u00e0 di nuovo pista per la fuoriclasse azzurra attesa a finalizzare lo straordinario recupero in chiave olimpica.<\/p>\n<p>Sulle nevi delle Cinque Torri, nel sito olimpico di Cortina, lavoro sul gigante prima di testare l\u2019Olympia delle Tofane dove ci saranno tutte le gare femminili dei Giochi, a partire dalla discesa dell\u20198 febbraio. Si va verso il \u201cno\u201d al rientro in CdM fra <a href=\"https:\/\/www.neveitalia.it\/ski\/tarvisio\/\" rel=\"nofollow noopener\" target=\"_blank\">Tarvisio<\/a> (gioved\u00ec ci sono gi\u00e0 le prove al via sulla \u201cDi Prampero\u201d) e il gigante di <a href=\"https:\/\/www.neveitalia.it\/ski\/plandecorones\/\" rel=\"nofollow noopener\" target=\"_blank\">San Vigilio di Marebbe<\/a> del prossimo 20 gennaio, ma sar\u00e0 in ogni caso Federica ad avere l\u2019ultima parola.<\/p>\n<p>I pareri sono contrari pi\u00f9 che altro per una questione di ranking, ovvero la protezione della WCSL per avere la garanzia del primo gruppo tra discesa, super-g e gigante cominciando poi dal principio la stagione 2026\/27, pericolo che non diverrebbe tale partecipando solo alle gare olimpiche. I primi riscontri cronometrici sono gi\u00e0 buoni, \u201cma la decisione di gareggiare a tutti i costi prima dell\u2019Olimpiade spetta a Federica &#8211; chiarisce Gianluca Rulfi, con il direttore della nazionale in rosa intervistata su \u201cLa Gazzetta dello Sport\u201d questa mattina in edicola &#8211; Per me non avrebbe molto senso, n\u00e9 a <a href=\"https:\/\/www.neveitalia.it\/ski\/tarvisio\/\" rel=\"nofollow noopener\" target=\"_blank\">Tarvisio<\/a> n\u00e9 successivamente, compreso il gigante sulla Erta.<\/p>\n<p>Abbiamo previsto di tornare a Cortina anche il 24-25 gennaio per provare la pista con le velociste e ci sar\u00e0 pure Fede. Le metteremo comunque davanti i pro, cio\u00e8 vedere a che punto \u00e8, e pure i contro, che sono soprattutto di natura regolamentare: rientrare in gara significherebbe perdere il ranking protetto in vista della prossima stagione. Un compromesso per testare la condizione sarebbe fare un paio di discese da apripista\u201d.<\/p>\n<p>Lo staff di Brignone, e in primis l\u2019iridata di gigante e detentrice della Coppa del Mondo, non sarebbe convinta di una soluzione di questo tipo. Parola a Davide, il fratello-coach: \u201cAd oggi siamo certi che Federica sar\u00e0 al via delle gare olimpiche \u2013 spiega, sempre ai colleghi della rosea &#8211; il resto lo valuteremo giorno per giorno com\u2019\u00e8 stato negli ultimi nove mesi.<\/p>\n<p>Quanto al ranking, \u00e8 vero che le converrebbe saltare tutta la stagione per ripresentarsi al via della prossima nella top 3 di gigante, super-g e discesa, ma se sente la spinta a gareggiare, anche ripartire col pettorale numero 30 non sarebbe un problema: lo hanno fatto recentemente Vonn e Shiffrin riguadagnando il primo gruppo in poche gare.<\/p>\n<p>Nello sport le scorciatoie non esistono, possiamo soltanto fare tutte le cose giuste e vedere come va. Quando arriveremo al dunque, dovr\u00e0 essere brava Federica ad andare oltre il dolore, se vuole provare davvero a ottenere qualcosa ai Giochi\u201d.<\/p>\n","protected":false},"excerpt":{"rendered":"L&#8217;intervista de &#8220;La Gazzetta dello Sport&#8221; al dt della nazionale, mentre la fuoriclasse azzurra riprende gli allenamenti proprio&hellip;\n","protected":false},"author":3,"featured_media":303799,"comment_status":"","ping_status":"","sticky":false,"template":"","format":"standard","meta":{"footnotes":""},"categories":[176],"tags":[1537,90,89,245,244],"class_list":{"0":"post-303798","1":"post","2":"type-post","3":"status-publish","4":"format-standard","5":"has-post-thumbnail","7":"category-sport","8":"tag-it","9":"tag-italia","10":"tag-italy","11":"tag-sport","12":"tag-sports"},"share_on_mastodon":{"url":"https:\/\/pubeurope.com\/@it\/115885953715196619","error":""},"_links":{"self":[{"href":"https:\/\/www.europesays.com\/it\/wp-json\/wp\/v2\/posts\/303798","targetHints":{"allow":["GET"]}}],"collection":[{"href":"https:\/\/www.europesays.com\/it\/wp-json\/wp\/v2\/posts"}],"about":[{"href":"https:\/\/www.europesays.com\/it\/wp-json\/wp\/v2\/types\/post"}],"author":[{"embeddable":true,"href":"https:\/\/www.europesays.com\/it\/wp-json\/wp\/v2\/users\/3"}],"replies":[{"embeddable":true,"href":"https:\/\/www.europesays.com\/it\/wp-json\/wp\/v2\/comments?post=303798"}],"version-history":[{"count":0,"href":"https:\/\/www.europesays.com\/it\/wp-json\/wp\/v2\/posts\/303798\/revisions"}],"wp:featuredmedia":[{"embeddable":true,"href":"https:\/\/www.europesays.com\/it\/wp-json\/wp\/v2\/media\/303799"}],"wp:attachment":[{"href":"https:\/\/www.europesays.com\/it\/wp-json\/wp\/v2\/media?parent=303798"}],"wp:term":[{"taxonomy":"category","embeddable":true,"href":"https:\/\/www.europesays.com\/it\/wp-json\/wp\/v2\/categories?post=303798"},{"taxonomy":"post_tag","embeddable":true,"href":"https:\/\/www.europesays.com\/it\/wp-json\/wp\/v2\/tags?post=303798"}],"curies":[{"name":"wp","href":"https:\/\/api.w.org\/{rel}","templated":true}]}}