{"id":304478,"date":"2026-01-13T19:25:10","date_gmt":"2026-01-13T19:25:10","guid":{"rendered":"https:\/\/www.europesays.com\/it\/304478\/"},"modified":"2026-01-13T19:25:10","modified_gmt":"2026-01-13T19:25:10","slug":"sono-timida-nelle-scene-damore-non-sono-a-mio-agio-zingaretti-difficilmente-discutiamo-lintervista-a-radio-2","status":"publish","type":"post","link":"https:\/\/www.europesays.com\/it\/304478\/","title":{"rendered":"\u00abSono timida, nelle scene d&#8217;amore non sono a mio agio. Zingaretti? Difficilmente discutiamo\u00bb. L&#8217;intervista a Radio 2"},"content":{"rendered":"<p>\n                            Il punto serale sulle notizie del giorno<br \/>\n                            <b>Iscriviti<\/b> e ricevi le notizie via email\n                        <\/p>\n<p>Protagonista della fiction di <a href=\"https:\/\/www.ilmessaggero.it\/t\/raiuno-\" rel=\"nofollow noopener\" target=\"_blank\">RaiUno<\/a>\u00a0\u201c<strong>La preside<\/strong>\u201d,<strong> Luisa Ranieri<\/strong>\u00a0\u00e8 intervenuta nel programma <a href=\"https:\/\/www.ilmessaggero.it\/t\/radio-2\" rel=\"nofollow noopener\" target=\"_blank\">Radio 2<\/a>\u00a0&#8220;Stai Serena&#8221; condotto da Serena Bortone e Max Cervelli su Rai Radio 2.<\/p>\n<p>Il personaggio <\/p>\n<p>Come ha sottolineato il regista della fiction\u00a0<strong>Luca Miniero<\/strong>,\u00a0La Preside\u00a0\u00e8 ispirata a una storia vera, quella della dirigente scolastica <strong>Eugenia Canfora<\/strong>: \u00abLa preside di Caivano \u00e8 una dirigente che in un luogo molto difficile ha creato una scuola di una bellezza unica\u00bb -ha esordito Ranieri &#8211; \u00abprima era una discarica, occupata abusivamente da un privato senza locali adibiti per i ragazzi; ha trovato di tutto dentro, anche pistole, meno che la didattica\u00bb.<\/p>\n<p>&#13;<br \/>\n    APPROFONDIMENTI&#13;<br \/>\n    &#13;<\/p>\n<p>L&#8217;incontro con Eugenia Canfora <\/p>\n<p>\u00abQuando alla Festa del Cinema Eugenia Carfora ha visto la fiction mi ha detto: \u201cMi hai rubato tutto\u201d, si \u00e8 rivista ed era molto <strong>emozionata<\/strong>, ci siamo <strong>abbracciate<\/strong> a lungo in quel momento. La sua missione era portare i ragazzi a scuola e ha combattuto contro\u00a0la <strong>dispersione<\/strong> scolastica\u00a0senza perdersi mai d\u2019animo, contro la\u00a0<strong>burocrazia<\/strong>, per riprendersi i suoi spazi, e contro i<strong> servizi sociali<\/strong>.\u00a0Per costruire l&#8217;Italia del futuro occorre investire sui giovani, perch\u00e9 i giovani saranno cittadini del <strong>futuro<\/strong>\u00bb, ha commentato l&#8217;attrice.<\/p>\n<p>Il rapporto con il marito Luca Zingaretti <\/p>\n<p>\u00abOgnuno lavora nel suo specifico, questa fiction l&#8217;abbiamo pensata <strong>insieme<\/strong> e affidata a un produttore. Luca si occupa della <strong>scrittura<\/strong>,\u00a0trova gli sceneggiatori,\u00a0fa il suo lavoro in ufficio e io faccio l&#8217;attrice,\u00a0quindi leggo ci\u00f2 che arriva. Difficilmente discutiamo ma possiamo avere punti di vista <strong>diversi<\/strong>, perch\u00e9 poi lui \u00e8 anche un attore, quindi lui sa che quando faccio delle osservazioni dico delle cose che lui pu\u00f2 capire\u00bb.<\/p>\n<p>L&#8217;importanza di\u00a0Napoli <\/p>\n<p>\u00abLuca \u00e8 un grande tifoso della <strong>Roma<\/strong>, io\u00a0tifo <strong>Napoli <\/strong>per appartenenza, infatti a casa parlo napoletano perch\u00e8 voglio che le mie figlie imparino la lingua, e spero che\u00a0quest&#8217;anno\u00a0il Napoli vinca di nuovo lo <strong>Scudetto<\/strong>. Quando vincemmo il primo ero ragazzina, per\u00f2 mi ricordo che abbiamo fatto il giro di tutti i quartieri:\u00a0c&#8217;era la citt\u00e0 <strong>dipinta<\/strong>, fu anche il riscatto della citt\u00e0 che veniva dagli anni difficili delle guerre di <strong>camorra<\/strong>\u00bb.<\/p>\n<p>Un commento su se stessa <\/p>\n<p>\u00abIo\u00a0sono andata via da Napoli solo per diventare attrice e per questo punto ho lottato con <strong>tenacia<\/strong>. Si pensa che chi fa l&#8217;attore ha il padre attore o conoscenze varie, io invece ho fatto grandi <strong>sacrifici<\/strong>, per\u00f2 l&#8217;ho fatto perch\u00e9 ci credevo fortemente.<br \/>La recitazione \u00e8 stata sicuramente la mia pi\u00f9 grande <strong>terapia <\/strong>ma rimango una persona <strong>timida<\/strong>:\u00a0quando ci sono le scene d&#8217;amore in cui devi interagire con l&#8217;altro attore, non sono molto\u00a0a mio agio\u00bb.<\/p>\n<p>&#13;<br \/>\n                            \u00a9 RIPRODUZIONE RISERVATA&#13;<\/p>\n<p>&#13;<\/p>\n","protected":false},"excerpt":{"rendered":"Il punto serale sulle notizie del giorno Iscriviti e ricevi le notizie via email Protagonista della fiction di&hellip;\n","protected":false},"author":3,"featured_media":304479,"comment_status":"","ping_status":"","sticky":false,"template":"","format":"standard","meta":{"footnotes":"","_share_on_mastodon":"0"},"categories":[1451],"tags":[1621,1620,203,178932,204,1537,90,89,168827,38718,37324,3501],"class_list":["post-304478","post","type-post","status-publish","format-standard","has-post-thumbnail","category-celebrita","tag-celebrita","tag-celebrities","tag-entertainment","tag-eugenia-canfora","tag-intrattenimento","tag-it","tag-italia","tag-italy","tag-la-preside","tag-luca-zingaretti","tag-luisa-ranieri","tag-rai-1"],"share_on_mastodon":{"url":"https:\/\/pubeurope.com\/@it\/115889433699006608","error":""},"_links":{"self":[{"href":"https:\/\/www.europesays.com\/it\/wp-json\/wp\/v2\/posts\/304478","targetHints":{"allow":["GET"]}}],"collection":[{"href":"https:\/\/www.europesays.com\/it\/wp-json\/wp\/v2\/posts"}],"about":[{"href":"https:\/\/www.europesays.com\/it\/wp-json\/wp\/v2\/types\/post"}],"author":[{"embeddable":true,"href":"https:\/\/www.europesays.com\/it\/wp-json\/wp\/v2\/users\/3"}],"replies":[{"embeddable":true,"href":"https:\/\/www.europesays.com\/it\/wp-json\/wp\/v2\/comments?post=304478"}],"version-history":[{"count":0,"href":"https:\/\/www.europesays.com\/it\/wp-json\/wp\/v2\/posts\/304478\/revisions"}],"wp:featuredmedia":[{"embeddable":true,"href":"https:\/\/www.europesays.com\/it\/wp-json\/wp\/v2\/media\/304479"}],"wp:attachment":[{"href":"https:\/\/www.europesays.com\/it\/wp-json\/wp\/v2\/media?parent=304478"}],"wp:term":[{"taxonomy":"category","embeddable":true,"href":"https:\/\/www.europesays.com\/it\/wp-json\/wp\/v2\/categories?post=304478"},{"taxonomy":"post_tag","embeddable":true,"href":"https:\/\/www.europesays.com\/it\/wp-json\/wp\/v2\/tags?post=304478"}],"curies":[{"name":"wp","href":"https:\/\/api.w.org\/{rel}","templated":true}]}}