{"id":304707,"date":"2026-01-13T22:32:14","date_gmt":"2026-01-13T22:32:14","guid":{"rendered":"https:\/\/www.europesays.com\/it\/304707\/"},"modified":"2026-01-13T22:32:14","modified_gmt":"2026-01-13T22:32:14","slug":"nutribullet-treviso-basket-arriva-alessandro-cappelletti-il-nuovo-playmaker","status":"publish","type":"post","link":"https:\/\/www.europesays.com\/it\/304707\/","title":{"rendered":"Nutribullet Treviso Basket: arriva Alessandro Cappelletti, il nuovo playmaker"},"content":{"rendered":"<p data-start=\"248\" data-end=\"569\"><strong data-start=\"279\" data-end=\"305\">Alessandro Cappelletti<\/strong> \u00e8 ufficialmente un nuovo giocatore della <strong data-start=\"347\" data-end=\"377\">Nutribullet Treviso Basket<\/strong>. Il playmaker italiano, che ha firmato un contratto con la squadra biancoazzurra per la stagione 2025\/26, si aggiunge al roster trevigiano, rinforzando ulteriormente il reparto degli esterni.<\/p>\n<p data-start=\"571\" data-end=\"1338\">Nato ad <strong data-start=\"579\" data-end=\"589\">Assisi<\/strong> il 22 ottobre 1995, Cappelletti si distingue per il suo talento offensivo e una solida capacit\u00e0 realizzativa, insieme a un eccellente tiro da lunga distanza. Con i suoi <strong data-start=\"759\" data-end=\"769\">186 cm<\/strong>, il playmaker ha accumulato una vasta esperienza nelle leghe maggiori, avendo vestito le maglie di squadre prestigiose come <strong data-start=\"894\" data-end=\"913\">Mens Sana Siena<\/strong>, <strong data-start=\"915\" data-end=\"933\">Virtus Bologna<\/strong>, <strong data-start=\"935\" data-end=\"945\">Torino<\/strong>, <strong data-start=\"947\" data-end=\"960\">APU Udine<\/strong>, <strong data-start=\"962\" data-end=\"982\">Scaligera Verona<\/strong>, <strong data-start=\"984\" data-end=\"1002\">Dinamo Sassari<\/strong> e <strong data-start=\"1005\" data-end=\"1022\">Trapani Shark<\/strong>. Nel corso della sua carriera ha ottenuto riconoscimenti significativi, tra cui la <strong data-start=\"1106\" data-end=\"1137\">Basketball Champions League<\/strong> vinta con la Virtus Bologna nella stagione <strong data-start=\"1181\" data-end=\"1192\">2018\/19<\/strong> e il titolo di <strong data-start=\"1208\" data-end=\"1253\">MVP italiano della Serie A2 Old Wild West<\/strong> nel 2021\/22, oltre a contribuire alla vittoria della <strong data-start=\"1307\" data-end=\"1327\">Coppa Italia LNP<\/strong> con Udine.<\/p>\n<p><a rel=\"nofollow noopener\" target=\"_blank\" href=\"https:\/\/www.instagram.com\/da_gaia_pizzeria\/?hl=bn\"><br \/>\n <img decoding=\"async\" id=\"img_b6623a4\" loading=\"lazy\" data-nosnippet=\"\" aria-hidden=\"true\" src=\"https:\/\/www.europesays.com\/it\/wp-content\/uploads\/2026\/01\/1763025662456.gif\" alt=\"1763025662456.gif\"\/><br \/>\n <\/a><\/p>\n<p data-start=\"1340\" data-end=\"1767\">Dopo un\u2019ottima stagione con Udine in Serie A2, dove ha chiuso con <strong data-start=\"1406\" data-end=\"1420\">12.9 punti<\/strong> e <strong data-start=\"1423\" data-end=\"1437\">5.3 assist<\/strong> di media, Cappelletti \u00e8 tornato in <strong data-start=\"1473\" data-end=\"1484\">Serie A<\/strong> con Verona, confermando le sue doti con <strong data-start=\"1525\" data-end=\"1539\">11.3 punti<\/strong> e <strong data-start=\"1542\" data-end=\"1556\">4.6 assist<\/strong> di media. Nell&#8217;ultima stagione a Sassari, il playmaker ha siglato <strong data-start=\"1623\" data-end=\"1636\">9.4 punti<\/strong>, <strong data-start=\"1638\" data-end=\"1654\">3.4 rimbalzi<\/strong> e <strong data-start=\"1657\" data-end=\"1671\">3.8 assist<\/strong> a partita, dimostrando ancora una volta di essere uno degli italiani pi\u00f9 solidi del campionato.<\/p>\n<p data-start=\"1769\" data-end=\"2125\">\u201cAlessandro \u00e8 un giocatore di grande personalit\u00e0, sia in attacco che in difesa. La sua esperienza e la sua capacit\u00e0 di dirigere il gioco sono esattamente ci\u00f2 che ci serviva per rinforzare il nostro reparto esterni. \u00c8 un leader nato e porter\u00e0 sicuramente un valore aggiunto alla nostra squadra\u201d, ha dichiarato il presidente della Nutribullet Treviso Basket.<\/p>\n<p><a rel=\"nofollow noopener\" target=\"_blank\" href=\"https:\/\/www.ombnautica.it\/contatti\/\"><br \/>\n <img decoding=\"async\" id=\"img_25feccd\" loading=\"lazy\" data-nosnippet=\"\" aria-hidden=\"true\" src=\"https:\/\/www.europesays.com\/it\/wp-content\/uploads\/2026\/01\/1765795053507.gif\" alt=\"1765795053507.gif\"\/><br \/>\n <\/a><a rel=\"nofollow noopener\" target=\"_blank\" href=\"https:\/\/www.palazzoroverella.com\/\"><br \/>\n <img decoding=\"async\" id=\"img_50be56e\" loading=\"lazy\" data-nosnippet=\"\" aria-hidden=\"true\" src=\"https:\/\/www.europesays.com\/it\/wp-content\/uploads\/2026\/01\/1767857339301.jpg\" alt=\"1767857339301.jpg\"\/><br \/>\n <\/a><br \/>\n\t\t\t<script async src=\"\/\/www.instagram.com\/embed.js\"><\/script><\/p>\n","protected":false},"excerpt":{"rendered":"Alessandro Cappelletti \u00e8 ufficialmente un nuovo giocatore della Nutribullet Treviso Basket. Il playmaker italiano, che ha firmato un&hellip;\n","protected":false},"author":3,"featured_media":304708,"comment_status":"","ping_status":"","sticky":false,"template":"","format":"standard","meta":{"footnotes":"","_share_on_mastodon":"0"},"categories":[1453],"tags":[5911,32236,1756,1757,1537,90,89,84464,12118,11909,245,244,5914,442,6766,6302,5128],"class_list":["post-304707","post","type-post","status-publish","format-standard","has-post-thumbnail","category-basket","tag-alessandro-cappelletti","tag-assisi","tag-basket","tag-basketball","tag-it","tag-italia","tag-italy","tag-nutribullet-treviso-basket","tag-sassari","tag-siena","tag-sport","tag-sports","tag-trapani-shark","tag-treviso","tag-udine","tag-verona","tag-virtus-bologna"],"share_on_mastodon":{"url":"https:\/\/pubeurope.com\/@it\/115890169128556894","error":""},"_links":{"self":[{"href":"https:\/\/www.europesays.com\/it\/wp-json\/wp\/v2\/posts\/304707","targetHints":{"allow":["GET"]}}],"collection":[{"href":"https:\/\/www.europesays.com\/it\/wp-json\/wp\/v2\/posts"}],"about":[{"href":"https:\/\/www.europesays.com\/it\/wp-json\/wp\/v2\/types\/post"}],"author":[{"embeddable":true,"href":"https:\/\/www.europesays.com\/it\/wp-json\/wp\/v2\/users\/3"}],"replies":[{"embeddable":true,"href":"https:\/\/www.europesays.com\/it\/wp-json\/wp\/v2\/comments?post=304707"}],"version-history":[{"count":0,"href":"https:\/\/www.europesays.com\/it\/wp-json\/wp\/v2\/posts\/304707\/revisions"}],"wp:featuredmedia":[{"embeddable":true,"href":"https:\/\/www.europesays.com\/it\/wp-json\/wp\/v2\/media\/304708"}],"wp:attachment":[{"href":"https:\/\/www.europesays.com\/it\/wp-json\/wp\/v2\/media?parent=304707"}],"wp:term":[{"taxonomy":"category","embeddable":true,"href":"https:\/\/www.europesays.com\/it\/wp-json\/wp\/v2\/categories?post=304707"},{"taxonomy":"post_tag","embeddable":true,"href":"https:\/\/www.europesays.com\/it\/wp-json\/wp\/v2\/tags?post=304707"}],"curies":[{"name":"wp","href":"https:\/\/api.w.org\/{rel}","templated":true}]}}