{"id":305101,"date":"2026-01-14T04:01:46","date_gmt":"2026-01-14T04:01:46","guid":{"rendered":"https:\/\/www.europesays.com\/it\/305101\/"},"modified":"2026-01-14T04:01:46","modified_gmt":"2026-01-14T04:01:46","slug":"gomorra-le-origini-chi-sono-tutti-gli-attori-scelti-da-marco-damore","status":"publish","type":"post","link":"https:\/\/www.europesays.com\/it\/305101\/","title":{"rendered":"Gomorra &#8211; Le origini: chi sono tutti gli attori scelti da Marco D&#8217;Amore"},"content":{"rendered":"<p><a href=\"https:\/\/www.napolitoday.it\/attualita\/marco-damore-gomorra-le-origini-video.html\" rel=\"nofollow noopener\" target=\"_blank\">Gomorra \u2013 Le origini<\/a> \u00e8 iniziata su Sky e Now. Dalla scena iniziale dove in un bar di periferia della Napoli degli anni \u201970 un gruppo di adolescenti guardando Disco Ring balla sulle note di una hit celebre in quegli anni, si capisce che si va in una direzione diversa da ci\u00f2 che si \u00e8 visto in Gomorra la serie oggi considerata un cult. In quella Napoli del 1977 in cui il contrabbando si fa spazio imponendo le sue regole, un sedicenne Pietro Savastano inizia la sua formazione la sua criminalit\u00e0 perch\u00e9 per lui sembra l\u2019unica scelta per uscire dalla miseria.<\/p>\n<p>Qui non ci sono le sorti gi\u00e0 compiute per quella smania di potere, nel prequel si affrontano i motivi per i quali quelle scelte sono state fatte. I toni, le suggestioni e il modo di raccontare sono diversi in Gomorra \u2013 Le origini, ci\u00f2 che non cambia \u00e8 riproporre uno schema che ha funzionato in precedenza: scegliere un cast poco noto o sconosciuto che contribuisce nel dare forza al significato del racconto in cui ci\u00f2 che muove i personaggi non \u00e8 il potere, ma il sogno di una vita migliore. Un\u2019eredit\u00e0 che Marco D\u2019Amore, oggi regista e direttore artistico del progetto, raccoglie da Stefano Sollima regista che ha dato vita alla saga ispirata dall\u2019omonimo best seller di Roberto Saviano.<\/p>\n<p><img decoding=\"async\" src=\"https:\/\/www.europesays.com\/it\/wp-content\/uploads\/2026\/01\/anteprima-gomorra-le-origini-con-il-vecchio-e-il-nuovo-cast-ph-antonia-fiorenzano-per-nt-11-2.jpg\" alt=\"Anteprima Gomorra - Le origini con il vecchio e il nuovo cast Ph Antonia Fiorenzano per NT (11)-2\" title=\"Anteprima Gomorra - Le origini con il vecchio e il nuovo cast Ph Antonia Fiorenzano\"\/><\/p>\n<p>\u201cVi chiedo amore e clemenza per i giovani protagonisti di questa storia\u201d chiede Marco D\u2019Amore agli spettatori durante <a href=\"https:\/\/www.napolitoday.it\/attualita\/gomorra-le-origini-anteprima.html\" rel=\"nofollow noopener\" target=\"_blank\">l\u2019anteprima<\/a> fatta al The Space di Napoli presentando gli attori che ha selezionato dopo un lungo e accurato lavoro di scouting durato mesi.<\/p>\n<p>Tutti loro hanno alle spalle partecipazioni in film e serie tv importanti dagli autori pi\u00f9 in voga, ma Gomorra \u2013 Le origini \u00e8 la loro grande occasione. Sono consapevoli di ci\u00f2, anche per questo l\u2019emozione \u00e8 forte, tanto che qualcuno di loro sembra essere un po&#8217; impacciato davanti le video camere dei giornalisti e i flash dei fotografi.<\/p>\n<p>Luca Lubrano, Pietro Savastano<\/p>\n<p><img decoding=\"async\" src=\"https:\/\/www.europesays.com\/it\/wp-content\/uploads\/2026\/01\/in-foto-luca-lubrano-e-pietro-savastano-a-16-anni-ph-marco-ghidelli.jpg\" alt=\"In foto Luca Lubrano \u00e8 Pietro Savastano a 16 anni Ph Marco Ghidelli\" title=\"In foto Luca Lubrano \u00e8 Pietro Savastano a 16 anni Ph Marco Ghidelli\"\/><\/p>\n<p>In Gomorra \u2013 Le origini, Pietro Savastano ha 16 anni, cresce senza padre n\u00e9 madre insieme a una sorta di zia e ai suoi due figli, vive con loro in una condizione di estrema povert\u00e0 ai confini di Secondigliano. Tra piccoli furti e lavoretti, sogna una vita diversa. A dare il volto in questa fase di vita al boss che nel primo capitolo \u00e8 stato interpretato da Fortunato Cerlino, \u00e8 Luca Lubrano. Ha 18 anni e gi\u00e0 da bambino inizia a studiare recitazione alla Scuola di cinema dove fin dal primo giorno la sua presenza e la sua sensibilit\u00e0 erano evidenti. Lo sguardo, l\u2019ascolto, la naturalezza scenica sono le basi che l\u2019hanno reso promettente come descrivono i suoi insegnanti ai tempi della Scuola di Cinema.<\/p>\n<p>Ci sono poi gli anni di studio con Davide Iodice alla Scuola Triano Viviani e al NEST &#8211; Napoli Est Teatro con Francesco Di Leva. Nel frattempo ci sono le prime apparizioni in Pinocchio di Matteo Garrone, L\u2019amica Geniale 3 diretto da Daniele Luchetti, Napoli Velata di Ferzan Ozpetek, Generazione 56k regia di Francesco Ebbasta e Mixed by Erry di Sidney Sibilia ruolo di Peppe Frattasio.<\/p>\n<p>Francesco Pellegrini, Angelo A\u2019 Sirena<\/p>\n<p><img decoding=\"async\" src=\"https:\/\/www.europesays.com\/it\/wp-content\/uploads\/2026\/01\/in-foto-francesco-pellegrino-e-angelo-a-sirena-ph-m-ghidelli.jpg\" alt=\"In foto Francesco Pellegrino \u00e8 Angelo A' Sirena Ph M.Ghidelli\" title=\"In foto Francesco Pellegrino \u00e8 Angelo A' Sirena Ph M.Ghidelli\"\/><\/p>\n<p>Angelo \u00e8 tutto ci\u00f2 che Pietro sogna di diventare: audace, carismatico, il vero re di Secondigliano. Gestisce una bisca, un negozio di abbigliamento americano e guida una Mustang blu e sembra invincibile. In realt\u00e0, \u00e8 solo un sottoposto dei Villa, un\u2019antica famiglia camorrista del centro di Napoli, che a lui lascia in gestione la periferia. Cresciuto con un vecchio zio dopo la morte dei genitori, Angelo \u00e8 un uomo solo, che non desidera altro che emergere dal giogo dei Villa e che riconosce in Pietro la sua stessa solitudine e ambizione.<\/p>\n<p>\u00c8 Francesco Pellegrino a incarnare uno dei personaggi che potrebbe essere iconico. Classe 1998, Pellegrino appare ne L\u2019amica geniale nelle stagioni firmate da Saverio Costanzo, Euforia di Valeria Golino ma si fa notare in Supersex diretto da Matteo Rovere, la serie Netflix ispirata alla vita di Rocco Siffredi nel ruolo del giovane Tommaso Tano, il fratello maggiore e idolo di Siffredi. E\u2019 giovane ma mostra la sua versatilit\u00e0 in un\u2019altra mini serie targata Netflix, La vita che volevi in cui \u00e8 Gloria giovane nel momento cruciale in cui inizia il suo processo di transizione per diventare donna.<\/p>\n<p>Molto meticoloso nell\u2019affrontare un personaggio tanto da attingere da esperienze personali e osservazioni quotidiane come gli hanno insegnato in teatro sua palestra e anche suo primo amore come racconta lui stesso: \u201cIl teatro mi appassiona profondamente; l\u00ec mi sento veramente vivo. Mi impegno inoltre a promuovere temi etici e, in particolare, voglio essere una voce per le persone transessuali in Italia, che ancora lottano per trovare spazio e riconoscimento.\u201d<\/p>\n<p>Flavio Furno, \u2018O Paisano<\/p>\n<p><img decoding=\"async\" src=\"https:\/\/www.europesays.com\/it\/wp-content\/uploads\/2026\/01\/in-foto-flavio-furno-o-paisano-in-gomorra-le-origini-ph-marco-ghidelli.jpg\" alt=\"In foto Flavio Furno O' Paisano in Gomorra - Le Origini - Ph MARCO GHIDELLI\" title=\"In foto Flavio Furno O' Paisano in Gomorra - Le Origini - Ph MARCO GHIDELLI\"\/><\/p>\n<p>Tra i personaggi pi\u00f9 affascinanti che si fa spazio in Gomorra \u2013 Le origini si fa largo \u00e8 \u2018O Paisano. Dal carcere riesce a capire i bisogni dei detenuti, degli ultimi dimenticati dal sistema dei clan che li ha sfruttati e abbandonati, diventandone una guida. \u00c8 ascoltato e rispettato come si fa con i profeti e nei corridoi del carcere raccoglie velocemente un esercito di affiliati che gli giurano cieca fedelt\u00e0. E grazie a sua sorella, Anna, il suo verbo raggiunge anche le strade di Napoli, dove le sue idee di un nuovo umanesimo camorrista iniziano a fare breccia, contro l\u2019antico e superato sistema criminale. Il riferimento a Raffaele Cutolo \u00e8 difficile non pensarlo.<\/p>\n<p>Viso poco illuminato, occhiali e un rilevante lavoro di make up, dietro a questo personaggio c\u2019\u00e8 il trentanovenne Flavio Furno. Si diploma alla Scuola di recitazione Teatro Stabile di Genova, tanti anni di teatro e ruoli al cinema rilevanti in film diretti da cineasti di tutto rispetto come il Sol dell\u2019Avvenir di Nanni Moretti e Carosello Carosone di Lucio Pellegrini. C\u2019\u00e8 poi la tv con La vita promessa di Ricky Tognazzi insieme a Luisa Ranieri, i due capitoli 1992 e 1993 con Stefano Accorsi. Di recente l\u2019abbiamo visto su Netflix in Sara, la serie tratta dai romanzi di Maurizio de Giovanni, mentre prossimamente lo vedremo di nuovo su Sky nella serie Ligas accanto a Luca Argentero.<\/p>\n<p>Veronica D\u2019Elia, Anna la sorella di O\u2019 Paisano<\/p>\n<p><img decoding=\"async\" src=\"https:\/\/www.europesays.com\/it\/wp-content\/uploads\/2026\/01\/in-foto-veronica-d-elia-nel-ruolo-di-anna-sorella-di-o-paisano.jpg\" alt=\"In foto Veronica D'Elia nel ruolo di Anna sorella di O'Paisano\" title=\"In foto Veronica D'Elia nel ruolo di Anna sorella di O'Paisano\"\/><\/p>\n<p>Ha conquistato molti spettatori nel ruolo di Nelide, la fedele governante del Commissario Ricciardi che spesso si esprime adoperando proverbi cilentani di non facile comprensione, Veronica D\u2019Elia ha un bel curriculum teatrale dove del resto si forma diplomandosi all\u2019accademia d\u2019arte drammatica del Teatro Bellini. Prende parte agli spettacoli Dignit\u00e0 Autonome di Prostituzione e La Grande Magia, ma contemporanea partecipa nell\u2019adattamento filmico di Filumena Marturano con Vanessa Scalera e Massimiliano Gallo, Napoli- New York di Gabriele Salvatores.<\/p>\n<p>\u00c8 nel cast di Caracas dove conosce Marco D\u2019Amore che la sceglie anche per Gomorra \u2013 Le origini per interpretare Anna, sodale sorella di O\u2019 Paisano che segue con cieca fedelt\u00e0. Anna diffonde il verbo di suo fratello e ne mette in atto i piani con lucida e spietata capacit\u00e0 strategica. All\u2019apparenza innocua, Anna \u00e8 destinata a diventare una figura con cui i boss di Napoli saranno costretti a fare i conti.<\/p>\n<p>Fabiola Balestriere, Annalisa\/Scianel<\/p>\n<p><img decoding=\"async\" src=\"https:\/\/www.europesays.com\/it\/wp-content\/uploads\/2026\/01\/in-foto-fabiola-balestriere-nei-panni-di-scianel-ph-m-ghidelli.jpg\" alt=\"In foto Fabiola Balestriere nei panni di Scianel ph M. Ghidelli\" title=\"In foto Fabiola Balestriere nei panni di Scianel ph M. Ghidelli\"\/><\/p>\n<p>Chi \u00e8 un accanito fan di Un posto al sole conosce gi\u00e0 Fabiola Balestriere per essere Alice la ribelle figlia di Elena e Andrea. Oltre la celebre soap, Fabiola ha un curriculum notevole.<\/p>\n<p>D\u00e0 la voce al film d\u2019animazione di Alessandro Rak, partecipa in Veleno film di Diego Olivares in cui recita con Luisa Ranieri, Salvatore Esposito e Massimiliano Gallo, \u00e8 tra i ragazzini protagonisti di Troppo Napoletano con Serena Rossi. Inoltre, appare in Vincenzo Malinconico \u2013 Avvocato d\u2019insuccesso, ma gi\u00e0 dall\u2019infanzia lavora in fiction come Sotto Copertura 2 e Squadra Antimafia 8.<\/p>\n<p>A 22 anni, Fabiola si prepara a incarnare uno dei personaggi pi\u00f9 iconici, Scianel, una delle erinni di Gomorra interpretata da Cristina Donadio.<\/p>\n<p>D\u2019Amore la sceglie quando Scianel \u00e8 ancora Annalisa, la bella ragazza di 20 anni che ha gi\u00e0 un figlio ed \u00e8 sposata con un uomo molto pi\u00f9 grande di lei, che la ritiene una sua propriet\u00e0 da picchiare o da possedere a piacimento a seconda delle necessit\u00e0. E Annalisa non ci pu\u00f2 fare nulla, perch\u00e9 quell\u2019uomo, suo marito, \u00e8 un uomo che conta a Secondigliano ed \u00e8 intoccabile.<\/p>\n<p>Tullia Venezia, Imma<\/p>\n<p><img decoding=\"async\" src=\"https:\/\/www.europesays.com\/it\/wp-content\/uploads\/2026\/01\/in-foto-marco-d-amore-con-tullia-venezia-imma-da-giovane-ph-marco-ghidelli.jpg\" alt=\"In foto Marco D'Amore con Tullia Venezia, Imma da giovane Ph MARCO GHIDELLI\" title=\"In foto Marco D'Amore con Tullia Venezia, Imma da giovane Ph MARCO GHIDELLI\"\/><\/p>\n<p>Le donne sorprendono sempre in Gomorra. Nel prequel la giovane Imma, futura moglie di Pietro Savastano con cui condivide l\u2019impero delle criminalit\u00e0 \u00e8 il personaggio che colpisce di pi\u00f9. Coetanea di Pietro, nella sua adolescenza Donna Imma ha un percorso che sicuramente \u00e8 lontano da quello che abbiamo visto. Figlia di due gioiellieri di Corso Secondigliano, Imma vive nella parte pi\u00f9 ricca del quartiere. Studia al conservatorio e sta gi\u00e0 pianificando di trasferirsi a New York per frequentare la scuola che ha sempre desiderato. A interpretare quell\u2019Imma che nessuno avrebbe immaginato avere quel passato borghese, \u00e8 la giovanissima Tullia Venezia.<\/p>\n<p>Dopo varie scuole di recitazione e workshop \u00e8 una prima apparizione in Come un padre diretta da Luca Miniero, la ventenne Tullia Venezia \u00e8 la vera outsider di Gomorra- Le origini.<\/p>\n<p>Ciro Capano, il boss Antonio Villa<\/p>\n<p><img decoding=\"async\" src=\"https:\/\/www.europesays.com\/it\/wp-content\/uploads\/2026\/01\/in-foto-ciro-capano-e-renato-russo-nei-ruoli-di-antonio-e-michele-villa-ph-marco-ghidelli.jpg\" alt=\"In foto Ciro Capano e  Renato Russo nei ruoli di Antonio e Michele Villa Ph MARCO GHIDELLI\" title=\"In foto Ciro Capano e  Renato Russo nei ruoli di Antonio e Michele Villa Ph MARCO GHIDELLI\"\/><\/p>\n<p>In molti lo ricordano per essere stato il regista Antonio Capuano, mentore di Paolo Sorrentino in \u00c8 stata la mano di Dio, in Gomorra \u2013 Le origini Ciro Capano \u00e8 Antonio Villa, boss di un\u2019antica famiglia camorrista del centro storico che domina Secondigliano e dal qual Angelo A\u2019 sirena desidera l\u2019indipendenza dal suo scacco.<\/p>\n<p>Tanto teatro comico, al cinema \u00e8 presente in film di autorevoli autori come Liliana Cavani, Marco Risi, Pasquale Squitieri, Mario Martone, Ettore Scola, Pappi Corsicato, alternando ruoli drammatici o di commedia lavorando anche con Carlo Vanzina e Christian De Sica.<\/p>\n<p>Nel 2020 ritorna a lavorare con Mario Martone nel biopic su Eduardo Scarpetta Qui Rido io e nel 2021, oltre a recitare in \u00c8 stata la mano di Dio, \u00e8 anche accanto a Vincenzo Salemme nel suo Con tutto il cuore.<\/p>\n","protected":false},"excerpt":{"rendered":"Gomorra \u2013 Le origini \u00e8 iniziata su Sky e Now. Dalla scena iniziale dove in un bar di&hellip;\n","protected":false},"author":3,"featured_media":305102,"comment_status":"","ping_status":"","sticky":false,"template":"","format":"standard","meta":{"footnotes":"","_share_on_mastodon":"0"},"categories":[1444],"tags":[203,151687,204,1537,90,89,9100,253],"class_list":["post-305101","post","type-post","status-publish","format-standard","has-post-thumbnail","category-tv","tag-entertainment","tag-gomorra","tag-intrattenimento","tag-it","tag-italia","tag-italy","tag-serie-tv","tag-tv"],"share_on_mastodon":{"url":"https:\/\/pubeurope.com\/@it\/115891462857394552","error":""},"_links":{"self":[{"href":"https:\/\/www.europesays.com\/it\/wp-json\/wp\/v2\/posts\/305101","targetHints":{"allow":["GET"]}}],"collection":[{"href":"https:\/\/www.europesays.com\/it\/wp-json\/wp\/v2\/posts"}],"about":[{"href":"https:\/\/www.europesays.com\/it\/wp-json\/wp\/v2\/types\/post"}],"author":[{"embeddable":true,"href":"https:\/\/www.europesays.com\/it\/wp-json\/wp\/v2\/users\/3"}],"replies":[{"embeddable":true,"href":"https:\/\/www.europesays.com\/it\/wp-json\/wp\/v2\/comments?post=305101"}],"version-history":[{"count":0,"href":"https:\/\/www.europesays.com\/it\/wp-json\/wp\/v2\/posts\/305101\/revisions"}],"wp:featuredmedia":[{"embeddable":true,"href":"https:\/\/www.europesays.com\/it\/wp-json\/wp\/v2\/media\/305102"}],"wp:attachment":[{"href":"https:\/\/www.europesays.com\/it\/wp-json\/wp\/v2\/media?parent=305101"}],"wp:term":[{"taxonomy":"category","embeddable":true,"href":"https:\/\/www.europesays.com\/it\/wp-json\/wp\/v2\/categories?post=305101"},{"taxonomy":"post_tag","embeddable":true,"href":"https:\/\/www.europesays.com\/it\/wp-json\/wp\/v2\/tags?post=305101"}],"curies":[{"name":"wp","href":"https:\/\/api.w.org\/{rel}","templated":true}]}}