{"id":305150,"date":"2026-01-14T04:52:12","date_gmt":"2026-01-14T04:52:12","guid":{"rendered":"https:\/\/www.europesays.com\/it\/305150\/"},"modified":"2026-01-14T04:52:12","modified_gmt":"2026-01-14T04:52:12","slug":"checco-zalone-quando-il-talento-faceva-gia-rumore-anche-senza-parlare","status":"publish","type":"post","link":"https:\/\/www.europesays.com\/it\/305150\/","title":{"rendered":"Checco Zalone, quando il talento faceva gi\u00e0 rumore (anche senza parlare)"},"content":{"rendered":"<p> <a href=\"https:\/\/i0.wp.com\/www.ventiperquattro.it\/wp-content\/uploads\/2026\/01\/Screenshot_2026-01-13-21-20-28-179.jpeg?fit=1157%2C1052&amp;ssl=1\" data-caption=\"\" rel=\"nofollow noopener\" target=\"_blank\"><img loading=\"lazy\" decoding=\"async\" width=\"696\" height=\"633\" class=\"entry-thumb td-modal-image\" src=\"https:\/\/www.europesays.com\/it\/wp-content\/uploads\/2026\/01\/Screenshot_2026-01-13-21-20-28-179.jpeg\" alt=\"\" title=\"Screenshot_2026-01-13-21-20-28-179\"\/><\/a> <\/p>\n<p>Si pu\u00f2 dire senza timore di smentita: Luca Medici, in arte Checco Zalone, \u00e8 proprio \u201cun attore nato\u201d. E non solo perch\u00e9 oggi domina il botteghino, ma perch\u00e9 la recitazione gli scorreva nelle vene gi\u00e0 da quando, ancora ragazzino, si divertiva a prendere bonariamente in giro i personaggi del suo paese o a esercitarsi nell\u2019arte \u2013 oggi politicamente scorrettissima \u2013 delle chiamate anonime.<\/p>\n<p style=\"text-align: justify;\">Le maschere indossate dal re della comicit\u00e0 italiana sono state tante, sin dall\u2019infanzia. E tra le pi\u00f9 curiose c\u2019\u00e8 sicuramente quella che lo vedeva nei panni di re Sigismondo I Jagellone, consorte della regina Bona Sforza. Siamo nei primi anni \u201990, quando l\u2019Archivio di Stato decise di portare in scena a Cracovia uno spettacolo dedicato proprio alla Regina Bona, allestito dalla stimatissima professoressa Angela Agnusdei, per anni insegnante nelle scuole medie di Capurso, paese natale di Checco.<br \/>Un progetto ambizioso, un gruppo di giovani preparati, tutti intenti a imparare la parte a memoria. Tutti, tranne Luca. Il suo ruolo era \u201cscenico\u201d: in altre parole, presenza regale, portamento austero e bocca rigorosamente chiusa. Nessuna battuta, nessun monologo. Un silenzio che, col senno di poi, suona quasi profetico.<br \/>Chi avrebbe mai immaginato che quel ragazzo muto sul palco sarebbe diventato uno dei pi\u00f9 grandi attori del cinema italiano? A volte il destino parla piano. Anzi, non parla affatto.<br \/>Ma non finisce qui. Nella stessa, indimenticabile esperienza polacca, Luca \u2013 insieme all\u2019inseparabile amico dell\u2019epoca e oggi direttore della nostra testata, Antonio Carbonara \u2013 si esib\u00ec nella piazza di Cracovia in canti popolari pugliesi, esportando tradizione, ironia e un pizzico di sana improvvisazione made in Sud.<br \/>Altro che re silenzioso: il futuro Checco Zalone stava gi\u00e0 preparando la sua conquista. Del pubblico, s\u2019intende.<\/p>\n<p>Redazione<\/p>\n<p> Correlati <\/p>\n","protected":false},"excerpt":{"rendered":"Si pu\u00f2 dire senza timore di smentita: Luca Medici, in arte Checco Zalone, \u00e8 proprio \u201cun attore nato\u201d.&hellip;\n","protected":false},"author":3,"featured_media":305151,"comment_status":"","ping_status":"","sticky":false,"template":"","format":"standard","meta":{"footnotes":""},"categories":[1451],"tags":[1621,1620,203,204,1537,90,89],"class_list":{"0":"post-305150","1":"post","2":"type-post","3":"status-publish","4":"format-standard","5":"has-post-thumbnail","7":"category-celebrita","8":"tag-celebrita","9":"tag-celebrities","10":"tag-entertainment","11":"tag-intrattenimento","12":"tag-it","13":"tag-italia","14":"tag-italy"},"share_on_mastodon":{"url":"https:\/\/pubeurope.com\/@it\/115891663188815612","error":""},"_links":{"self":[{"href":"https:\/\/www.europesays.com\/it\/wp-json\/wp\/v2\/posts\/305150","targetHints":{"allow":["GET"]}}],"collection":[{"href":"https:\/\/www.europesays.com\/it\/wp-json\/wp\/v2\/posts"}],"about":[{"href":"https:\/\/www.europesays.com\/it\/wp-json\/wp\/v2\/types\/post"}],"author":[{"embeddable":true,"href":"https:\/\/www.europesays.com\/it\/wp-json\/wp\/v2\/users\/3"}],"replies":[{"embeddable":true,"href":"https:\/\/www.europesays.com\/it\/wp-json\/wp\/v2\/comments?post=305150"}],"version-history":[{"count":0,"href":"https:\/\/www.europesays.com\/it\/wp-json\/wp\/v2\/posts\/305150\/revisions"}],"wp:featuredmedia":[{"embeddable":true,"href":"https:\/\/www.europesays.com\/it\/wp-json\/wp\/v2\/media\/305151"}],"wp:attachment":[{"href":"https:\/\/www.europesays.com\/it\/wp-json\/wp\/v2\/media?parent=305150"}],"wp:term":[{"taxonomy":"category","embeddable":true,"href":"https:\/\/www.europesays.com\/it\/wp-json\/wp\/v2\/categories?post=305150"},{"taxonomy":"post_tag","embeddable":true,"href":"https:\/\/www.europesays.com\/it\/wp-json\/wp\/v2\/tags?post=305150"}],"curies":[{"name":"wp","href":"https:\/\/api.w.org\/{rel}","templated":true}]}}