{"id":305493,"date":"2026-01-14T10:06:09","date_gmt":"2026-01-14T10:06:09","guid":{"rendered":"https:\/\/www.europesays.com\/it\/305493\/"},"modified":"2026-01-14T10:06:09","modified_gmt":"2026-01-14T10:06:09","slug":"valeria-fedeli-morta-lex-ministra-dellistruzione-ed-ex-senatrice-pd","status":"publish","type":"post","link":"https:\/\/www.europesays.com\/it\/305493\/","title":{"rendered":"Valeria Fedeli, morta l&#8217;ex ministra dell\u2019Istruzione ed ex senatrice Pd"},"content":{"rendered":"<p>\u00c8 morta <strong>Valeria Fedeli<\/strong>, vicepresidente del Senato ed ex ministra dell&#8217;Istruzione durante il governo Gentiloni. Aveva 76 anni. Nata a Treviglio (Bergamo) nel 1949 aveva iniziato la sua carriera nella Cgil, diventando una dirigente sindacale. In politica approda nel 2013, al Senato con il Pd, e viene anche nominata vice presidente a palazzo Madama, subentrando a Pietro Grasso.<\/p>\n<p>Al governo la chiama il premier <strong>Paolo Gentiloni <\/strong>affidandole <a href=\"https:\/\/www.repubblica.it\/scuola\/2016\/12\/17\/news\/_ho_lavorato_una_vita_nel_sindacato_posso_fare_la_ministra_anche_senza_laurea_-154270891\/\" rel=\"nofollow noopener\" target=\"_blank\">il ministero dell&#8217;Istruzione nel 2016<\/a>. Poi ancora in Senato nel 2018, sempre con il Pd. Sempre in prima fila nelle battaglie femministe, era stata tra le fondatrici del movimento &#8216;Se non ora, quando?&#8217;.<\/p>\n<p>Era sposata con <strong>Achille Passoni<\/strong>, gi\u00e0 senatore ed ex commissario Pd in Sardegna.<\/p>\n<p>La solidariet\u00e0 del mondo politico<\/p>\n<p>&#8220;La notizia della morte di Valeria Fedeli colpisce e addolora. Ha sempre vissuto con convinzione e passione il suo impegno in politica, nel mondo della scuola e del sindacalismo. Alla sua famiglia e a chi le ha voluto bene vanno le mie pi\u00f9 sincere condoglianze in questo momento di dolore&#8221;. Lo scrive sui social la presidente del Consiglio <strong>Giorgia Meloni<\/strong>.<\/p>\n<p>&#8220;Un grande dolore e un&#8217;enorme perdita per tutta la comunit\u00e0 democratica. Nel corso della sua vita da politica, ministra dell&#8217;Istruzione, sindacalista e femminista ci ha dato un contributo insostituibile di impegno, di rara profondit\u00e0 e di grande intelligenza. Si \u00e8 battuta fino all&#8217;ultimo per l&#8217;eguaglianza, per la dignit\u00e0 del lavoro e per la piena parit\u00e0 di genere, per i principi costituzionali cui ha sempre ispirato sia la sua militanza politica che il suo significativo lavoro istituzionale. Le dobbiamo essere tutte e tutti grati per il suo impegno appassionato e instancabile, che continuer\u00e0 a ispirarci e che porteremo avanti. Ci stringiamo ad Achille Passoni e ai suoi familiari, come a tutte e tutti quelli che le hanno voluto bene e che con lei hanno condiviso questo cammino&#8221;. Cos\u00ec la segretaria del Pd <strong>Elly Schlein<\/strong>.<\/p>\n<p>&#8220;Dirigente sindacale, senatrice, valente ministra nel governo che ho presieduto. Una donna coraggiosa, battagliera, capace di dialogo. Un abbraccio ad Achille. Riposi in pace&#8221;. Lo scrive su X <strong>Paolo Gentiloni<\/strong>.<\/p>\n<blockquote class=\"twitter-tweet\">\n<p lang=\"it\" dir=\"ltr\">Si \u00e8 spenta a soli 76 anni Valeria <a href=\"https:\/\/twitter.com\/hashtag\/Fedeli?src=hash&amp;ref_src=twsrc%5Etfw\" rel=\"nofollow noopener\" target=\"_blank\">#Fedeli<\/a>, dirigente sindacale, senatrice, valente ministra nel governo che ho presieduto. Una donna coraggiosa, battagliera, capace di dialogo. Un abbraccio ad Achille. Riposi in pace. <a href=\"https:\/\/t.co\/7Id8rxKxjG\" rel=\"nofollow\">pic.twitter.com\/7Id8rxKxjG<\/a><\/p>\n<p>\u2014 Paolo Gentiloni (@PaoloGentiloni) <a href=\"https:\/\/twitter.com\/PaoloGentiloni\/status\/2011343176498602168?ref_src=twsrc%5Etfw\" rel=\"nofollow noopener\" target=\"_blank\">January 14, 2026<\/a><\/p><\/blockquote>\n<p>&#8220;Ricordo Valeria Fedeli come una donna intelligente, sensibile e molto lucida. E personalmente ricordo l&#8217;affetto con cui mi ha accompagnato sia negli anni del governo, quando era vicepresidente del Senato, sia negli ultimi anni&#8221;, dice <strong>Matteo Renzi<\/strong>. &#8220;Era facile volerle bene ed era bello farlo. Ad Achille, ai suoi cari, alla sua Cgil, al Pd, l&#8217;affetto e le condoglianze pi\u00f9 profonde mie e di tutta Italia Viva&#8221;, conclude.<\/p>\n<p>&#8220;La nostra comunit\u00e0 \u00e8 profondamente colpita ed addolorata dalla scomparsa della cara Valeria Fedeli. \u2013 cos\u00ec <strong>Irene Manzi<\/strong>, responsabile nazionale scuola del Pd \u2013  Per Valeria quasi tutto era &#8216;politico&#8217; ed \u00e8 attraverso questa chiave che ha dato il suo contribuito alla storia recente della sinistra italiana. Le siamo tutti grati per ci\u00f2 che ci ha lasciato e ci mancher\u00e0 profondamente&#8221;. <\/p>\n<p>&#8220;Donna coraggiosa, sempre in prima linea in ogni battaglia per l&#8217;affermazione dei diritti dei lavoratori, delle donne, dei giovani, dei cittadini, credeva in una sinistra riformista capace di esprimere una cultura di governo&#8221;. A dirlo \u00e8 <strong>Piero Fassino<\/strong>.<\/p>\n<p>&#8220;Apprendiamo con profonda tristezza della scomparsa di Valeria Fedeli. Ha dedicato gran parte della sua vita alla tutela dei diritti, all&#8217;istruzione e alla parit\u00e0 di genere, un impegno che ha segnato la sua lunga esperienza politica da sindacalista, senatrice e ex ministra dell&#8217;Istruzione. Esprimiamo le pi\u00f9 sentite condoglianze alla sua famiglia, ai suoi cari e a tutti coloro che l&#8217;hanno conosciuta e stimata&#8221;. Cos\u00ec <strong>gli esponenti M5S<\/strong> in commissione Cultura.<\/p>\n<p>&#8220;\u00c8 stata una mia collega di governo ma soprattutto un&#8217;amica. Una donna che si \u00e8 battuta tutta la vita per l&#8217;emancipazione femminile e le pari opportunit\u00e0 con passione e coraggio. Ci mancher\u00e0. Alla famiglia le condoglianze mie e di tutta azione&#8221;. Lo dice il leader di Azione <strong>Carlo Calenda<\/strong>.<\/p>\n<p>Condoglianze del Senato sono state espresse dal presidente <strong>Ignazio La Russa<\/strong>.<\/p>\n<p>    <script async src=\"https:\/\/platform.twitter.com\/widgets.js\" charset=\"utf-8\"><\/script><\/p>\n","protected":false},"excerpt":{"rendered":"\u00c8 morta Valeria Fedeli, vicepresidente del Senato ed ex ministra dell&#8217;Istruzione durante il governo Gentiloni. Aveva 76 anni.&hellip;\n","protected":false},"author":3,"featured_media":305494,"comment_status":"","ping_status":"","sticky":false,"template":"","format":"standard","meta":{"footnotes":""},"categories":[6],"tags":[14,8,1537,90,89,7,15,82,9,83,10,13,11,80,84,12,81,85],"class_list":{"0":"post-305493","1":"post","2":"type-post","3":"status-publish","4":"format-standard","5":"has-post-thumbnail","7":"category-ultime-notizie","8":"tag-cronaca","9":"tag-headlines","10":"tag-it","11":"tag-italia","12":"tag-italy","13":"tag-news","14":"tag-notizie","15":"tag-notizie-di-cronaca","16":"tag-notizie-principali","17":"tag-notiziedicronaca","18":"tag-notizieprincipali","19":"tag-titoli","20":"tag-ultime-notizie","21":"tag-ultime-notizie-di-cronaca","22":"tag-ultime-notizie-e-news-di-oggi","23":"tag-ultimenotizie","24":"tag-ultimenotiziedicronaca","25":"tag-ultimenotizieenewsdioggi"},"share_on_mastodon":{"url":"","error":""},"_links":{"self":[{"href":"https:\/\/www.europesays.com\/it\/wp-json\/wp\/v2\/posts\/305493","targetHints":{"allow":["GET"]}}],"collection":[{"href":"https:\/\/www.europesays.com\/it\/wp-json\/wp\/v2\/posts"}],"about":[{"href":"https:\/\/www.europesays.com\/it\/wp-json\/wp\/v2\/types\/post"}],"author":[{"embeddable":true,"href":"https:\/\/www.europesays.com\/it\/wp-json\/wp\/v2\/users\/3"}],"replies":[{"embeddable":true,"href":"https:\/\/www.europesays.com\/it\/wp-json\/wp\/v2\/comments?post=305493"}],"version-history":[{"count":0,"href":"https:\/\/www.europesays.com\/it\/wp-json\/wp\/v2\/posts\/305493\/revisions"}],"wp:featuredmedia":[{"embeddable":true,"href":"https:\/\/www.europesays.com\/it\/wp-json\/wp\/v2\/media\/305494"}],"wp:attachment":[{"href":"https:\/\/www.europesays.com\/it\/wp-json\/wp\/v2\/media?parent=305493"}],"wp:term":[{"taxonomy":"category","embeddable":true,"href":"https:\/\/www.europesays.com\/it\/wp-json\/wp\/v2\/categories?post=305493"},{"taxonomy":"post_tag","embeddable":true,"href":"https:\/\/www.europesays.com\/it\/wp-json\/wp\/v2\/tags?post=305493"}],"curies":[{"name":"wp","href":"https:\/\/api.w.org\/{rel}","templated":true}]}}