{"id":305777,"date":"2026-01-14T14:09:20","date_gmt":"2026-01-14T14:09:20","guid":{"rendered":"https:\/\/www.europesays.com\/it\/305777\/"},"modified":"2026-01-14T14:09:20","modified_gmt":"2026-01-14T14:09:20","slug":"metro-c-interrotta-ecco-la-mattinata-da-incubo-dei-pendolari-di-roma","status":"publish","type":"post","link":"https:\/\/www.europesays.com\/it\/305777\/","title":{"rendered":"Metro C interrotta, ecco la mattinata da incubo dei pendolari di Roma"},"content":{"rendered":"\n<p>Centinaia di pendolari costretti a scendere dalla metro per uscire in superficie senza scale mobili. All\u2019esterno, l\u2019assalto alle navette sostitutive per cercare di arrivare in orario a scuola o a lavoro. <a href=\"https:\/\/www.romatoday.it\/cronaca\/metro-c-blocco-oggi-stazioni-chiuse-14-gennaio-2026.html\" rel=\"nofollow noopener\" target=\"_blank\">Mattinata da incubo<\/a> per i pendolari che utilizzano la metro C, interrotta tra Malatesta e Centocelle per un guasto.<\/p>\n<p>Pendolari in strada<\/p>\n<p>A causa del problema, Atac \u00e8 stata costretta a chiudere le stazioni di Mirti e Gardenie. Invece, nel tratto tra Centocelle e Malatesta la linea \u00e8 stata sostituita da bus. Mezzi che, ovviamente, non posso sostituirsi ai treni.<\/p>\n<p>Come si vede nelle immagini realizzate dagli utenti, fuori dalla fermata Centocelle tantissime persone sono rimaste a piedi. N\u00e9 i bus di linea n\u00e9 le navette sono riuscite a far salire tutti a bordo. Del resto, il guasto \u00e8 capitato proprio dove ci sono <a href=\"https:\/\/www.romatoday.it\/attualita\/classifica-stazioni-metro-roma.html\" rel=\"nofollow noopener\" target=\"_blank\">alcune tra le stazioni pi\u00f9 frequentate<\/a> della terza linea metropolitana, San Giovanni Esclusa.<\/p>\n<p>Le stazioni Colosseo e Porta Metronia non bastano<\/p>\n<p>Al di l\u00e0 del guasto, in queste ultime settimane la metro C \u00e8 stata, probabilmente, la linea metropolitana pi\u00f9 famosa al mondo. L\u2019apertura della <a href=\"https:\/\/www.romatoday.it\/politica\/apertura-stazioni-metro-c-colosse-porta-metronia-16-dicembre.html\" rel=\"nofollow noopener\" target=\"_blank\">stazione Colosseo<\/a> ha rappresentato un evento storico e, in poche ore, lo scalo \u00e8 diventato una vera e propria attrazione turistica. Sullo sfondo, per\u00f2, ci sono <a href=\"https:\/\/www.romatoday.it\/politica\/progetti-nuove-metro-roma.html\" rel=\"nofollow noopener\" target=\"_blank\">i soliti problemi della metro C<\/a>. I tempi di attesa, che variano da i 5 fino ai 10 minuti (e oltre) sono troppo alti per una metropolitana. E mentre si pensa a prolungare ulteriormente la linea, i primi miglioramenti si dovrebbe iniziare a vedere nel 2027 quando cominceranno ad arrivare i <a href=\"https:\/\/www.romatoday.it\/politica\/metro-c-17-treni-nuova-generazione.html\" rel=\"nofollow noopener\" target=\"_blank\">17 treni di nuova generazione<\/a> acquistati da Roma. Con questi convogli l\u2019attesa, tra una corsa dell\u2019altra, dovrebbe scendere a 3 minuti.<\/p>\n","protected":false},"excerpt":{"rendered":"Centinaia di pendolari costretti a scendere dalla metro per uscire in superficie senza scale mobili. All\u2019esterno, l\u2019assalto alle&hellip;\n","protected":false},"author":3,"featured_media":305778,"comment_status":"","ping_status":"","sticky":false,"template":"","format":"standard","meta":{"footnotes":""},"categories":[6],"tags":[14,8,1537,90,89,85256,7,15,82,9,83,10,32665,13,11,80,84,12,81,85],"class_list":{"0":"post-305777","1":"post","2":"type-post","3":"status-publish","4":"format-standard","5":"has-post-thumbnail","7":"category-ultime-notizie","8":"tag-cronaca","9":"tag-headlines","10":"tag-it","11":"tag-italia","12":"tag-italy","13":"tag-metro-c","14":"tag-news","15":"tag-notizie","16":"tag-notizie-di-cronaca","17":"tag-notizie-principali","18":"tag-notiziedicronaca","19":"tag-notizieprincipali","20":"tag-ritardi","21":"tag-titoli","22":"tag-ultime-notizie","23":"tag-ultime-notizie-di-cronaca","24":"tag-ultime-notizie-e-news-di-oggi","25":"tag-ultimenotizie","26":"tag-ultimenotiziedicronaca","27":"tag-ultimenotizieenewsdioggi"},"share_on_mastodon":{"url":"https:\/\/pubeurope.com\/@it\/115893853397197142","error":""},"_links":{"self":[{"href":"https:\/\/www.europesays.com\/it\/wp-json\/wp\/v2\/posts\/305777","targetHints":{"allow":["GET"]}}],"collection":[{"href":"https:\/\/www.europesays.com\/it\/wp-json\/wp\/v2\/posts"}],"about":[{"href":"https:\/\/www.europesays.com\/it\/wp-json\/wp\/v2\/types\/post"}],"author":[{"embeddable":true,"href":"https:\/\/www.europesays.com\/it\/wp-json\/wp\/v2\/users\/3"}],"replies":[{"embeddable":true,"href":"https:\/\/www.europesays.com\/it\/wp-json\/wp\/v2\/comments?post=305777"}],"version-history":[{"count":0,"href":"https:\/\/www.europesays.com\/it\/wp-json\/wp\/v2\/posts\/305777\/revisions"}],"wp:featuredmedia":[{"embeddable":true,"href":"https:\/\/www.europesays.com\/it\/wp-json\/wp\/v2\/media\/305778"}],"wp:attachment":[{"href":"https:\/\/www.europesays.com\/it\/wp-json\/wp\/v2\/media?parent=305777"}],"wp:term":[{"taxonomy":"category","embeddable":true,"href":"https:\/\/www.europesays.com\/it\/wp-json\/wp\/v2\/categories?post=305777"},{"taxonomy":"post_tag","embeddable":true,"href":"https:\/\/www.europesays.com\/it\/wp-json\/wp\/v2\/tags?post=305777"}],"curies":[{"name":"wp","href":"https:\/\/api.w.org\/{rel}","templated":true}]}}