{"id":306417,"date":"2026-01-14T22:58:17","date_gmt":"2026-01-14T22:58:17","guid":{"rendered":"https:\/\/www.europesays.com\/it\/306417\/"},"modified":"2026-01-14T22:58:17","modified_gmt":"2026-01-14T22:58:17","slug":"una-ex-sartoria-e-oggi-una-casa-bellissima-a-milano","status":"publish","type":"post","link":"https:\/\/www.europesays.com\/it\/306417\/","title":{"rendered":"Una ex sartoria \u00e8 oggi una casa bellissima a Milano"},"content":{"rendered":"<p data-journey-content=\"true\" data-node-id=\"1\" class=\"css-6wxqfj emevuu60\">Questa casa \u00e8 uno degli appartamenti <strong data-node-id=\"1.1\">ricavati da un&#8217;antica officina<\/strong>. Un tempo ospitava la Sartoria Brancato, una rinomata sartoria artigianale milanese famosa per aver creato i costumi per il teatro, dalla <a href=\"https:\/\/www.elledecor.com\/it\/architettura\/a36230145\/scala-di-milano-nuovo-edificio\/\" target=\"_blank\" data-vars-ga-outbound-link=\"https:\/\/www.elledecor.com\/it\/architettura\/a36230145\/scala-di-milano-nuovo-edificio\/\" data-vars-ga-ux-element=\"Hyperlink\" data-vars-ga-call-to-action=\"Scala di Milano\" data-node-id=\"1.3\" class=\"body-link css-15fjk10 emevuu60\" rel=\"nofollow noopener\">Scala di Milano<\/a> alle Opere di <a href=\"https:\/\/www.elledecor.com\/it\/architettura\/a69864518\/mostra-fotografica-racconta-roma-durante-il-giubileo\/\" target=\"_blank\" data-vars-ga-outbound-link=\"https:\/\/www.elledecor.com\/it\/architettura\/a69864518\/mostra-fotografica-racconta-roma-durante-il-giubileo\/\" data-vars-ga-ux-element=\"Hyperlink\" data-vars-ga-call-to-action=\"Roma\" data-node-id=\"1.5\" class=\"body-link css-15fjk10 emevuu60\" rel=\"nofollow noopener\">Roma<\/a> e <a href=\"https:\/\/www.elledecor.com\/it\/viaggi\/a38862915\/torino-cosa-vedere\/\" target=\"_blank\" data-vars-ga-outbound-link=\"https:\/\/www.elledecor.com\/it\/viaggi\/a38862915\/torino-cosa-vedere\/\" data-vars-ga-ux-element=\"Hyperlink\" data-vars-ga-call-to-action=\"Torino\" data-node-id=\"1.7\" class=\"body-link css-15fjk10 emevuu60\" rel=\"nofollow noopener\">Torino<\/a>. Il progetto di ristrutturazione \u00e8 stato sviluppato dallo studio di architettura e interior design <strong data-node-id=\"1.9\">Kick.Office<\/strong>, che ha trasformato lo spazio della vecchia fabbrica in una casa moderna, bilanciando memoria, funzionalit\u00e0 e design. La ristrutturazione parte dal rispetto per l&#8217;identit\u00e0 originale dell&#8217;edificio e il suo passato artigianale, <strong data-node-id=\"1.11\">reinterpretato da un punto di vista contemporaneo<\/strong>. L&#8217;intervento architettonico valorizza la struttura originale dello spazio, mantenendo l&#8217;ampiezza e la regolarit\u00e0 degli ambienti.<\/p>\n<p data-journey-content=\"true\" data-node-id=\"4\" class=\"css-6wxqfj emevuu60\">La distribuzione \u00e8 stata riorganizzata per <strong data-node-id=\"4.1\">adattarsi alle esigenze di un&#8217;abitazione contemporanea<\/strong>, potenziando l&#8217;ingresso della luce naturale grazie alle grandi vetrate e creando una distribuzione agile e duttile grazie a <strong data-node-id=\"4.3\">pannelli che dividono lo spazio<\/strong> e che si aprono e si chiudono a seconda delle necessit\u00e0. Come elemento di collegamento dell&#8217;intero complesso \u00e8 stata utilizzata una <a href=\"https:\/\/www.elledecor.com\/it\/design\/a62346548\/sherwin-williams-colori-trend-forecast-2025-palette\/\" target=\"_blank\" data-vars-ga-outbound-link=\"https:\/\/www.elledecor.com\/it\/design\/a62346548\/sherwin-williams-colori-trend-forecast-2025-palette\/\" data-vars-ga-ux-element=\"Hyperlink\" data-vars-ga-call-to-action=\"palette di colori\" data-node-id=\"4.5\" class=\"body-link css-15fjk10 emevuu60\" rel=\"nofollow noopener\">palette di colori<\/a> contrastanti, con il giallo burro e il <a href=\"https:\/\/www.elledecor.com\/it\/lifestyle\/a37674780\/bordeaux-colore\/\" target=\"_blank\" data-vars-ga-outbound-link=\"https:\/\/www.elledecor.com\/it\/lifestyle\/a37674780\/bordeaux-colore\/\" data-vars-ga-ux-element=\"Hyperlink\" data-vars-ga-call-to-action=\"bordeaux\" data-node-id=\"4.7\" class=\"body-link css-15fjk10 emevuu60\" rel=\"nofollow noopener\">bordeaux<\/a>, insieme al pavimento in legno posato a spina.<\/p>\n<p><img draggable=\"true\" alt=\"casa decoracion\" title=\"casa decoracion\" loading=\"lazy\" width=\"2500\" height=\"3751\" decoding=\"async\" data-nimg=\"1\" style=\"color:transparent;width:100%;height:auto;\"   src=\"https:\/\/www.europesays.com\/it\/wp-content\/uploads\/2026\/01\/kickoffice-solari11-mo1950-phcjessica-soffiati-0694-6960b22feaf52.jpg\" class=\"css-0 e1g79fud0\"\/><a target=\"_blank\" rel=\"noopener nofollow\" data-theme-key=\"base-link\" href=\"https:\/\/pinterest.com\/pin\/create\/button\/?url=https:\/\/www.elledecor.com\/it\/case\/a69992653\/una-ex-sartoria-trasformata-in-casa-bellissima-a-milano\/&amp;description=elledecoritalia&amp;media=https:\/\/hips.hearstapps.com\/hmg-prod\/images\/kickoffice-solari11-mo1950-phcjessica-soffiati-0694-6960b22feaf52.jpg?resize=1600:*\" class=\"pinterest css-on9hn5 e1c1bym14\"><img decoding=\"async\" data-dynamic-svg=\"true\" src=\"https:\/\/www.elledecor.com\/_assets\/design-tokens\/fre\/static\/icons\/social\/pinterest.e8cf655.svg?primary=%2523ffffff\" loading=\"lazy\" data-testid=\"dynamic-svg-base\" height=\"auto\" width=\"auto\" alt=\"pinterest\" class=\"css-4lml0h e1mlxuuw1\"\/><\/a><\/p>\n<p>JESSICA SOFFIATI<\/p>\n<p><img draggable=\"true\" alt=\"casa decoracion\" title=\"casa decoracion\" loading=\"lazy\" width=\"3751\" height=\"2500\" decoding=\"async\" data-nimg=\"1\" style=\"color:transparent;width:100%;height:auto;\"   src=\"https:\/\/www.europesays.com\/it\/wp-content\/uploads\/2026\/01\/kickoffice-solari11-mo1950-phcjessica-soffiati-0301-6960b235c940b.jpg\" class=\"css-0 e1g79fud0\"\/><a target=\"_blank\" rel=\"noopener nofollow\" data-theme-key=\"base-link\" href=\"https:\/\/pinterest.com\/pin\/create\/button\/?url=https:\/\/www.elledecor.com\/it\/case\/a69992653\/una-ex-sartoria-trasformata-in-casa-bellissima-a-milano\/&amp;description=elledecoritalia&amp;media=https:\/\/hips.hearstapps.com\/hmg-prod\/images\/kickoffice-solari11-mo1950-phcjessica-soffiati-0301-6960b235c940b.jpg?resize=1600:*\" class=\"pinterest css-on9hn5 e1c1bym14\"><img decoding=\"async\" data-dynamic-svg=\"true\" src=\"https:\/\/www.elledecor.com\/_assets\/design-tokens\/fre\/static\/icons\/social\/pinterest.e8cf655.svg?primary=%2523ffffff\" loading=\"lazy\" data-testid=\"dynamic-svg-base\" height=\"auto\" width=\"auto\" alt=\"pinterest\" class=\"css-4lml0h e1mlxuuw1\"\/><\/a><\/p>\n<p>JESSICA SOFFIATI<\/p>\n<p><img draggable=\"true\" alt=\"casa decoracion\" title=\"casa decoracion\" loading=\"lazy\" width=\"2500\" height=\"3751\" decoding=\"async\" data-nimg=\"1\" style=\"color:transparent;width:100%;height:auto;\"   src=\"https:\/\/www.europesays.com\/it\/wp-content\/uploads\/2026\/01\/kickoffice-solari11-mo1950-phcjessica-soffiati-0263-6960b23077883.jpg\" class=\"css-0 e1g79fud0\"\/><a target=\"_blank\" rel=\"noopener nofollow\" data-theme-key=\"base-link\" href=\"https:\/\/pinterest.com\/pin\/create\/button\/?url=https:\/\/www.elledecor.com\/it\/case\/a69992653\/una-ex-sartoria-trasformata-in-casa-bellissima-a-milano\/&amp;description=elledecoritalia&amp;media=https:\/\/hips.hearstapps.com\/hmg-prod\/images\/kickoffice-solari11-mo1950-phcjessica-soffiati-0263-6960b23077883.jpg?resize=1600:*\" class=\"pinterest css-on9hn5 e1c1bym14\"><img decoding=\"async\" data-dynamic-svg=\"true\" src=\"https:\/\/www.elledecor.com\/_assets\/design-tokens\/fre\/static\/icons\/social\/pinterest.e8cf655.svg?primary=%2523ffffff\" loading=\"lazy\" data-testid=\"dynamic-svg-base\" height=\"auto\" width=\"auto\" alt=\"pinterest\" class=\"css-4lml0h e1mlxuuw1\"\/><\/a><\/p>\n<p>JESSICA SOFFIATI<\/p>\n<p data-journey-content=\"true\" data-node-id=\"12\" class=\"css-6wxqfj emevuu60\">L&#8217;arredamento e <strong data-node-id=\"12.1\">i mobili su misura<\/strong>, sviluppati da Mo.1950, giocano un ruolo chiave nella definizione del progetto. Ogni pezzo \u00e8 progettato specificamente per dialogare con l&#8217;architettura dello studio, attraverso un&#8217;<strong data-node-id=\"12.3\">accurata selezione di materiali, colori e texture<\/strong> che si combinano in modo sofisticato e, a volte, inaspettato.<\/p>\n<p data-journey-content=\"true\" data-node-id=\"14\" class=\"css-6wxqfj emevuu60\">La cucina a vista diventa uno degli spazi protagonisti, con superfici nei toni del bordeaux che <strong data-node-id=\"14.1\">contrastano con l&#8217;acciaio e il marmo<\/strong>, e un&#8217;isola centrale con piano di lavoro in terrazzo che funge da punto focale. Una parete divisoria in vetro trasparente separa la cucina dal soggiorno, mantenendo la connessione visiva e conferendo flessibilit\u00e0 all&#8217;insieme.<\/p>\n<p data-journey-content=\"true\" data-node-id=\"16\" class=\"css-6wxqfj emevuu60\">L&#8217;attenzione ai dettagli si estende alla sala da pranzo, ai bagni e alle zone di stoccaggio. Nella camera da letto principale, un sistema di armadi su misura si integra con finiture laccate opache e illuminazione incorporata, <strong data-node-id=\"16.1\">rafforzando la sensazione di ordine e calma<\/strong>. All&#8217;ingresso dell&#8217;abitazione, un armadio \u00e8 discretamente nascosto dietro ante rivestite con carta da parati a motivi geometrici e maniglie in pelle, conferendo carattere fin dal primo momento.<\/p>\n<p><img draggable=\"true\" alt=\"casa decoracion\" title=\"casa decoracion\" loading=\"lazy\" width=\"3751\" height=\"2500\" decoding=\"async\" data-nimg=\"1\" style=\"color:transparent;width:100%;height:auto;\"   src=\"https:\/\/www.europesays.com\/it\/wp-content\/uploads\/2026\/01\/kickoffice-solari11-mo1950-phcjessica-soffiati-0485-6960b23014998.jpg\" class=\"css-0 e1g79fud0\"\/><a target=\"_blank\" rel=\"noopener nofollow\" data-theme-key=\"base-link\" href=\"https:\/\/pinterest.com\/pin\/create\/button\/?url=https:\/\/www.elledecor.com\/it\/case\/a69992653\/una-ex-sartoria-trasformata-in-casa-bellissima-a-milano\/&amp;description=elledecoritalia&amp;media=https:\/\/hips.hearstapps.com\/hmg-prod\/images\/kickoffice-solari11-mo1950-phcjessica-soffiati-0485-6960b23014998.jpg?resize=1600:*\" class=\"pinterest css-on9hn5 e1c1bym14\"><img decoding=\"async\" data-dynamic-svg=\"true\" src=\"https:\/\/www.elledecor.com\/_assets\/design-tokens\/fre\/static\/icons\/social\/pinterest.e8cf655.svg?primary=%2523ffffff\" loading=\"lazy\" data-testid=\"dynamic-svg-base\" height=\"auto\" width=\"auto\" alt=\"pinterest\" class=\"css-4lml0h e1mlxuuw1\"\/><\/a><\/p>\n<p>JESSICA SOFFIATI<\/p>\n<p><img draggable=\"true\" alt=\"casa decoracion\" title=\"casa decoracion\" loading=\"lazy\" width=\"3751\" height=\"2500\" decoding=\"async\" data-nimg=\"1\" style=\"color:transparent;width:100%;height:auto;\"   src=\"https:\/\/www.europesays.com\/it\/wp-content\/uploads\/2026\/01\/kickoffice-solari11-mo1950-phcjessica-soffiati-0527-6960b235a36d2.jpg\" class=\"css-0 e1g79fud0\"\/><a target=\"_blank\" rel=\"noopener nofollow\" data-theme-key=\"base-link\" href=\"https:\/\/pinterest.com\/pin\/create\/button\/?url=https:\/\/www.elledecor.com\/it\/case\/a69992653\/una-ex-sartoria-trasformata-in-casa-bellissima-a-milano\/&amp;description=elledecoritalia&amp;media=https:\/\/hips.hearstapps.com\/hmg-prod\/images\/kickoffice-solari11-mo1950-phcjessica-soffiati-0527-6960b235a36d2.jpg?resize=1600:*\" class=\"pinterest css-on9hn5 e1c1bym14\"><img decoding=\"async\" data-dynamic-svg=\"true\" src=\"https:\/\/www.elledecor.com\/_assets\/design-tokens\/fre\/static\/icons\/social\/pinterest.e8cf655.svg?primary=%2523ffffff\" loading=\"lazy\" data-testid=\"dynamic-svg-base\" height=\"auto\" width=\"auto\" alt=\"pinterest\" class=\"css-4lml0h e1mlxuuw1\"\/><\/a><\/p>\n<p>JESSICA SOFFIATI<\/p>\n<p><img draggable=\"true\" alt=\"casa decoracion\" title=\"casa decoracion\" loading=\"lazy\" width=\"2500\" height=\"3751\" decoding=\"async\" data-nimg=\"1\" style=\"color:transparent;width:100%;height:auto;\"   src=\"https:\/\/www.europesays.com\/it\/wp-content\/uploads\/2026\/01\/kickoffice-solari11-mo1950-phcjessica-soffiati-0665-1-stool-6960b23621499.jpg\" class=\"css-0 e1g79fud0\"\/><a target=\"_blank\" rel=\"noopener nofollow\" data-theme-key=\"base-link\" href=\"https:\/\/pinterest.com\/pin\/create\/button\/?url=https:\/\/www.elledecor.com\/it\/case\/a69992653\/una-ex-sartoria-trasformata-in-casa-bellissima-a-milano\/&amp;description=elledecoritalia&amp;media=https:\/\/hips.hearstapps.com\/hmg-prod\/images\/kickoffice-solari11-mo1950-phcjessica-soffiati-0665-1-stool-6960b23621499.jpg?resize=1600:*\" class=\"pinterest css-on9hn5 e1c1bym14\"><img decoding=\"async\" data-dynamic-svg=\"true\" src=\"https:\/\/www.elledecor.com\/_assets\/design-tokens\/fre\/static\/icons\/social\/pinterest.e8cf655.svg?primary=%2523ffffff\" loading=\"lazy\" data-testid=\"dynamic-svg-base\" height=\"auto\" width=\"auto\" alt=\"pinterest\" class=\"css-4lml0h e1mlxuuw1\"\/><\/a><\/p>\n<p>JESSICA SOFFIATI<\/p>\n<p><img draggable=\"true\" alt=\"casa decoracion\" title=\"casa decoracion\" loading=\"lazy\" width=\"2500\" height=\"3751\" decoding=\"async\" data-nimg=\"1\" style=\"color:transparent;width:100%;height:auto;\"   src=\"https:\/\/www.europesays.com\/it\/wp-content\/uploads\/2026\/01\/kickoffice-solari11-mo1950-phcjessica-soffiati-0564-6960b22fba1df.jpg\" class=\"css-0 e1g79fud0\"\/><a target=\"_blank\" rel=\"noopener nofollow\" data-theme-key=\"base-link\" href=\"https:\/\/pinterest.com\/pin\/create\/button\/?url=https:\/\/www.elledecor.com\/it\/case\/a69992653\/una-ex-sartoria-trasformata-in-casa-bellissima-a-milano\/&amp;description=elledecoritalia&amp;media=https:\/\/hips.hearstapps.com\/hmg-prod\/images\/kickoffice-solari11-mo1950-phcjessica-soffiati-0564-6960b22fba1df.jpg?resize=1600:*\" class=\"pinterest css-on9hn5 e1c1bym14\"><img decoding=\"async\" data-dynamic-svg=\"true\" src=\"https:\/\/www.elledecor.com\/_assets\/design-tokens\/fre\/static\/icons\/social\/pinterest.e8cf655.svg?primary=%2523ffffff\" loading=\"lazy\" data-testid=\"dynamic-svg-base\" height=\"auto\" width=\"auto\" alt=\"pinterest\" class=\"css-4lml0h e1mlxuuw1\"\/><\/a><\/p>\n<p>JESSICA SOFFIATI<\/p>\n<p><img draggable=\"true\" alt=\"casa decoracion\" title=\"casa decoracion\" loading=\"lazy\" width=\"2500\" height=\"3751\" decoding=\"async\" data-nimg=\"1\" style=\"color:transparent;width:100%;height:auto;\"   src=\"https:\/\/www.europesays.com\/it\/wp-content\/uploads\/2026\/01\/kickoffice-solari11-mo1950-phcjessica-soffiati-0109-6960b235a14d3.jpg\" class=\"css-0 e1g79fud0\"\/><a target=\"_blank\" rel=\"noopener nofollow\" data-theme-key=\"base-link\" href=\"https:\/\/pinterest.com\/pin\/create\/button\/?url=https:\/\/www.elledecor.com\/it\/case\/a69992653\/una-ex-sartoria-trasformata-in-casa-bellissima-a-milano\/&amp;description=elledecoritalia&amp;media=https:\/\/hips.hearstapps.com\/hmg-prod\/images\/kickoffice-solari11-mo1950-phcjessica-soffiati-0109-6960b235a14d3.jpg?resize=1600:*\" class=\"pinterest css-on9hn5 e1c1bym14\"><img decoding=\"async\" data-dynamic-svg=\"true\" src=\"https:\/\/www.elledecor.com\/_assets\/design-tokens\/fre\/static\/icons\/social\/pinterest.e8cf655.svg?primary=%2523ffffff\" loading=\"lazy\" data-testid=\"dynamic-svg-base\" height=\"auto\" width=\"auto\" alt=\"pinterest\" class=\"css-4lml0h e1mlxuuw1\"\/><\/a><\/p>\n<p>JESSICA SOFFIATI<\/p>\n<p><img draggable=\"true\" alt=\"casa decoracion\" title=\"casa decoracion\" loading=\"lazy\" width=\"2500\" height=\"3751\" decoding=\"async\" data-nimg=\"1\" style=\"color:transparent;width:100%;height:auto;\"   src=\"https:\/\/www.europesays.com\/it\/wp-content\/uploads\/2026\/01\/kickoffice-solari11-mo1950-phcjessica-soffiati-0095-6960b22fc0a2a.jpg\" class=\"css-0 e1g79fud0\"\/><a target=\"_blank\" rel=\"noopener nofollow\" data-theme-key=\"base-link\" href=\"https:\/\/pinterest.com\/pin\/create\/button\/?url=https:\/\/www.elledecor.com\/it\/case\/a69992653\/una-ex-sartoria-trasformata-in-casa-bellissima-a-milano\/&amp;description=elledecoritalia&amp;media=https:\/\/hips.hearstapps.com\/hmg-prod\/images\/kickoffice-solari11-mo1950-phcjessica-soffiati-0095-6960b22fc0a2a.jpg?resize=1600:*\" class=\"pinterest css-on9hn5 e1c1bym14\"><img decoding=\"async\" data-dynamic-svg=\"true\" src=\"https:\/\/www.elledecor.com\/_assets\/design-tokens\/fre\/static\/icons\/social\/pinterest.e8cf655.svg?primary=%2523ffffff\" loading=\"lazy\" data-testid=\"dynamic-svg-base\" height=\"auto\" width=\"auto\" alt=\"pinterest\" class=\"css-4lml0h e1mlxuuw1\"\/><\/a><\/p>\n<p>JESSICA SOFFIATI<\/p>\n<p data-journey-content=\"true\" data-node-id=\"24\" class=\"css-6wxqfj emevuu60\"><a href=\"https:\/\/www.elledecor.com\/es\/casas\/a69945647\/casa-milan-sastreria-burdeos-mantequilla\/\" target=\"_blank\" data-vars-ga-outbound-link=\"https:\/\/www.elledecor.com\/es\/casas\/a69945647\/casa-milan-sastreria-burdeos-mantequilla\/\" data-vars-ga-ux-element=\"Hyperlink\" data-vars-ga-call-to-action=\"www.kickoffice.net\" data-node-id=\"24.0.0\" class=\"body-link css-15fjk10 emevuu60\" rel=\"nofollow noopener\">www.kickoffice.net<\/a><\/p>\n<p data-journey-content=\"true\" data-node-id=\"27\" class=\"css-6wxqfj emevuu60\"><a href=\"https:\/\/www.elledecor.com\/es\/casas\/a69945647\/casa-milan-sastreria-burdeos-mantequilla\/\" target=\"_blank\" data-vars-ga-outbound-link=\"https:\/\/www.elledecor.com\/es\/casas\/a69945647\/casa-milan-sastreria-burdeos-mantequilla\/\" data-vars-ga-ux-element=\"Hyperlink\" data-vars-ga-call-to-action=\"Da ELLE Decor ES\" data-node-id=\"27.0\" class=\"body-link css-15fjk10 emevuu60\" rel=\"nofollow noopener\">Da ELLE Decor ES<\/a><\/p>\n<p>Servizi piatti bellissimi<a target=\"_blank\" rel=\"nofollow noopener\" data-theme-key=\"product-image-wrapper\" href=\"https:\/\/click.linksynergy.com\/deeplink?id=2fv8O7DnZlc&amp;mid=49049&amp;murl=https%3A%2F%2Fwww.westwing.it%2Fset-18-piatti-in-porcellana-con-bordo-nero-per-6-persone-facile-136727.html&amp;u1=edcit|xid:{xid}\" aria-label=\"139\u00a0\u20ac su westwing.it per Servizio di piatti in porcellana Nessa, 4 persone (12 pz)\" data-href=\"https:\/\/www.westwing.it\/set-18-piatti-in-porcellana-con-bordo-nero-per-6-persone-facile-136727.html\" data-product-url=\"https:\/\/www.westwing.it\/set-18-piatti-in-porcellana-con-bordo-nero-per-6-persone-facile-136727.html\" data-affiliate=\"true\" data-affiliate-url=\"https:\/\/click.linksynergy.com\/deeplink?id=2fv8O7DnZlc&amp;mid=49049&amp;murl=https%3A%2F%2Fwww.westwing.it%2Fset-18-piatti-in-porcellana-con-bordo-nero-per-6-persone-facile-136727.html&amp;u1=edcit|xid:{xid}\" data-affiliate-network=\"{&quot;site_id&quot;:&quot;0550d705-7712-4019-a8b2-0f35da30918c&quot;,&quot;metadata&quot;:{&quot;trackonomics&quot;:{&quot;network_name&quot;:&quot;ls&quot;}},&quot;network&quot;:{&quot;name&quot;:&quot;Trackonomics&quot;},&quot;product_metadata&quot;:{&quot;0550d705-7712-4019-a8b2-0f35da30918c&quot;:{&quot;network_name&quot;:&quot;ls&quot;,&quot;link&quot;:&quot;https:\/\/click.linksynergy.com\/deeplink?id=2fv8O7DnZlc&amp;mid=49049&amp;murl=https%3A%2F%2Fwww.westwing.it%2Fset-18-piatti-in-porcellana-con-bordo-nero-per-6-persone-facile-136727.html&amp;u1={subid}&quot;}},&quot;afflink_redirect&quot;:&quot;\/_p\/afflink\/vX5n\/westwing-servizio-di-piatti-in-porcellana&quot;}\" data-vars-ga-call-to-action=\"139\u00a0\u20ac su westwing.it\" data-vars-ga-media-role=\"1\" data-vars-ga-media-type=\"Embedded Gallery List\" data-vars-ga-outbound-link=\"https:\/\/www.westwing.it\/set-18-piatti-in-porcellana-con-bordo-nero-per-6-persone-facile-136727.html\" data-vars-ga-product-id=\"e2398474-797c-4dc7-afa4-a4c9579f9e99\" data-vars-ga-product-price=\"139,00\u00a0\u20ac\" data-vars-ga-product-retailer-id=\"f7b9169b-94a8-406b-8006-5197bbfdf3bf\" data-vars-ga-gallery-display=\"list\" data-vars-ga-link-treatment=\"(not set) | (not set)\" data-vars-ga-sku=\"136727\" data-vars-ga-magento-tracking=\"1\" class=\"product-image-link ebgq4gw2 e1b8bpvs0 css-g6od0w e1c1bym14\"><img  alt=\"Servizio di piatti in porcellana Nessa, 4 persone (12 pz)\" title=\"Servizio di piatti in porcellana Nessa, 4 persone (12 pz)\" src=\"https:\/\/www.europesays.com\/it\/wp-content\/uploads\/2026\/01\/1768431496_897_1715760895-2065280.jpg\" width=\"1390\" height=\"1853\" decoding=\"async\" loading=\"lazy\"\/><\/a>Servizio di piatti in porcellana Nessa, 4 persone (12 pz)Credit: Courtesy photo<a target=\"_blank\" rel=\"nofollow noopener\" data-theme-key=\"product-image-wrapper\" href=\"https:\/\/click.linksynergy.com\/deeplink?id=2fv8O7DnZlc&amp;mid=49049&amp;murl=https%3A%2F%2Fwww.westwing.it%2Fservizio-di-piatti-in-porcellana-maira-12-pz-158543.html&amp;u1=edcit|xid:{xid}\" aria-label=\"159\u00a0\u20ac su westwing.it per Servizio di piatti in porcellana Maira, 4 persone (12 pz)\" data-href=\"https:\/\/www.westwing.it\/servizio-di-piatti-in-porcellana-maira-12-pz-158543.html\" data-product-url=\"https:\/\/www.westwing.it\/servizio-di-piatti-in-porcellana-maira-12-pz-158543.html\" data-affiliate=\"true\" data-affiliate-url=\"https:\/\/click.linksynergy.com\/deeplink?id=2fv8O7DnZlc&amp;mid=49049&amp;murl=https%3A%2F%2Fwww.westwing.it%2Fservizio-di-piatti-in-porcellana-maira-12-pz-158543.html&amp;u1=edcit|xid:{xid}\" data-affiliate-network=\"{&quot;site_id&quot;:&quot;0550d705-7712-4019-a8b2-0f35da30918c&quot;,&quot;metadata&quot;:{&quot;trackonomics&quot;:{&quot;network_name&quot;:&quot;ls&quot;}},&quot;network&quot;:{&quot;name&quot;:&quot;Trackonomics&quot;},&quot;product_metadata&quot;:{&quot;0550d705-7712-4019-a8b2-0f35da30918c&quot;:{&quot;network_name&quot;:&quot;ls&quot;,&quot;link&quot;:&quot;https:\/\/click.linksynergy.com\/deeplink?id=2fv8O7DnZlc&amp;mid=49049&amp;murl=https%3A%2F%2Fwww.westwing.it%2Fservizio-di-piatti-in-porcellana-maira-12-pz-158543.html&amp;u1={subid}&quot;}},&quot;afflink_redirect&quot;:&quot;\/_p\/afflink\/vX5m\/westwing-servizio-di-piatti-in-porcellana&quot;}\" data-vars-ga-call-to-action=\"159\u00a0\u20ac su westwing.it\" data-vars-ga-media-role=\"1\" data-vars-ga-media-type=\"Embedded Gallery List\" data-vars-ga-outbound-link=\"https:\/\/www.westwing.it\/servizio-di-piatti-in-porcellana-maira-12-pz-158543.html\" data-vars-ga-product-id=\"1e0081af-6777-4132-a135-92cb6af1ea6c\" data-vars-ga-product-price=\"159,00\u00a0\u20ac\" data-vars-ga-product-retailer-id=\"2f582f60-a84e-4108-a309-281021db4406\" data-vars-ga-gallery-display=\"list\" data-vars-ga-link-treatment=\"(not set) | (not set)\" data-vars-ga-sku=\"158543\" data-vars-ga-magento-tracking=\"1\" class=\"product-image-link ebgq4gw2 e1b8bpvs0 css-g6od0w e1c1bym14\"><img  alt=\"Servizio di piatti in porcellana Maira, 4 persone (12 pz)\" title=\"Servizio di piatti in porcellana Maira, 4 persone (12 pz)\" src=\"https:\/\/www.europesays.com\/it\/wp-content\/uploads\/2026\/01\/1768431496_991_1749724818-DEQ23WES19827-203731_85fef111f9ee13d7cb035bd6252684c5_dtl_1.jpg\" width=\"1140\" height=\"1520\" decoding=\"async\" loading=\"lazy\"\/><\/a>Servizio di piatti in porcellana Maira, 4 persone (12 pz)Credit: Courtesy photo<a target=\"_blank\" rel=\"nofollow noopener\" data-theme-key=\"product-image-wrapper\" href=\"https:\/\/click.linksynergy.com\/deeplink?id=2fv8O7DnZlc&amp;mid=49049&amp;murl=https%3A%2F%2Fwww.westwing.it%2Fset-12-piatti-in-gres-beige-lowri-4-persone-147242.html&amp;u1=edcit|xid:{xid}\" aria-label=\"99\u00a0\u20ac su westwing.it per Servizio di piatti Lowri, 4 persone (12 pz)\" data-href=\"https:\/\/www.westwing.it\/set-12-piatti-in-gres-beige-lowri-4-persone-147242.html\" data-product-url=\"https:\/\/www.westwing.it\/set-12-piatti-in-gres-beige-lowri-4-persone-147242.html\" data-affiliate=\"true\" data-affiliate-url=\"https:\/\/click.linksynergy.com\/deeplink?id=2fv8O7DnZlc&amp;mid=49049&amp;murl=https%3A%2F%2Fwww.westwing.it%2Fset-12-piatti-in-gres-beige-lowri-4-persone-147242.html&amp;u1=edcit|xid:{xid}\" data-affiliate-network=\"{&quot;site_id&quot;:&quot;0550d705-7712-4019-a8b2-0f35da30918c&quot;,&quot;metadata&quot;:{&quot;trackonomics&quot;:{&quot;network_name&quot;:&quot;ls&quot;}},&quot;network&quot;:{&quot;name&quot;:&quot;Trackonomics&quot;},&quot;product_metadata&quot;:{&quot;0550d705-7712-4019-a8b2-0f35da30918c&quot;:{&quot;network_name&quot;:&quot;ls&quot;,&quot;link&quot;:&quot;https:\/\/click.linksynergy.com\/deeplink?id=2fv8O7DnZlc&amp;mid=49049&amp;murl=https%3A%2F%2Fwww.westwing.it%2Fset-12-piatti-in-gres-beige-lowri-4-persone-147242.html&amp;u1={subid}&quot;}},&quot;afflink_redirect&quot;:&quot;\/_p\/afflink\/vX5k\/westwing-servizio-di-piatti-lowri-4&quot;}\" data-vars-ga-call-to-action=\"99\u00a0\u20ac su westwing.it\" data-vars-ga-media-role=\"1\" data-vars-ga-media-type=\"Embedded Gallery List\" data-vars-ga-outbound-link=\"https:\/\/www.westwing.it\/set-12-piatti-in-gres-beige-lowri-4-persone-147242.html\" data-vars-ga-product-id=\"4cd53ec3-e070-4d8b-af9f-9a97feeccfa7\" data-vars-ga-product-price=\"99,00\u00a0\u20ac\" data-vars-ga-product-retailer-id=\"f80e727b-885f-456b-beec-a573371d5837\" data-vars-ga-gallery-display=\"list\" data-vars-ga-link-treatment=\"(not set) | (not set)\" data-vars-ga-sku=\"147242\" data-vars-ga-magento-tracking=\"1\" class=\"product-image-link ebgq4gw2 e1b8bpvs0 css-g6od0w e1c1bym14\"><img  alt=\"Servizio di piatti Lowri, 4 persone (12 pz)\" title=\"Servizio di piatti Lowri, 4 persone (12 pz)\" src=\"https:\/\/www.europesays.com\/it\/wp-content\/uploads\/2026\/01\/1768431496_387_1743782615-DEQ22WES89558-187470_a694cdc4da4f0aa03a2a041e58a5d83f_dtl_1.jpg\" width=\"1140\" height=\"1520\" decoding=\"async\" loading=\"lazy\"\/><\/a>Servizio di piatti Lowri, 4 persone (12 pz)Credit: Courtesy photo<a target=\"_blank\" rel=\"nofollow noopener\" data-theme-key=\"product-image-wrapper\" href=\"https:\/\/click.linksynergy.com\/deeplink?id=2fv8O7DnZlc&amp;mid=49049&amp;murl=https%3A%2F%2Fwww.westwing.it%2Fservizio-di-piatti-in-porcellana-grace-4-persone-12-pz-158958.html&amp;u1=edcit|xid:{xid}\" aria-label=\"139\u00a0\u20ac su westwing.it per Servizio di piatti in porcellana Grace, 4 persone (12 pz)\" data-href=\"https:\/\/www.westwing.it\/servizio-di-piatti-in-porcellana-grace-4-persone-12-pz-158958.html\" data-product-url=\"https:\/\/www.westwing.it\/servizio-di-piatti-in-porcellana-grace-4-persone-12-pz-158958.html\" data-affiliate=\"true\" data-affiliate-url=\"https:\/\/click.linksynergy.com\/deeplink?id=2fv8O7DnZlc&amp;mid=49049&amp;murl=https%3A%2F%2Fwww.westwing.it%2Fservizio-di-piatti-in-porcellana-grace-4-persone-12-pz-158958.html&amp;u1=edcit|xid:{xid}\" data-affiliate-network=\"{&quot;site_id&quot;:&quot;0550d705-7712-4019-a8b2-0f35da30918c&quot;,&quot;metadata&quot;:{&quot;trackonomics&quot;:{&quot;network_name&quot;:&quot;ls&quot;}},&quot;network&quot;:{&quot;name&quot;:&quot;Trackonomics&quot;},&quot;product_metadata&quot;:{&quot;0550d705-7712-4019-a8b2-0f35da30918c&quot;:{&quot;network_name&quot;:&quot;ls&quot;,&quot;link&quot;:&quot;https:\/\/click.linksynergy.com\/deeplink?id=2fv8O7DnZlc&amp;mid=49049&amp;murl=https%3A%2F%2Fwww.westwing.it%2Fservizio-di-piatti-in-porcellana-grace-4-persone-12-pz-158958.html&amp;u1={subid}&quot;}},&quot;afflink_redirect&quot;:&quot;\/_p\/afflink\/vX5j\/westwing-servizio-di-piatti-in-porcellana&quot;}\" data-vars-ga-call-to-action=\"139\u00a0\u20ac su westwing.it\" data-vars-ga-media-role=\"1\" data-vars-ga-media-type=\"Embedded Gallery List\" data-vars-ga-outbound-link=\"https:\/\/www.westwing.it\/servizio-di-piatti-in-porcellana-grace-4-persone-12-pz-158958.html\" data-vars-ga-product-id=\"45fa870f-2be4-4e57-9fab-0f9ff04e0fb4\" data-vars-ga-product-price=\"139,00\u00a0\u20ac\" data-vars-ga-product-retailer-id=\"dc36fa30-f3e4-4f63-a29d-5da234658129\" data-vars-ga-gallery-display=\"list\" data-vars-ga-link-treatment=\"(not set) | (not set)\" data-vars-ga-sku=\"158958\" data-vars-ga-magento-tracking=\"1\" class=\"product-image-link ebgq4gw2 e1b8bpvs0 css-g6od0w e1c1bym14\"><img  alt=\"Servizio di piatti in porcellana Grace, 4 persone (12 pz)\" title=\"Servizio di piatti in porcellana Grace, 4 persone (12 pz)\" src=\"https:\/\/www.europesays.com\/it\/wp-content\/uploads\/2026\/01\/1768431496_415_1746189166-DEQ23WES73623-204261_53dd3e8d4b55ea58131626770e02d028_dtl_1.jpg\" width=\"1140\" height=\"1520\" decoding=\"async\" loading=\"lazy\"\/><\/a>Servizio di piatti in porcellana Grace, 4 persone (12 pz)Credit: Courtesy photoRelated Stories<img src=\"https:\/\/www.europesays.com\/it\/wp-content\/uploads\/2026\/01\/fee8abeb-41f5-44a6-87de-accf414133a5_1734433518.jpg\" alt=\"Headshot of Mar\u00eda Jes\u00fas Revilla\" title=\"Headshot of Mar\u00eda Jes\u00fas Revilla\" width=\"100%\" height=\"100%\" decoding=\"async\" loading=\"lazy\" class=\"css-o0wq4v ev8dhu53\"\/><\/p>\n<p>Mar\u00eda Jes\u00fas Revilla \u00e8 un&#8217;esperta di decorazione, interior design, architettura e design, dopo una lunga carriera nelle pubblicazioni del settore. \u00c8 laureata in giornalismo presso l&#8217;Universit\u00e0 Complutense di Madrid e all&#8217;inizio della sua carriera professionale come redattrice ha lavorato in riviste economiche, femminili e giovanili o persino riviste legate al mondo dei motori.<br \/>\nSi considera una tuttofare che ha trovato il suo posto e la sua passione nella decorazione e nell&#8217;interior design. Si diverte a tracciare e scrivere su edifici iconici dell&#8217;architettura del XX secolo, a leggere e conoscere la pianificazione urbana sostenibile e a seguire le tendenze della decorazione.<br \/>\nCon il suo lavoro, ha scoperto che l&#8217;interior design e l&#8217;architettura influiscono notevolmente sulla qualit\u00e0 della vita delle persone e, quindi, possono anche contribuire a migliorarla, cosa che cerca di trasmettere in tutto ci\u00f2 che fa.<br \/>\nDopo molti anni nella redazione cartacea di Nuevo Estilo, la principale rivista di decorazione in Spagna, ha iniziato la sua carriera nella versione online di Nuevo Estilo ed ElleDecor dove, oltre a scrivere, svolge compiti di coordinamento di progetti audiovisivi per il web.<br \/>\nMar\u00eda Jes\u00fas sogna di avere tutto il tempo del mondo per dedicarsi al Dolce Far Niente. Vale a dire: camminare, fare il bagno in mare, bere vino e camminare ancora un po&#8217; (e bere un altro vino)&#8230; senza preoccupazioni.<\/p>\n","protected":false},"excerpt":{"rendered":"Questa casa \u00e8 uno degli appartamenti ricavati da un&#8217;antica officina. Un tempo ospitava la Sartoria Brancato, una rinomata&hellip;\n","protected":false},"author":3,"featured_media":306418,"comment_status":"","ping_status":"","sticky":false,"template":"","format":"standard","meta":{"footnotes":"","_share_on_mastodon":"0"},"categories":[1446],"tags":[1615,1613,1614,1611,1610,2366,1612,1616,65315,203,204,1537,90,89,28,1573,5644,179975],"class_list":["post-306417","post","type-post","status-publish","format-standard","has-post-thumbnail","category-arte-e-design","tag-arte","tag-arte-e-design","tag-arteedesign","tag-arts","tag-arts-and-design","tag-casa-bellissima","tag-design","tag-discover","tag-editorial","tag-entertainment","tag-intrattenimento","tag-it","tag-italia","tag-italy","tag-milano","tag-opera","tag-ristrutturazione","tag-sartoria"],"share_on_mastodon":{"url":"https:\/\/pubeurope.com\/@it\/115895934113136368","error":""},"_links":{"self":[{"href":"https:\/\/www.europesays.com\/it\/wp-json\/wp\/v2\/posts\/306417","targetHints":{"allow":["GET"]}}],"collection":[{"href":"https:\/\/www.europesays.com\/it\/wp-json\/wp\/v2\/posts"}],"about":[{"href":"https:\/\/www.europesays.com\/it\/wp-json\/wp\/v2\/types\/post"}],"author":[{"embeddable":true,"href":"https:\/\/www.europesays.com\/it\/wp-json\/wp\/v2\/users\/3"}],"replies":[{"embeddable":true,"href":"https:\/\/www.europesays.com\/it\/wp-json\/wp\/v2\/comments?post=306417"}],"version-history":[{"count":0,"href":"https:\/\/www.europesays.com\/it\/wp-json\/wp\/v2\/posts\/306417\/revisions"}],"wp:featuredmedia":[{"embeddable":true,"href":"https:\/\/www.europesays.com\/it\/wp-json\/wp\/v2\/media\/306418"}],"wp:attachment":[{"href":"https:\/\/www.europesays.com\/it\/wp-json\/wp\/v2\/media?parent=306417"}],"wp:term":[{"taxonomy":"category","embeddable":true,"href":"https:\/\/www.europesays.com\/it\/wp-json\/wp\/v2\/categories?post=306417"},{"taxonomy":"post_tag","embeddable":true,"href":"https:\/\/www.europesays.com\/it\/wp-json\/wp\/v2\/tags?post=306417"}],"curies":[{"name":"wp","href":"https:\/\/api.w.org\/{rel}","templated":true}]}}