{"id":306509,"date":"2026-01-15T00:17:10","date_gmt":"2026-01-15T00:17:10","guid":{"rendered":"https:\/\/www.europesays.com\/it\/306509\/"},"modified":"2026-01-15T00:17:10","modified_gmt":"2026-01-15T00:17:10","slug":"coppa-dafrica-chi-va-in-finale-e-chi-torna-prima-in-italia-il-verdetto-su-lookman-ecco-la-lista-completa","status":"publish","type":"post","link":"https:\/\/www.europesays.com\/it\/306509\/","title":{"rendered":"Coppa d\u2019Africa, chi va in finale e chi torna prima in Italia: il verdetto su Lookman! Ecco la lista completa"},"content":{"rendered":"<p>Volge al termine la Coppa d\u2019Africa, manca soltanto la finale adesso: ecco i giocatori di Serie A che la giocheranno e quando torneranno.<\/p>\n<p><strong>Volge al termine la Coppa d\u2019Africa<\/strong>, manca soltanto la finale adesso: ecco i giocatori di Serie A che la giocheranno e quelli che invece torneranno a casa (ma dopo la finale 3\/4\u00b0 posto). Facciamo quindi il punto in chiave fantacalcio in vista della finale tra Senegal e Marocco, che si giocher\u00e0 domenica alle ore 20.00 italiane. I finalisti torneranno a disposizione dei rispettivi club di Serie A nella prossima settimana e ci saranno alla 22a.<\/p>\n<p><strong>Ma va chiarito subito che i nigeriani NON torneranno in Italia gi\u00e0 nelle prossime ore perch\u00e9 sabato \u00e8 in programma la finale 3\/4\u00b0 posto tra Egitto e Nigeria appunto<\/strong>. L&#8217;appuntamento \u00e8 sabato alle ore 17, dunque Lookman non ci sar\u00e0 per la sfida tra il Pisa e l&#8217;Atalanta in programma venerd\u00ec. Torner\u00e0 a Bergamo dall&#8217;inizio della prossima settimana, circa 1\/2 giorni prima dunque rispetto ai tre finalisti. Ma comunque tutti e sei i giocatori ancora impegnati nella competizione dovrebbero regolarmente esserci per la 22a.<\/p>\n<p>\u2705 <strong>GIOCATORI QUALIFICATI IN FINALE<\/strong><\/p>\n<p><strong>Marocco<\/strong>: El Aynaoui (Roma), Masina (Torino)<\/p>\n<p>\ud83d\udeab <strong>GIOCATORI ELIMINATI, FARANNO LA FINALE 3\/4\u00b0 POSTO<\/strong><\/p>\n<p><strong>Nigeria<\/strong>: Akinsanmiro (Pisa), Dele-Bashiru (Lazio), Lookman (Atalanta).<\/p>\n<p class=\"is-copyright\">\u00a9 RIPRODUZIONE RISERVATA<\/p>\n","protected":false},"excerpt":{"rendered":"Volge al termine la Coppa d\u2019Africa, manca soltanto la finale adesso: ecco i giocatori di Serie A che&hellip;\n","protected":false},"author":3,"featured_media":306510,"comment_status":"","ping_status":"","sticky":false,"template":"","format":"standard","meta":{"footnotes":"","_share_on_mastodon":"0"},"categories":[1452],"tags":[3623,180028,180029,569,721,4297,4298,180030,1426,180031,180032,1740,3412,1537,90,89,574,7157,1821,1739,245,244,39130],"class_list":["post-306509","post","type-post","status-publish","format-standard","has-post-thumbnail","category-calcio","tag-africa","tag-africa-manca","tag-africa-manca-finale","tag-atalanta","tag-calcio","tag-coppa","tag-coppa-africa","tag-coppa-africa-manca","tag-finale","tag-finale-giocatori","tag-finale-giocatori-serie","tag-football","tag-giocatori","tag-it","tag-italia","tag-italy","tag-lookman","tag-marocco","tag-serie","tag-soccer","tag-sport","tag-sports","tag-torneranno"],"share_on_mastodon":{"url":"https:\/\/pubeurope.com\/@it\/115896244425584015","error":""},"_links":{"self":[{"href":"https:\/\/www.europesays.com\/it\/wp-json\/wp\/v2\/posts\/306509","targetHints":{"allow":["GET"]}}],"collection":[{"href":"https:\/\/www.europesays.com\/it\/wp-json\/wp\/v2\/posts"}],"about":[{"href":"https:\/\/www.europesays.com\/it\/wp-json\/wp\/v2\/types\/post"}],"author":[{"embeddable":true,"href":"https:\/\/www.europesays.com\/it\/wp-json\/wp\/v2\/users\/3"}],"replies":[{"embeddable":true,"href":"https:\/\/www.europesays.com\/it\/wp-json\/wp\/v2\/comments?post=306509"}],"version-history":[{"count":0,"href":"https:\/\/www.europesays.com\/it\/wp-json\/wp\/v2\/posts\/306509\/revisions"}],"wp:featuredmedia":[{"embeddable":true,"href":"https:\/\/www.europesays.com\/it\/wp-json\/wp\/v2\/media\/306510"}],"wp:attachment":[{"href":"https:\/\/www.europesays.com\/it\/wp-json\/wp\/v2\/media?parent=306509"}],"wp:term":[{"taxonomy":"category","embeddable":true,"href":"https:\/\/www.europesays.com\/it\/wp-json\/wp\/v2\/categories?post=306509"},{"taxonomy":"post_tag","embeddable":true,"href":"https:\/\/www.europesays.com\/it\/wp-json\/wp\/v2\/tags?post=306509"}],"curies":[{"name":"wp","href":"https:\/\/api.w.org\/{rel}","templated":true}]}}