{"id":30676,"date":"2025-08-06T01:00:12","date_gmt":"2025-08-06T01:00:12","guid":{"rendered":"https:\/\/www.europesays.com\/it\/30676\/"},"modified":"2025-08-06T01:00:12","modified_gmt":"2025-08-06T01:00:12","slug":"milan-jashari-e-atterrato-il-programma-tra-visite-e-firma","status":"publish","type":"post","link":"https:\/\/www.europesays.com\/it\/30676\/","title":{"rendered":"Milan, Jashari \u00e8 atterrato: il programma tra visite\u00a0e\u00a0firma"},"content":{"rendered":"<p>Ardon Jashari \u00e8 atterrato all&#8217;aeroporto di Linate, a Milano dove mercoled\u00ec svolger\u00e0 le visite mediche prima di diventare ufficialmente un nuovo giocatore del Milan.<\/p>\n<p><strong>Ardon Jashari \u00e8 arrivato a Milano<\/strong>. Il nuovo futuro centrocampista del <strong>Milan<\/strong> \u00e8 atterrato poco prima delle <strong>23:00 <\/strong><strong>a Linate <\/strong>ed \u00e8 pronto ad approdare alla corte di <strong>Massimiliano Allegri <\/strong>al termine di una lunghissima trattativa che, tra il pomeriggio di ieri e la mattinata di oggi, ha portato all&#8217;accordo finale tra i rossoneri e il Bruges.<\/p>\n<p>Lo svizzero, che ha sempre e solo voluto il Milan, non ha perso tempo, raggiungendo subito la citt\u00e0, dove <strong>alle 9<\/strong><strong> di mercoled\u00ec svolger\u00e0 le visite mediche<\/strong> per poi diventare ufficialmente un nuovo giocatore dei rossoneri.<\/p>\n","protected":false},"excerpt":{"rendered":"Ardon Jashari \u00e8 atterrato all&#8217;aeroporto di Linate, a Milano dove mercoled\u00ec svolger\u00e0 le visite mediche prima di diventare&hellip;\n","protected":false},"author":3,"featured_media":30677,"comment_status":"","ping_status":"","sticky":false,"template":"","format":"standard","meta":{"footnotes":"","_share_on_mastodon":"0"},"categories":[6],"tags":[8780,1744,353,24220,24221,14,8,1537,90,89,7,15,82,9,83,10,13,355,11,80,84,12,81,85],"class_list":["post-30676","post","type-post","status-publish","format-standard","has-post-thumbnail","category-ultime-notizie","tag-a-jashari","tag-ac-milan","tag-calciomercato","tag-club-bruges","tag-club-brugge","tag-cronaca","tag-headlines","tag-it","tag-italia","tag-italy","tag-news","tag-notizie","tag-notizie-di-cronaca","tag-notizie-principali","tag-notiziedicronaca","tag-notizieprincipali","tag-titoli","tag-transfers","tag-ultime-notizie","tag-ultime-notizie-di-cronaca","tag-ultime-notizie-e-news-di-oggi","tag-ultimenotizie","tag-ultimenotiziedicronaca","tag-ultimenotizieenewsdioggi"],"share_on_mastodon":{"url":"","error":""},"_links":{"self":[{"href":"https:\/\/www.europesays.com\/it\/wp-json\/wp\/v2\/posts\/30676","targetHints":{"allow":["GET"]}}],"collection":[{"href":"https:\/\/www.europesays.com\/it\/wp-json\/wp\/v2\/posts"}],"about":[{"href":"https:\/\/www.europesays.com\/it\/wp-json\/wp\/v2\/types\/post"}],"author":[{"embeddable":true,"href":"https:\/\/www.europesays.com\/it\/wp-json\/wp\/v2\/users\/3"}],"replies":[{"embeddable":true,"href":"https:\/\/www.europesays.com\/it\/wp-json\/wp\/v2\/comments?post=30676"}],"version-history":[{"count":0,"href":"https:\/\/www.europesays.com\/it\/wp-json\/wp\/v2\/posts\/30676\/revisions"}],"wp:featuredmedia":[{"embeddable":true,"href":"https:\/\/www.europesays.com\/it\/wp-json\/wp\/v2\/media\/30677"}],"wp:attachment":[{"href":"https:\/\/www.europesays.com\/it\/wp-json\/wp\/v2\/media?parent=30676"}],"wp:term":[{"taxonomy":"category","embeddable":true,"href":"https:\/\/www.europesays.com\/it\/wp-json\/wp\/v2\/categories?post=30676"},{"taxonomy":"post_tag","embeddable":true,"href":"https:\/\/www.europesays.com\/it\/wp-json\/wp\/v2\/tags?post=30676"}],"curies":[{"name":"wp","href":"https:\/\/api.w.org\/{rel}","templated":true}]}}