{"id":306968,"date":"2026-01-15T07:51:10","date_gmt":"2026-01-15T07:51:10","guid":{"rendered":"https:\/\/www.europesays.com\/it\/306968\/"},"modified":"2026-01-15T07:51:10","modified_gmt":"2026-01-15T07:51:10","slug":"australian-open-2026-il-tabellone-sinner-e-musetti-nella-parte-bassa","status":"publish","type":"post","link":"https:\/\/www.europesays.com\/it\/306968\/","title":{"rendered":"Australian Open 2026, il tabellone: Sinner e Musetti nella parte bassa"},"content":{"rendered":"<p>Inizier\u00e0 contro Hugo Gaston la difesa del titolo di Jannik <strong>Sinner <\/strong>agli <strong>Australian Open.<\/strong> \u00c8 questo l&#8217;esito del sorteggio del primo Slam dell&#8217;anno, che vedeva il tennista azzurro testa di serie numero 2. Un cammino che nasconde qualche insidia per Sinner che al 3\u00b0 turno potrebbe incrociare Joao Fonseca, nei quarti uno tra Shelton e Ruud e in semifinale uno tra Djokovic e <strong>Musetti<\/strong>. Il carrarino, che all&#8217;esordio sfider\u00e0 il belga Collignon, \u00e8 inserito nella parte bassa del tabellone, nel quarto di Nole. Anche per lui un potenziale cammino insidioso gi\u00e0 dal secondo turno, con il possibile derby contro Lorenzo <strong>Sonego <\/strong>(che al 1\u00b0 turno giocher\u00e0 con lo spagnolo Taberner). Dal suo lato anche Stefanos Tsitsipas e Taylor Fritz. Sar\u00e0 un primo turno spettacolare, invece, per Matteo <strong>Berrettini <\/strong>che esordir\u00e0 contro il n. 6 del seeding Alex De Minaur. Il romano \u00e8 nel primo quarto di tabellone, quello di Carlos Alcaraz che all&#8217;esordio trover\u00e0 l&#8217;australiano Walton. <strong>In totale sono 10 gli azzurri in tabellone<\/strong>: gli altri primi turni sono Cobolli-Fery, Darderi-Garin, Arnaldi-Rublev, Bellucci-Ruud, Nardi-Wu e Maestrelli-Atmane.<\/p>\n<p>\t\t\t<a class=\"c-inline-card j-inline-card c-inline-card--with-image\" href=\"https:\/\/sport.sky.it\/tennis\/sinner-australian-open-2026-tabellone-avversari\" rel=\"follow nofollow noopener\" data-intcmp=\"skysport_articolo_approfondimenti_inline\" target=\"_blank\"><\/p>\n<p>\t\t\t         <img decoding=\"async\" crossorigin=\"anonymous\" alt=\"\" src=\"https:\/\/www.europesays.com\/it\/wp-content\/uploads\/2026\/01\/1768463470_545_sinner_musetti_ipa.jpg\"  loading=\"lazy\"  bad-src=\"https:\/\/www.europesays.com\/it\/wp-content\/uploads\/2026\/01\/1768463470_545_sinner_musetti_ipa.jpg\"\/><\/p>\n<p>\n\t\t\t         Leggi anche<br \/>\n\t\t\t         Aus Open, il potenziale cammino di Sinner\n\t\t\t      <\/p>\n<p>\t\t\t<\/a><\/p>\n<p>\t\t\tFemminile: Paolini nl quarto di Sabalenka<\/p>\n<p>Al femminile riflettori puntati su Jasmine <strong>Paolini <\/strong>che inizier\u00e0 il suo cammino contro una qualificata. La toscana, testa di serie numero 7 del tabellone, \u00e8 stata inserita nella parte alta e potrebbe incrociare la n. 1 al mondo Aryna Sabalenka nei quarti di finale. Le altre teste di serie nel lato di Paolini sono l&#8217;americana Iva Jovic (potenziale rivale al 3\u00b0 turno), l&#8217;ucraina Marta Kostyuk e la russa Ekaterina Alexandrova (che potrebbe incrociare negli ottavi).\u00a0Elisabetta <strong>Cocciaretto<\/strong>, invece, debutter\u00e0 contro l&#8217;austriaca Julia Grabher: per lei potenziale terzo turno contro Iga Swiatek.\u00a0<\/p>\n","protected":false},"excerpt":{"rendered":"Inizier\u00e0 contro Hugo Gaston la difesa del titolo di Jannik Sinner agli Australian Open. \u00c8 questo l&#8217;esito del&hellip;\n","protected":false},"author":3,"featured_media":306969,"comment_status":"","ping_status":"","sticky":false,"template":"","format":"standard","meta":{"footnotes":""},"categories":[1457],"tags":[14176,7340,1537,90,89,1717,13617,1863,6960,26482,7343,6961,3050,245,244,1273],"class_list":{"0":"post-306968","1":"post","2":"type-post","3":"status-publish","4":"format-standard","5":"has-post-thumbnail","7":"category-tennis","8":"tag-australian-open","9":"tag-flavio-cobolli","10":"tag-it","11":"tag-italia","12":"tag-italy","13":"tag-jannik-sinner","14":"tag-jasmine-paolini","15":"tag-lorenzo-musetti","16":"tag-lorenzo-sonego","17":"tag-luca-nardi","18":"tag-luciano-darderi","19":"tag-matteo-arnaldi","20":"tag-matteo-berrettini","21":"tag-sport","22":"tag-sports","23":"tag-tennis"},"share_on_mastodon":{"url":"https:\/\/pubeurope.com\/@it\/115898029398098417","error":""},"_links":{"self":[{"href":"https:\/\/www.europesays.com\/it\/wp-json\/wp\/v2\/posts\/306968","targetHints":{"allow":["GET"]}}],"collection":[{"href":"https:\/\/www.europesays.com\/it\/wp-json\/wp\/v2\/posts"}],"about":[{"href":"https:\/\/www.europesays.com\/it\/wp-json\/wp\/v2\/types\/post"}],"author":[{"embeddable":true,"href":"https:\/\/www.europesays.com\/it\/wp-json\/wp\/v2\/users\/3"}],"replies":[{"embeddable":true,"href":"https:\/\/www.europesays.com\/it\/wp-json\/wp\/v2\/comments?post=306968"}],"version-history":[{"count":0,"href":"https:\/\/www.europesays.com\/it\/wp-json\/wp\/v2\/posts\/306968\/revisions"}],"wp:featuredmedia":[{"embeddable":true,"href":"https:\/\/www.europesays.com\/it\/wp-json\/wp\/v2\/media\/306969"}],"wp:attachment":[{"href":"https:\/\/www.europesays.com\/it\/wp-json\/wp\/v2\/media?parent=306968"}],"wp:term":[{"taxonomy":"category","embeddable":true,"href":"https:\/\/www.europesays.com\/it\/wp-json\/wp\/v2\/categories?post=306968"},{"taxonomy":"post_tag","embeddable":true,"href":"https:\/\/www.europesays.com\/it\/wp-json\/wp\/v2\/tags?post=306968"}],"curies":[{"name":"wp","href":"https:\/\/api.w.org\/{rel}","templated":true}]}}