{"id":307001,"date":"2026-01-15T08:23:11","date_gmt":"2026-01-15T08:23:11","guid":{"rendered":"https:\/\/www.europesays.com\/it\/307001\/"},"modified":"2026-01-15T08:23:11","modified_gmt":"2026-01-15T08:23:11","slug":"chivu-dopo-inter-lecce-pio-ed-io-cresciuti-insieme-che-orgoglio","status":"publish","type":"post","link":"https:\/\/www.europesays.com\/it\/307001\/","title":{"rendered":"Chivu dopo Inter-Lecce: &#8220;Pio ed io cresciuti insieme, che orgoglio&#8221;"},"content":{"rendered":"<p>                                Il tecnico nerazzurro si gode i tre punti pesantissimi ottenuti contro il Lecce: &#8220;Era pi\u00f9 probabile perdere che vincere, i ragazzi hanno fatto di tutto e se lo meritano&#8221;<\/p>\n<p>            <a class=\"image is-50x50\" href=\"https:\/\/www.gazzetta.it\/redazione\/gregorio-spigno\/\" rel=\"nofollow noopener\" target=\"_blank\"><br \/>\n                <img decoding=\"async\" class=\"is-rounded\" src=\"https:\/\/www.europesays.com\/it\/wp-content\/uploads\/2025\/11\/gregorio_spigno_avatar.png\" alt=\"Gregorio Spigno\"\/><br \/>\n            <\/a><\/p>\n<p>Giornalista<\/p>\n<p>                    14 gennaio 2026 (modifica il 15 gennaio 2026 | 08:52)  &#8211; MILANO<\/p>\n<p class=\"paragraph\" spellcheck=\"true\">Quanto pesavano i 3 punti di questa sera ottenuti contro il Lecce? Tanto, troppo. Per una lunga lista di motivi: ripartire dopo il parziale stop di San Siro contro il Napoli, approfittare della frenata proprio della squadra di Conte nel recupero contro il Parma, ma soprattutto lanciarsi in classifica a +6 sugli azzurri e momentaneamente sul Milan impegnato domani a Como. Cristian Chivu era ben consapevole del peso specifico di una vittoria, e infatti nel momento in cui Pio Esposito ha infilato Falcone si \u00e8 lasciato andare in una delle sue sfrenate esultanze, con tanto di abbraccio sentitissimo con il suo attaccante.\u00a0<\/p>\n<p class=\"paragraph\" spellcheck=\"true\">&#8220;Lo conosco da 7 anni, siamo cresciuti insieme. Conosco anche le sue tasche, la sua famiglia, la sua ambizione e il suo percorso &#8211; racconta il tecnico nerazzurro -. Da sotto et\u00e0 mi ha fatto da capitano in Primavera: sono davvero felice per lui, perch\u00e9 la partita di questa sera \u00e8 stata davvero complicata. Sapevo sarebbe stata difficile perch\u00e9 quando spendi tanto in una partita come quella contro il Napoli ti mancano le energie. Le ho vissute anche io da calciatore e mi prendo l&#8217;atteggiamento di questa squadra che nonostante le difficolt\u00e0 nel trovare gioco e lucidit\u00e0 ci ha creduto fino in fondo, lasciando sul campo anima e cuore. Era pi\u00f9 probabile perdere che vincere, i ragazzi hanno fatto di tutto e se lo meritano&#8221;.<\/p>\n<p>    novit\u00e0\u2014 \u00a0<\/p>\n<p class=\"paragraph\" spellcheck=\"true\">L&#8217;allenatore dell&#8217;Inter poi si sofferma sulla sua scelta di concedere alla squadra un giorno di riposo: &#8220;Non devo giustificare le mie scelte, alleno per quello che vedo. A volte prendo decisioni che possono sembrare strane, ma ci vuole coraggio per fare scelte che possono pagare o meno&#8221;. E sul distacco: &#8220;Mi \u00e8 capitato di vincere il titolo di campione d&#8217;inverno, ma quello che conta \u00e8 arrivare in testa a maggio, perch\u00e9 sar\u00e0 una battaglia punto a punto fino alla fine. Ritiri? Io non devo allenare la mia coscienza, mi fido dei miei giocatori e sono orgoglioso del loro modo di lavorare anche nelle difficolt\u00e0&#8221;.<\/p>\n<p class=\"is-copyright\">\u00a9 RIPRODUZIONE RISERVATA<\/p>\n","protected":false},"excerpt":{"rendered":"Il tecnico nerazzurro si gode i tre punti pesantissimi ottenuti contro il Lecce: &#8220;Era pi\u00f9 probabile perdere che&hellip;\n","protected":false},"author":3,"featured_media":307002,"comment_status":"","ping_status":"","sticky":false,"template":"","format":"standard","meta":{"footnotes":""},"categories":[1452],"tags":[721,2839,30498,4023,49642,1278,1891,5376,1740,47321,180287,1537,90,89,6296,69873,248,8392,31301,180288,1290,8013,180289,180290,1739,245,244,1857,4968],"class_list":{"0":"post-307001","1":"post","2":"type-post","3":"status-publish","4":"format-standard","5":"has-post-thumbnail","7":"category-calcio","8":"tag-calcio","9":"tag-chivu","10":"tag-conosco","11":"tag-conta","12":"tag-cresciuti","13":"tag-davvero","14":"tag-devo","15":"tag-difficolta","16":"tag-football","17":"tag-inverno","18":"tag-inverno-conta","19":"tag-it","20":"tag-italia","21":"tag-italy","22":"tag-lecce","23":"tag-meritano","24":"tag-napoli","25":"tag-nerazzurro","26":"tag-ottenuti","27":"tag-ottenuti-lecce","28":"tag-partita","29":"tag-perdere","30":"tag-perdere-vincere","31":"tag-perdere-vincere-ragazzi","32":"tag-soccer","33":"tag-sport","34":"tag-sports","35":"tag-squadra","36":"tag-vincere"},"share_on_mastodon":{"url":"https:\/\/pubeurope.com\/@it\/115898155309078587","error":""},"_links":{"self":[{"href":"https:\/\/www.europesays.com\/it\/wp-json\/wp\/v2\/posts\/307001","targetHints":{"allow":["GET"]}}],"collection":[{"href":"https:\/\/www.europesays.com\/it\/wp-json\/wp\/v2\/posts"}],"about":[{"href":"https:\/\/www.europesays.com\/it\/wp-json\/wp\/v2\/types\/post"}],"author":[{"embeddable":true,"href":"https:\/\/www.europesays.com\/it\/wp-json\/wp\/v2\/users\/3"}],"replies":[{"embeddable":true,"href":"https:\/\/www.europesays.com\/it\/wp-json\/wp\/v2\/comments?post=307001"}],"version-history":[{"count":0,"href":"https:\/\/www.europesays.com\/it\/wp-json\/wp\/v2\/posts\/307001\/revisions"}],"wp:featuredmedia":[{"embeddable":true,"href":"https:\/\/www.europesays.com\/it\/wp-json\/wp\/v2\/media\/307002"}],"wp:attachment":[{"href":"https:\/\/www.europesays.com\/it\/wp-json\/wp\/v2\/media?parent=307001"}],"wp:term":[{"taxonomy":"category","embeddable":true,"href":"https:\/\/www.europesays.com\/it\/wp-json\/wp\/v2\/categories?post=307001"},{"taxonomy":"post_tag","embeddable":true,"href":"https:\/\/www.europesays.com\/it\/wp-json\/wp\/v2\/tags?post=307001"}],"curies":[{"name":"wp","href":"https:\/\/api.w.org\/{rel}","templated":true}]}}