{"id":307253,"date":"2026-01-15T11:55:11","date_gmt":"2026-01-15T11:55:11","guid":{"rendered":"https:\/\/www.europesays.com\/it\/307253\/"},"modified":"2026-01-15T11:55:11","modified_gmt":"2026-01-15T11:55:11","slug":"campionati-australiani-vine-ecco-perche-ho-tirato-tutto-il-gruppo-e-poi-sono-rientrato-in-hotel","status":"publish","type":"post","link":"https:\/\/www.europesays.com\/it\/307253\/","title":{"rendered":"Campionati australiani, Vine: \u00abEcco perch\u00e9 ho tirato tutto il gruppo e poi sono rientrato in hotel\u00bb"},"content":{"rendered":"<p><a href=\"https:\/\/www.quibicisport.it\/wp-content\/uploads\/2025\/09\/Tour-of-Oman-2025-20.jpg\" data-caption=\"Jay Vine \u00e8 alla sua quarta stagione con la UAE (foto: A.S.O.\/Oman Cycling Association\/Thomas Maheux).\" rel=\"nofollow noopener\" target=\"_blank\"><img loading=\"lazy\" decoding=\"async\" data-lazyloaded=\"1\" width=\"696\" height=\"398\" class=\"entry-thumb td-modal-image\" src=\"https:\/\/www.europesays.com\/it\/wp-content\/uploads\/2026\/01\/Tour-of-Oman-2025-20-696x398.jpg\"  data- alt=\"Vine\" title=\"Tour of Oman 2025 - 2\u00aa tappa\"\/><\/a>Jay Vine \u00e8 alla sua quarta stagione con la UAE (foto: A.S.O.\/Oman Cycling Association\/Thomas Maheux).<br \/>\nTempo di lettura:   2 minuti<\/p>\n<p>Dopo la conquista del titolo a cronometro, <strong>Jay Vine<\/strong> era tra i grandi favoriti per la prova in linea del campionato australiano, ma il corridore della <strong>UAE Team Emirates-XRG<\/strong> si \u00e8 ritrovato ben presto <strong>tagliato fuori dalla lotta per la vittoria<\/strong>, con la Jayco AlUla che ha sfruttato la sua superiorit\u00e0 numerica (senza per\u00f2, alla fine, riuscire a vincere). Prima di ritirarsi, per\u00f2, il 30enne per diversi minuti <strong>ha tirato il gruppo di inseguitori<\/strong>, che non comprendeva ovviamente nessun compagno di squadra (Jay \u00e8 l\u2019unico australiano della UAE). A spiegare il perch\u00e9 di questa <strong>strana condotta di gara <\/strong>\u00e8 stato lo stesso Vine, con un post pubblicato su Instagram.<\/p>\n<p>\u00abDopo che \u00e8 diventato chiaro che sarei stato tagliato fuori dalla corsa \u2013 ha scritto <strong>Vine<\/strong> \u2013 abbiamo provato a rientrare facendo il ponte tra i due gruppi; purtroppo c\u2019erano ancora corridori forti che si rifiutavano di tirare e stavano a ruota, per cui le azioni nascevano e si interrompevano in continuazione: siamo andati avanti cos\u00ec per circa trenta minuti. Ho pensato allora che non volevo semplicemente viaggiare cinque minuti dietro ai primi tanto per partecipare; cos\u00ec ho deciso di \u201clanciare una granata\u201d nella corsa e dimostrare che negli anni futuri non sar\u00f2 l\u00ec solo a fare numero cercando di arrivare al traguardo. Se non volete lavorare con me, o nemmeno lasciarmi correre, allora sar\u00f2 io a portare la corsa da voi, anche se questo significa che non otterr\u00f2 un risultato. Ho fatto un buon blocco di in testa al gruppo e poi sono rientrato in hotel\u00bb.<\/p>\n<p>\u00abQuesta \u00e8 una corsa che rispetto davvero molto e che mi piacerebbe tantissimo vincere un giorno in futuro. Detto questo, una corsa \u201cstrozzata\u201d (cio\u00e8 bloccata tatticamente, ndr) \u00e8 terribile da vedere per gli spettatori e per tutti i corridori coinvolti, che hanno viaggiato lontano e si sono allenati duramente solo per schierarsi sulla linea di partenza: ci sono passato anch\u2019io da dilettante. Quindi, per chi si chiede perch\u00e9 abbia messo da parte la mia gara e tirato per il gruppo, ecco il motivo\u00bb.<\/p>\n<p>Ritroveremo Vine tra pochi giorni al via del <strong>Tour Down Under<\/strong>, una corsa che l\u2019australiano ha vinto nel 2023.<\/p>\n","protected":false},"excerpt":{"rendered":"Jay Vine \u00e8 alla sua quarta stagione con la UAE (foto: A.S.O.\/Oman Cycling Association\/Thomas Maheux). Tempo di lettura:&hellip;\n","protected":false},"author":3,"featured_media":307254,"comment_status":"","ping_status":"","sticky":false,"template":"","format":"standard","meta":{"footnotes":"","_share_on_mastodon":"0"},"categories":[1456],"tags":[1824,1825,1537,90,89,245,244,56294],"class_list":["post-307253","post","type-post","status-publish","format-standard","has-post-thumbnail","category-ciclismo","tag-ciclismo","tag-cycling","tag-it","tag-italia","tag-italy","tag-sport","tag-sports","tag-vine"],"share_on_mastodon":{"url":"https:\/\/pubeurope.com\/@it\/115898988806785173","error":""},"_links":{"self":[{"href":"https:\/\/www.europesays.com\/it\/wp-json\/wp\/v2\/posts\/307253","targetHints":{"allow":["GET"]}}],"collection":[{"href":"https:\/\/www.europesays.com\/it\/wp-json\/wp\/v2\/posts"}],"about":[{"href":"https:\/\/www.europesays.com\/it\/wp-json\/wp\/v2\/types\/post"}],"author":[{"embeddable":true,"href":"https:\/\/www.europesays.com\/it\/wp-json\/wp\/v2\/users\/3"}],"replies":[{"embeddable":true,"href":"https:\/\/www.europesays.com\/it\/wp-json\/wp\/v2\/comments?post=307253"}],"version-history":[{"count":0,"href":"https:\/\/www.europesays.com\/it\/wp-json\/wp\/v2\/posts\/307253\/revisions"}],"wp:featuredmedia":[{"embeddable":true,"href":"https:\/\/www.europesays.com\/it\/wp-json\/wp\/v2\/media\/307254"}],"wp:attachment":[{"href":"https:\/\/www.europesays.com\/it\/wp-json\/wp\/v2\/media?parent=307253"}],"wp:term":[{"taxonomy":"category","embeddable":true,"href":"https:\/\/www.europesays.com\/it\/wp-json\/wp\/v2\/categories?post=307253"},{"taxonomy":"post_tag","embeddable":true,"href":"https:\/\/www.europesays.com\/it\/wp-json\/wp\/v2\/tags?post=307253"}],"curies":[{"name":"wp","href":"https:\/\/api.w.org\/{rel}","templated":true}]}}