{"id":307504,"date":"2026-01-15T15:31:11","date_gmt":"2026-01-15T15:31:11","guid":{"rendered":"https:\/\/www.europesays.com\/it\/307504\/"},"modified":"2026-01-15T15:31:11","modified_gmt":"2026-01-15T15:31:11","slug":"il-tour-de-lavenir-cambia-formula-e-apre-a-10-formazioni-devo","status":"publish","type":"post","link":"https:\/\/www.europesays.com\/it\/307504\/","title":{"rendered":"IL TOUR DE L&#8217;AVENIR CAMBIA FORMULA E APRE A 10 FORMAZIONI DEVO"},"content":{"rendered":"<p>            <a class=\"category\" href=\"https:\/\/www.tuttobiciweb.it\/articles\/category\/EVENTI\" itemprop=\"about\" rel=\"nofollow noopener\" target=\"_blank\">EVENTI<\/a> | 15\/01\/2026 | 15:38<br \/>\n            <a class=\"author\" href=\"https:\/\/www.tuttobiciweb.it\/articles\/author\/Aldo%20Peinetti\" rel=\"nofollow noopener\" target=\"_blank\">di Aldo Peinetti<\/a><\/p>\n<p><strong>Importante novit\u00e0 per quanto riguarda la corsa a tappe che ha rivelato al grande pubblico Tadej Pogacar<\/strong> e che lo scorso anno \u00e8 stata vinta da<strong> Paul Seixas<\/strong>, ben di pi\u00f9 che semplice astro nascente del pedale transalpino. <strong>Parliamo del Tour de l\u2019Avenir.<\/strong> Disputata dal 2007 da squadre nazionali, la manifestazione si <strong>aprir\u00e0 alle squadre professionistiche di sviluppo<\/strong>.\n            <\/p>\n<p><strong>A-Velo, organizzatore dell&#8217;evento, ha chiesto ufficialmente all&#8217;Unione Ciclistica Internazionale (UCI) di iscrivere la prova nella classe 2.2U del calendario internazionale e<\/strong> questo dall&#8217;edizione 2026 che si svolger\u00e0 dal 19 al 27 agosto.\n            <\/p>\n<p>\u00abQuesta evoluzione delle regole di partecipazione al Tour del&#8217;Avenir <strong>si iscrive pienamente nella realt\u00e0 dell&#8217;attuale ciclismo di alto livello che ha visto<\/strong>, in seguito alla riforma del ciclismo professionistico avviata dall\u2019UCI. <strong>Le squadre investono progressivamente nell&#8217;accoglienza e nella formazione dei (molto) giovani corridori creando gruppi di sviluppo<\/strong>, veri e propri incubatori dell&#8217;ecosistema UCI WorldTour\u00bb precisa l&#8217;organizzazione.<\/p>\n<p>Il Tour del&#8217;Avenir conferma cos\u00ec la sua vocazione di fucina di talenti su scala mondiale, che si muovano all&#8217;interno di una squadra nazionale o di un team professionale. <strong>Prevista la partecipazione di10 squadre di sviluppo<\/strong>, ovvero Team Bahrain Victorious Development Team, Development Team Picnic PostNL, EF Pro Cycling Aevolo, INEOS Grenadiers Racing Academy, Lidl-Trek Future Racing, Red Bull-BORA-hansgrohe Rookies, Soudal Quick-Step Pro Cycling Team Devo Team, Tudor Pro Cycling Team U23, Team Visma | Lease a Bike Development Team, UAE Team Emirates Gen-Z.<\/p>\n<p><strong>Tutti sodalizi che hanno gi\u00e0 confermato la loro partecipazione alla gara.<\/strong> Il percorso dell&#8217;edizione 2026, di sicuro esigente e selettivo come vuole la tradizione, sar\u00e0 svelato nei prossimi mesi, cos\u00ec come la lista delle squadre nazionali che parteciperanno all&#8217;evento. Il Tour del&#8217;Avenir \u00e8 organizzato da A-Velo con il sostegno del Tour de France.<\/p>\n<p>\n    <a href=\"https:\/\/www.tuttobiciweb.it\/article\/2026\/01\/15\/1768488186\/cycling-tour-de-l-avenir-youth-teams-uci-development?lang=en\" rel=\"nofollow noopener\" target=\"_blank\"><img decoding=\"async\" src=\"https:\/\/www.europesays.com\/it\/wp-content\/uploads\/2025\/12\/enver.png\"\/><\/a><\/p>\n<p>Copyright &amp;copy TBW<\/p>\n","protected":false},"excerpt":{"rendered":"EVENTI | 15\/01\/2026 | 15:38 di Aldo Peinetti Importante novit\u00e0 per quanto riguarda la corsa a tappe che&hellip;\n","protected":false},"author":3,"featured_media":307505,"comment_status":"","ping_status":"","sticky":false,"template":"","format":"standard","meta":{"footnotes":""},"categories":[1456],"tags":[1824,1825,1537,90,89,245,244,180742,3002,34420,3148],"class_list":{"0":"post-307504","1":"post","2":"type-post","3":"status-publish","4":"format-standard","5":"has-post-thumbnail","7":"category-ciclismo","8":"tag-ciclismo","9":"tag-cycling","10":"tag-it","11":"tag-italia","12":"tag-italy","13":"tag-sport","14":"tag-sports","15":"tag-squadre-giovani","16":"tag-sviluppo","17":"tag-tour-de-lavenir","18":"tag-uci"},"share_on_mastodon":{"url":"https:\/\/pubeurope.com\/@it\/115899838154250741","error":""},"_links":{"self":[{"href":"https:\/\/www.europesays.com\/it\/wp-json\/wp\/v2\/posts\/307504","targetHints":{"allow":["GET"]}}],"collection":[{"href":"https:\/\/www.europesays.com\/it\/wp-json\/wp\/v2\/posts"}],"about":[{"href":"https:\/\/www.europesays.com\/it\/wp-json\/wp\/v2\/types\/post"}],"author":[{"embeddable":true,"href":"https:\/\/www.europesays.com\/it\/wp-json\/wp\/v2\/users\/3"}],"replies":[{"embeddable":true,"href":"https:\/\/www.europesays.com\/it\/wp-json\/wp\/v2\/comments?post=307504"}],"version-history":[{"count":0,"href":"https:\/\/www.europesays.com\/it\/wp-json\/wp\/v2\/posts\/307504\/revisions"}],"wp:featuredmedia":[{"embeddable":true,"href":"https:\/\/www.europesays.com\/it\/wp-json\/wp\/v2\/media\/307505"}],"wp:attachment":[{"href":"https:\/\/www.europesays.com\/it\/wp-json\/wp\/v2\/media?parent=307504"}],"wp:term":[{"taxonomy":"category","embeddable":true,"href":"https:\/\/www.europesays.com\/it\/wp-json\/wp\/v2\/categories?post=307504"},{"taxonomy":"post_tag","embeddable":true,"href":"https:\/\/www.europesays.com\/it\/wp-json\/wp\/v2\/tags?post=307504"}],"curies":[{"name":"wp","href":"https:\/\/api.w.org\/{rel}","templated":true}]}}