{"id":308704,"date":"2026-01-16T09:41:15","date_gmt":"2026-01-16T09:41:15","guid":{"rendered":"https:\/\/www.europesays.com\/it\/308704\/"},"modified":"2026-01-16T09:41:15","modified_gmt":"2026-01-16T09:41:15","slug":"cosmo-dieci-anni-dopo-lultima-festa-ciao-non-e-la-fine-ma-un-nuovo-inizio","status":"publish","type":"post","link":"https:\/\/www.europesays.com\/it\/308704\/","title":{"rendered":"Cosmo, dieci anni dopo \u201cL\u2019ultima festa\u201d: \u201cCiao\u201d non \u00e8 la fine ma un nuovo inizio"},"content":{"rendered":"<p data-start=\"101\" data-end=\"689\">Dieci anni possono essere una celebrazione, una resa o un punto di svolta. <strong data-start=\"176\" data-end=\"185\">Cosmo<\/strong> ha scelto la terza strada. Nel 2026, a distanza di un decennio da \u201cL\u2019ultima festa\u201d, l\u2019album che ne ha cambiato definitivamente il destino artistico, <strong data-start=\"337\" data-end=\"361\">Marco Jacopo Bianchi<\/strong> torna a parlare al suo pubblico con poche parole, essenziali, ma cariche di senso: \u00ab\u00c8 cambiato tutto o forse non \u00e8 cambiato niente. Non lo so\u00bb. Dentro quella sospensione c\u2019\u00e8 tutta la sua poetica. Nessuna verit\u00e0 calata dall\u2019alto, nessuna nostalgia compiaciuta. Solo il tempo che passa e una musica che continua a interrogarsi.<\/p>\n<p data-start=\"101\" data-end=\"689\">\n<p data-start=\"691\" data-end=\"1245\">\u201cL\u2019ultima festa\u201d, uscito nel 2016, non era un titolo casuale. Doveva essere davvero l\u2019ultimo disco di <strong data-start=\"795\" data-end=\"804\">Cosmo<\/strong>, se il progetto non fosse riuscito a superare la dimensione di culto che aveva accompagnato \u201cDisordine\u201d. Invece accadde l\u2019opposto. Quel lavoro divenne una frattura netta nella scena italiana: elettronica, canzone d\u2019autore, dance e scrittura intima fuse in un linguaggio nuovo, capace di parlare ai club come ai festival, al corpo e alla testa. Da l\u00ec in avanti <strong data-start=\"1167\" data-end=\"1176\">Cosmo<\/strong> non \u00e8 stato solo un artista di successo, ma un punto di riferimento.<\/p>\n<p data-start=\"1247\" data-end=\"1850\">La sua storia, per\u00f2, parte molto prima. Nato a <strong data-start=\"1294\" data-end=\"1303\">Ivrea<\/strong> nel 1982, <strong data-start=\"1314\" data-end=\"1325\">Bianchi<\/strong> cresce musicalmente con i <strong data-start=\"1352\" data-end=\"1367\">Drink to Me<\/strong>, band post-rock ed elettronica con cui attraversa oltre dieci anni di scena indipendente, tra dischi, tour internazionali e una solida reputazione critica. Quando decide di intraprendere la strada solista non lo fa per semplificare, ma per complicare ulteriormente il proprio percorso. \u201cDisordine\u201d nel 2013 \u00e8 un esordio spiazzante: cantato in italiano, prodotto in autonomia, lontano da qualsiasi formula radiofonica. Vince premi, convince la critica, ma resta un oggetto anomalo.<\/p>\n<p data-start=\"1852\" data-end=\"2268\">Con \u201cL\u2019ultima festa\u201d tutto cambia. <strong data-start=\"1889\" data-end=\"1898\">Cosmo<\/strong> trova una forma che tiene insieme pop e radicalit\u00e0, festa e inquietudine. Da l\u00ec arrivano \u201cCosmotronic\u201d, \u201cLa terza estate dell\u2019amore\u201d, fino a \u201cSulle ali del cavallo bianco\u201d. Dischi che non si limitano a seguire un\u2019evoluzione sonora, ma costruiscono un vero immaginario: musica come rito collettivo, il ballo come atto politico, il concerto come spazio di comunit\u00e0.<\/p>\n<p data-start=\"2270\" data-end=\"2824\">In questi anni <strong data-start=\"2285\" data-end=\"2294\">Cosmo<\/strong> non ha mai separato l\u2019arte dalla postura pubblica. Ha preso posizione contro il greenwashing sul palco di <strong data-start=\"2401\" data-end=\"2412\">Sanremo<\/strong>, ha collaborato con mondi musicali lontani, ha scelto di boicottare <strong data-start=\"2481\" data-end=\"2492\">Spotify<\/strong> per ragioni etiche, pubblicando brani solo su <strong data-start=\"2539\" data-end=\"2551\">Bandcamp<\/strong> e <strong data-start=\"2554\" data-end=\"2565\">YouTube<\/strong>, devolvendo i proventi a cause umanitarie. Non per provocazione, ma per coerenza. \u00abNon voglio che la mia musica finisca in circuiti che non condivido\u00bb, ha spiegato pi\u00f9 volte. Una scelta che comporta rinunce, ma che definisce chiaramente da che parte stare.<\/p>\n<blockquote class=\"instagram-media\" data-instgrm-captioned=\"\" data-instgrm-permalink=\"https:\/\/www.instagram.com\/p\/DTiGvFFDKM3\/?utm_source=ig_embed&amp;utm_campaign=loading\" data-instgrm-version=\"14\" style=\"background: #FFF; border: 0; border-radius: 3px; box-shadow: 0 0 1px 0 rgba(0,0,0,0.5),0 1px 10px 0 rgba(0,0,0,0.15); margin: 1px; max-width: 540px; min-width: 326px; padding: 0; width: calc(100% - 2px);\"><p>&#13;<br \/>\n&#13;\n<\/p><\/blockquote>\n<p data-start=\"2826\" data-end=\"3268\">Anche dal vivo, <strong data-start=\"2842\" data-end=\"2851\">Cosmo<\/strong> ha continuato a spostare i confini. Nei suoi concerti ha chiesto al pubblico di spegnere i cellulari, coprire le fotocamere, vivere il momento senza mediazioni. Non un ritorno nostalgico al passato, ma un gesto politico contro la distrazione permanente. Il risultato \u00e8 stato un\u2019esperienza immersiva, fisica, quasi tribale, che ha restituito alla musica il suo ruolo primario: quello di un incontro reale tra persone.<\/p>\n<p data-start=\"3270\" data-end=\"3758\">Ed \u00e8 proprio da qui che nasce il senso del ritorno annunciato per il 2026. Dieci anni dopo \u201cL\u2019ultima festa\u201d, <strong data-start=\"3381\" data-end=\"3390\">Cosmo<\/strong> non torna per celebrare se stesso, ma per rilanciare. Un nuovo disco, nuovi concerti e \u00abun\u2019idea un po\u2019 insolita\u00bb che, per ora, resta volutamente indefinita. Nessuna strategia di marketing tradizionale, nessun lungo silenzio costruito ad arte. Il primo tassello arriva subito: <strong data-start=\"3669\" data-end=\"3713\">mercoled\u00ec 21 gennaio alle 10 del mattino<\/strong> esce un nuovo brano. Il titolo \u00e8 <strong data-start=\"3747\" data-end=\"3757\">\u201cCiao\u201d<\/strong>.<\/p>\n<p data-start=\"3760\" data-end=\"4111\">Una parola semplice, quotidiana, che pu\u00f2 essere saluto o inizio. E in fondo <strong data-start=\"3836\" data-end=\"3845\">Cosmo<\/strong> ha sempre lavorato cos\u00ec: partire da ci\u00f2 che sembra minimo per aprire spazi enormi. La sua musica non promette risposte facili, ma continua a porre domande. Sul tempo che viviamo, su come stiamo insieme, su cosa significa oggi ballare, ascoltare, prendere posizione.<\/p>\n<p data-start=\"4113\" data-end=\"4308\" data-is-last-node=\"\" data-is-only-node=\"\">Dieci anni dopo, <strong data-start=\"4130\" data-end=\"4139\">Cosmo<\/strong> \u00e8 ancora qui. Non perch\u00e9 nulla sia cambiato, ma perch\u00e9 tutto continua a muoversi. E lui, come sempre, sceglie di muoversi insieme al futuro, senza chiedere il permesso.<\/p>\n<p>    <a href=\"https:\/\/www.giornalelavoce.it\/news\/attualita\/664347\/cosmo-manda-a-quel-paese-lindustria-musicale-e-con-pan-dan-pubblica-mi-manifesto-solo-su-bandcamp.html\" class=\"vc_cont_image\" rel=\"nofollow noopener\" target=\"_blank\"><img decoding=\"async\" class=\"vc_image\" src=\"https:\/\/www.giornalelavoce.it\/resizer\/150\/-1\/true\/2026_01_10\/Schermata_2026-01-10_alle_11.21.31-1768040541011_1768040560.png--cosmo_manda_a_quel_paese_l_industria_musicale_e_con_pan_dan_pubblica__mi_manifesto__solo_su_bandcamp_.png?1768040560962\"\/><\/a><\/p>\n<p>    <a href=\"https:\/\/www.giornalelavoce.it\/news\/attualita\/632854\/cosmo-volta-le-spalle-a-spotify-e-lancia-brucia-tutto-musica-e-militanza-contro-il-genocidio-a-gaza.html\" class=\"vc_cont_image\" rel=\"nofollow noopener\" target=\"_blank\"><img decoding=\"async\" class=\"vc_image\" src=\"https:\/\/www.giornalelavoce.it\/resizer\/150\/-1\/true\/2025_10_01\/FOTO_La_voce_Chivasso_%2826%29-1759317059524.jpg--cosmo_volta_le_spalle_a_spotify_e_lancia__brucia_tutto___musica_e_militanza_contro_il_genocidio_a_gaza.jpg?1759317059561\"\/><\/a><\/p>\n<p>    <a href=\"https:\/\/www.giornalelavoce.it\/video\/attualita\/633081\/gaza-cosmo-brucia-tutto.html\" class=\"vc_cont_image\" rel=\"nofollow noopener\" target=\"_blank\"><img decoding=\"async\" class=\"vc_image\" src=\"https:\/\/www.europesays.com\/it\/wp-content\/uploads\/2026\/01\/Schermata_2025-10-01_alle_22.39.55-1759351199107.png--.png\"\/><\/a><\/p>\n<p><script async src=\"\/\/www.instagram.com\/embed.js\"><\/script><\/p>\n","protected":false},"excerpt":{"rendered":"Dieci anni possono essere una celebrazione, una resa o un punto di svolta. Cosmo ha scelto la terza&hellip;\n","protected":false},"author":3,"featured_media":308705,"comment_status":"","ping_status":"","sticky":false,"template":"","format":"standard","meta":{"footnotes":"","_share_on_mastodon":"0"},"categories":[1443],"tags":[181409,128772,181408,55841,181406,203,204,1537,90,89,9112,181407,181405,1538,1539,9143,30024],"class_list":["post-308704","post","type-post","status-publish","format-standard","has-post-thumbnail","category-musica","tag-bandcamp","tag-cosmo","tag-cosmotronic","tag-disordine","tag-drink-to-me","tag-entertainment","tag-intrattenimento","tag-it","tag-italia","tag-italy","tag-ivrea","tag-lultima-festa","tag-marco-jacopo-bianchi","tag-music","tag-musica","tag-sanremo","tag-spotify"],"share_on_mastodon":{"url":"https:\/\/pubeurope.com\/@it\/115904124399094155","error":""},"_links":{"self":[{"href":"https:\/\/www.europesays.com\/it\/wp-json\/wp\/v2\/posts\/308704","targetHints":{"allow":["GET"]}}],"collection":[{"href":"https:\/\/www.europesays.com\/it\/wp-json\/wp\/v2\/posts"}],"about":[{"href":"https:\/\/www.europesays.com\/it\/wp-json\/wp\/v2\/types\/post"}],"author":[{"embeddable":true,"href":"https:\/\/www.europesays.com\/it\/wp-json\/wp\/v2\/users\/3"}],"replies":[{"embeddable":true,"href":"https:\/\/www.europesays.com\/it\/wp-json\/wp\/v2\/comments?post=308704"}],"version-history":[{"count":0,"href":"https:\/\/www.europesays.com\/it\/wp-json\/wp\/v2\/posts\/308704\/revisions"}],"wp:featuredmedia":[{"embeddable":true,"href":"https:\/\/www.europesays.com\/it\/wp-json\/wp\/v2\/media\/308705"}],"wp:attachment":[{"href":"https:\/\/www.europesays.com\/it\/wp-json\/wp\/v2\/media?parent=308704"}],"wp:term":[{"taxonomy":"category","embeddable":true,"href":"https:\/\/www.europesays.com\/it\/wp-json\/wp\/v2\/categories?post=308704"},{"taxonomy":"post_tag","embeddable":true,"href":"https:\/\/www.europesays.com\/it\/wp-json\/wp\/v2\/tags?post=308704"}],"curies":[{"name":"wp","href":"https:\/\/api.w.org\/{rel}","templated":true}]}}