{"id":308771,"date":"2026-01-16T10:37:09","date_gmt":"2026-01-16T10:37:09","guid":{"rendered":"https:\/\/www.europesays.com\/it\/308771\/"},"modified":"2026-01-16T10:37:09","modified_gmt":"2026-01-16T10:37:09","slug":"milan-modric-in-calo-maignan-da-blindare-e-cera-chi-non-voleva-rabiot","status":"publish","type":"post","link":"https:\/\/www.europesays.com\/it\/308771\/","title":{"rendered":"Milan, Modric in calo: Maignan da blindare e c&#8217;era chi non voleva Rabiot"},"content":{"rendered":"<p>Andrea Longoni16 gen 2026, 10:07<\/p>\n<p>Ultimi aggiornamenti: 16 gen 2026, 10:16<\/p>\n<p>Quella dei rossoneri a Como non \u00e8 la vittoria di Allegri contro Fabregas, ma dei due assi francesi.<\/p>\n<p><strong>Non \u00e8 la vittoria dei risultatisti contro i giochisti, non \u00e8 la vittoria di Allegri contro Fabregas: \u00e8 la vittoria dei campioni. Maignan e Rabiot<\/strong>, autori di una prova straordinaria, fenomenale.<\/p>\n<p>Il portiere che para l&#8217;impossibile e il centrocampista che si procura il rigore e realizza una splendida doppietta.<\/p>\n<p>Quando hai giocatori del genere \u00e8 tutto pi\u00f9 facile: questo dev&#8217;essere <strong>un segnale e un insegnamento anche per la prossima campagna acquisti estiva.<\/strong><\/p>\n","protected":false},"excerpt":{"rendered":"Andrea Longoni16 gen 2026, 10:07 Ultimi aggiornamenti: 16 gen 2026, 10:16 Quella dei rossoneri a Como non \u00e8&hellip;\n","protected":false},"author":3,"featured_media":308772,"comment_status":"","ping_status":"","sticky":false,"template":"","format":"standard","meta":{"footnotes":"","_share_on_mastodon":"0"},"categories":[176],"tags":[54678,1744,181428,181427,10908,1537,90,89,50484,24297,136626,553,92845,92846,10907,251,245,244],"class_list":["post-308771","post","type-post","status-publish","format-standard","has-post-thumbnail","category-sport","tag-a-rabiot","tag-ac-milan","tag-como-vs-ac-milan","tag-como-vs-milan","tag-features","tag-it","tag-italia","tag-italy","tag-l-modric","tag-m-allegri","tag-m-maignan","tag-milan","tag-milan-hello","tag-milanmania","tag-opinion","tag-serie-a","tag-sport","tag-sports"],"share_on_mastodon":{"url":"https:\/\/pubeurope.com\/@it\/115904344650469517","error":""},"_links":{"self":[{"href":"https:\/\/www.europesays.com\/it\/wp-json\/wp\/v2\/posts\/308771","targetHints":{"allow":["GET"]}}],"collection":[{"href":"https:\/\/www.europesays.com\/it\/wp-json\/wp\/v2\/posts"}],"about":[{"href":"https:\/\/www.europesays.com\/it\/wp-json\/wp\/v2\/types\/post"}],"author":[{"embeddable":true,"href":"https:\/\/www.europesays.com\/it\/wp-json\/wp\/v2\/users\/3"}],"replies":[{"embeddable":true,"href":"https:\/\/www.europesays.com\/it\/wp-json\/wp\/v2\/comments?post=308771"}],"version-history":[{"count":0,"href":"https:\/\/www.europesays.com\/it\/wp-json\/wp\/v2\/posts\/308771\/revisions"}],"wp:featuredmedia":[{"embeddable":true,"href":"https:\/\/www.europesays.com\/it\/wp-json\/wp\/v2\/media\/308772"}],"wp:attachment":[{"href":"https:\/\/www.europesays.com\/it\/wp-json\/wp\/v2\/media?parent=308771"}],"wp:term":[{"taxonomy":"category","embeddable":true,"href":"https:\/\/www.europesays.com\/it\/wp-json\/wp\/v2\/categories?post=308771"},{"taxonomy":"post_tag","embeddable":true,"href":"https:\/\/www.europesays.com\/it\/wp-json\/wp\/v2\/tags?post=308771"}],"curies":[{"name":"wp","href":"https:\/\/api.w.org\/{rel}","templated":true}]}}