{"id":309727,"date":"2026-01-17T00:22:16","date_gmt":"2026-01-17T00:22:16","guid":{"rendered":"https:\/\/www.europesays.com\/it\/309727\/"},"modified":"2026-01-17T00:22:16","modified_gmt":"2026-01-17T00:22:16","slug":"matarrelli-resta-a-bocca-asciutta","status":"publish","type":"post","link":"https:\/\/www.europesays.com\/it\/309727\/","title":{"rendered":"Matarrelli resta a bocca asciutta"},"content":{"rendered":"<p>Il presidente della Regione Puglia Antonio Decaro ha varato la sua Giunta. Tra conferme e nuovi ingressi, guardando Bari da Brindisi, spiccano l&#8217;assenza di assessori del territorio. E salta all&#8217;occhio, soprattutto, il mancato ingresso nella squadra di governo di Toni Matarrelli. E s\u00ec che l&#8217;ex sindaco di Mesagne &#8211; triplice ex: prima della candidatura era anche presidente della Provincia e dell&#8217;Autorit\u00e0 Idrica Pugliese &#8211; aveva da giocare una carta non da poco: le sue <a href=\"https:\/\/www.brindisireport.it\/politica\/elezioni-regionali-2025-candidati-brindisi-eletti.html\" rel=\"nofollow noopener\" target=\"_blank\">quasi 25 mila preferenze<\/a> alle regionali.<\/p>\n<p>Ecco la Giunta varata da Decaro<\/p>\n<p>Il presidente Decaro ha tenuto per s\u00e9 le deleghe Programmazione economico-finanziaria, Enti Locali, Comunicazione istituzionale, Contenzioso. Poi, di seguito, gli assessori. <strong>Cristian Casili<\/strong> (vicepresidente e assessore al Welfare e allo Sport); <strong>Debora Ciliento<\/strong> (Ambiente e al Clima); <strong>Eugenio Di Sciascio<\/strong> (Sviluppo Economico e al Lavoro); <strong>Sebastiano Leo<\/strong> (Bilancio e Personale); <strong>Marina Leuzzi<\/strong> (Urbanistica e Casa); <strong>Silvia Miglietta<\/strong> (Cultura e Conoscenza); <strong>Francesco Paolicelli<\/strong> (Agricoltura e Sviluppo rurale); <strong>Donato Pentassuglia<\/strong> (Salute e Benessere); <strong>Raffaele Piemontese<\/strong> (Infrastrutture e Mobilit\u00e0); <strong>Graziamaria Starace<\/strong> (Turismo e Promozione).<\/p>\n<p>Brindisi di nuovo senza rappresentanza<\/p>\n<p>In quattro hanno gi\u00e0 svolto i ruoli di assessore regionale, bench\u00e9 con deleghe differenti: Pentassuglia, Piemontese, Ciliento e Leo. Guardando alla composizione, quattro fanno riferimento al Partito Democratico (Pentassuglia, Piemontese, Ciliento e Paolicelli), tre vengono dalle civiche (Leo Miglietta e Starace), uno dal Movimento 5 Stelle (Casili) e una da Avs (Leuzzi) e uno dalla societ\u00e0 civile (Di Sciascio). E i territori? Quattro dal Leccese, due da Bari e Foggia, uno da Taranto e dalla Bat. Brindisi, come detto, resta senza rappresentanza in Giunta, chiusa la parentesi di Fabiano Amati (non eletto a questa tornata).<\/p>\n<p><img loading=\"lazy\" decoding=\"async\" style=\"aspect-ratio:600\/352;\" src=\"https:\/\/www.europesays.com\/it\/wp-content\/uploads\/2026\/01\/foto-giunta-regione-puglia-2026.jpeg\" alt=\"Foto giunta Regione Puglia 2026\" width=\"600\" height=\"352\" title=\"Foto giunta Regione Puglia 2026\"\/>Decaro e gli assessoriMatarrelli: potrebbe esserci un premio di consolazione<\/p>\n<p>Come anticipato, Toni Matarrelli \u00e8 fuori. Quando, nel settembre scorso, BrindisiReport gli <a href=\"https:\/\/www.brindisireport.it\/politica\/elezioni-regionali-puglia-2025-situazione-pd-brindisi-matarrelli.html\" rel=\"nofollow noopener\" target=\"_blank\">chiese conferma o meno della sua candidatura alle elezioni regionali<\/a>, magari nel Pd, lui rispose \u201cSono a disposizione, ma non a prescindere\u201d. Traduzione: per candidarmi devo dimettermi da tre cariche, ergo, se mi candido, punto in alto. E infatti i bookmakers lo davano tra i papabili, ma alla fine \u00e8 andata cos\u00ec. Potrebbe fare il presidente del Consiglio regionale, ma \u00e8 un ruolo pi\u00f9 rappresentativo che operativo. Il posto spetterebbe al Pd, decide la segreteria regionale, ma c&#8217;\u00e8 un competitor altrettanto di peso e con una storia pi\u00f9 lunga nel partito: Stefano Minerva.<\/p>\n<p>Il Pd brindisino aveva puntato su di lui<\/p>\n<p>Insomma, il rischio \u00e8 che Matarrelli abbia mollato dopo poco pi\u00f9 di un anno lo scranno di sindaco di Mesagne, oltre alle altre due presidenze, per fare \u201csemplicemente\u201d il consigliere regionale. Nel giugno 2024 i<a href=\"https:\/\/www.brindisireport.it\/politica\/mesagne-dedicato-plebiscito-toni-matarrelli-confermato-sindaco.html\" rel=\"nofollow noopener\" target=\"_blank\">l 95 per cento dei votanti della citt\u00e0 lo proclam\u00f2 primo cittadino.<\/a> Altro che furor di popolo, altro che percentuali bulgare: percentuali mesagnesi. E poi dopo un anno e spicci ha rassegnato le dimissioni. Per candidarsi all&#8217;interno del Pd c&#8217;\u00e8 stata se non una lotta, almeno una baruffa intestina: alla fine l&#8217;hanno spuntata i pro-Matarrelli, forti dell&#8217;assioma che con lui il Pd della provincia di Brindisi avrebbe spuntato tre consiglieri. Ne sono stati eletti due. Altre ambizioni rimandate indietro.<\/p>\n<p>Rimani aggiornato sulle notizie dalla tua provincia iscrivendoti al nostro canale whatsapp: <a href=\"https:\/\/whatsapp.com\/channel\/0029VaKWoMlHVvTdyOiOzY2a\" rel=\"nofollow noopener\" target=\"_blank\">clicca qui<\/a><\/p>\n<p>Seguici gratuitamente anche sul canale Facebook: <a href=\"https:\/\/m.me\/j\/Abampv2kioahdYYR\/?fbclid=IwZXh0bgNhZW0CMTAAAR29fhbvEPBoqO0AXcm08uabvybjbX6Vl8SoolvjtSYOebOXvXAZ-222Rrk_aem_aWYjeKkf52MbBu56JCWyxw\" target=\"_blank\" rel=\"nofollow\">https:\/\/m.me\/j\/Abampv2kioahdYYR\/<\/a><\/p>\n","protected":false},"excerpt":{"rendered":"Il presidente della Regione Puglia Antonio Decaro ha varato la sua Giunta. Tra conferme e nuovi ingressi, guardando&hellip;\n","protected":false},"author":3,"featured_media":309728,"comment_status":"","ping_status":"","sticky":false,"template":"","format":"standard","meta":{"footnotes":"","_share_on_mastodon":"0"},"categories":[79],"tags":[11690,14,93,94,30030,1541,1537,90,89,181921,7,15,10898,111,11,84,91,12,85,92],"class_list":["post-309727","post","type-post","status-publish","format-standard","has-post-thumbnail","category-italia","tag-assessori","tag-cronaca","tag-cronaca-italiana","tag-cronacaitaliana","tag-decaro","tag-giunta","tag-it","tag-italia","tag-italy","tag-matarrelli","tag-news","tag-notizie","tag-puglia","tag-regione","tag-ultime-notizie","tag-ultime-notizie-e-news-di-oggi","tag-ultime-notizie-italia","tag-ultimenotizie","tag-ultimenotizieenewsdioggi","tag-ultimenotizieitalia"],"share_on_mastodon":{"url":"https:\/\/pubeurope.com\/@it\/115907588519885211","error":""},"_links":{"self":[{"href":"https:\/\/www.europesays.com\/it\/wp-json\/wp\/v2\/posts\/309727","targetHints":{"allow":["GET"]}}],"collection":[{"href":"https:\/\/www.europesays.com\/it\/wp-json\/wp\/v2\/posts"}],"about":[{"href":"https:\/\/www.europesays.com\/it\/wp-json\/wp\/v2\/types\/post"}],"author":[{"embeddable":true,"href":"https:\/\/www.europesays.com\/it\/wp-json\/wp\/v2\/users\/3"}],"replies":[{"embeddable":true,"href":"https:\/\/www.europesays.com\/it\/wp-json\/wp\/v2\/comments?post=309727"}],"version-history":[{"count":0,"href":"https:\/\/www.europesays.com\/it\/wp-json\/wp\/v2\/posts\/309727\/revisions"}],"wp:featuredmedia":[{"embeddable":true,"href":"https:\/\/www.europesays.com\/it\/wp-json\/wp\/v2\/media\/309728"}],"wp:attachment":[{"href":"https:\/\/www.europesays.com\/it\/wp-json\/wp\/v2\/media?parent=309727"}],"wp:term":[{"taxonomy":"category","embeddable":true,"href":"https:\/\/www.europesays.com\/it\/wp-json\/wp\/v2\/categories?post=309727"},{"taxonomy":"post_tag","embeddable":true,"href":"https:\/\/www.europesays.com\/it\/wp-json\/wp\/v2\/tags?post=309727"}],"curies":[{"name":"wp","href":"https:\/\/api.w.org\/{rel}","templated":true}]}}